{"id":10012,"date":"2026-05-03T06:42:43","date_gmt":"2026-05-03T04:42:43","guid":{"rendered":"https:\/\/mbsniezna.rzeszow.pl\/?p=10012"},"modified":"2026-05-03T06:42:43","modified_gmt":"2026-05-03T04:42:43","slug":"ogloszenia-5-niedziela-wielkanocna-3-maja-2026-r","status":"publish","type":"post","link":"https:\/\/mbsniezna.rzeszow.pl\/index.php\/2026\/05\/03\/ogloszenia-5-niedziela-wielkanocna-3-maja-2026-r\/","title":{"rendered":"OG\u0141OSZENIA 5 NIEDZIELA WIELKANOCNA 3 maja 2026 r."},"content":{"rendered":"\n<p>1. Dzisiaj nabo\u017ce\u0144stwo majowe w plenerze o godz. 20.00 przy nowym krzy\u017cu na ul. Jana Paw\u0142a II u rodziny Chmiel. Zapraszamy.<\/p>\n\n\n\n<p>2. W tygodniu nabo\u017ce\u0144stwo majowe w ko\u015bciele po Mszy wieczornej, a w plenerze o godz. 20.00 przy kapliczce na ul. Herbowej. W niedziel\u0119 w ko\u015bciele nabo\u017ce\u0144stwo po prymarii.<\/p>\n\n\n\n<p>3. Jutro po Mszy wieczornej spotkanie formacyjne dla r\u00f3\u017cy Jacka Kotuli. W poniedzia\u0142ek 11 maja po Mszy wieczornej zapraszamy r\u00f3\u017c\u0119 \u015bw. Antoniego.<\/p>\n\n\n\n<p>4. We wtorek o 14.00 pogrzeb \u015bp. Emilii Kotula z Pu\u0142anku.<\/p>\n\n\n\n<p>5. We wtorek o 19.00 pr\u00f3ba tych dzieci z klas IV, kt\u00f3re maj\u0105 funkcje na Rocznicy.<\/p>\n\n\n\n<p>6. We wtorek o 19.00 katecheza dla doros\u0142ych.<\/p>\n\n\n\n<p>7. W tym tygodniu rozpoczn\u0105 si\u0119 pr\u00f3by dla dzieci komunijnych z klas III: klasy IIIa i IIIb we \u015brod\u0119 i pi\u0105tek o 19.00, a klasy IIIc i IIId w czwartek o 19.00.<\/p>\n\n\n\n<p>8. We czwartek od 17.15 adoracja i mo\u017cliwo\u015b\u0107 spowiedzi. O 18.00 nabo\u017ce\u0144stwo majowe.<\/p>\n\n\n\n<p>9. We czwartek o 19.00 w salce zbi\u00f3rka ministrant\u00f3w<\/p>\n\n\n\n<p>10. W pi\u0105tek uroczysto\u015b\u0107 \u015bw. Stanis\u0142aw &#8211; biskupa i m\u0119czennika, patrona Polski.<\/p>\n\n\n\n<p>11. W pi\u0105tek w godzinach od 16.00 do 18.00 spowied\u017a dzieci klas IV przed Rocznic\u0105.<\/p>\n\n\n\n<p>12. W pi\u0105tek spotkania oazy: 16.30 m\u0142odsza, 19.00 starsza.<\/p>\n\n\n\n<p>13. W sobot\u0119 o 9.00 wyjazd m\u0142odzie\u017cy z oazy na kr\u0119gle. Zapisy i zgody w zakrystii do 5 maja. Cena 15 z\u0142.<\/p>\n\n\n\n<p>14. W przysz\u0142\u0105 niedziel\u0119 o 5.00 wyjazd pielgrzymki do Wadowic i Kalwarii Zebrzydowskiej. Prosimy, aby do pi\u0105tku uregulowa\u0107 wp\u0142aty w zakrystii.<\/p>\n\n\n\n<p>15. W przysz\u0142\u0105 niedziel\u0119 na Mszy o 9.00 modli\u0107 si\u0119 b\u0119dziemy za strzelca budziwojskiego Juliana B\u0142a\u017ceja, a o 12.00 Rocznica I Komunii \u015bw. dzieci z klas IV.<\/p>\n\n\n\n<p>16. W przysz\u0142\u0105 niedziel\u0119 nabo\u017ce\u0144stwo majowe w plenerze o godz. 20.00 przy kapliczce Matki Bo\u017cej Szkaplerznej u rodziny Kotul\u00f3w na ul. Karmelickiej, natomiast w niedziel\u0119 17 maja przy kapliczce u rodziny Szwed na ul. Miejskiej.<\/p>\n\n\n\n<p>17. Zapowiedzi: Filip Lewandowski i Julia Lasocha, Kacper Bury i Julia Baran (zap. I), Mi\u0142osz Walter i Marcelina Kinasz, Tomasz Tasz i Natalia Chyna\u0142 (zap. III).<\/p>\n\n\n\n<p>18. B\u00f3g zap\u0142a\u0107 za ofiary na sprz\u0105tanie ko\u015bcio\u0142a. Rozpoczynamy now\u0105 kolejk\u0119. W tym tygodniu prosimy rodziny z ul. Herbowej, numery parzyste od 6 do 40: 6, 10b, 10c, 10d, 12b, 12c, 16, 18, 20, 24, 26, 28, 28a, 30, 36, 38, 40.<\/p>\n\n\n\n<p>19. W niedziel\u0119 17 maja godz. 16.00 w Hali Podpromie b\u0119dzie charytatywny koncert Ma\u0142ej Armii Janosika pt. \u201eNajwi\u0119ksza g\u00f3ralska maj\u00f3wka\u201d. Szczeg\u00f3\u0142y na plakacie i FB.<\/p>\n\n\n\n<p>20. Katolickie Stowarzyszenie M\u0142odzie\u017cy Diecezji Rzeszowskiej podczas wakacji organizuje r\u00f3\u017cne atrakcyjne formy wypoczynku dla m\u0142odzie\u017cy. Szczeg\u00f3\u0142y na plakatach i FB.<\/p>\n","protected":false},"excerpt":{"rendered":"<p>&#8230;<\/p>\n","protected":false},"author":1,"featured_media":8276,"comment_status":"closed","ping_status":"","sticky":false,"template":"","format":"standard","meta":{"ngg_post_thumbnail":0,"footnotes":""},"categories":[13],"tags":[],"class_list":["post-10012","post","type-post","status-publish","format-standard","has-post-thumbnail","hentry","category-newsy"],"_links":{"self":[{"href":"https:\/\/mbsniezna.rzeszow.pl\/index.php\/wp-json\/wp\/v2\/posts\/10012","targetHints":{"allow":["GET"]}}],"collection":[{"href":"https:\/\/mbsniezna.rzeszow.pl\/index.php\/wp-json\/wp\/v2\/posts"}],"about":[{"href":"https:\/\/mbsniezna.rzeszow.pl\/index.php\/wp-json\/wp\/v2\/types\/post"}],"author":[{"embeddable":true,"href":"https:\/\/mbsniezna.rzeszow.pl\/index.php\/wp-json\/wp\/v2\/users\/1"}],"replies":[{"embeddable":true,"href":"https:\/\/mbsniezna.rzeszow.pl\/index.php\/wp-json\/wp\/v2\/comments?post=10012"}],"version-history":[{"count":1,"href":"https:\/\/mbsniezna.rzeszow.pl\/index.php\/wp-json\/wp\/v2\/posts\/10012\/revisions"}],"predecessor-version":[{"id":10013,"href":"https:\/\/mbsniezna.rzeszow.pl\/index.php\/wp-json\/wp\/v2\/posts\/10012\/revisions\/10013"}],"wp:featuredmedia":[{"embeddable":true,"href":"https:\/\/mbsniezna.rzeszow.pl\/index.php\/wp-json\/wp\/v2\/media\/8276"}],"wp:attachment":[{"href":"https:\/\/mbsniezna.rzeszow.pl\/index.php\/wp-json\/wp\/v2\/media?parent=10012"}],"wp:term":[{"taxonomy":"category","embeddable":true,"href":"https:\/\/mbsniezna.rzeszow.pl\/index.php\/wp-json\/wp\/v2\/categories?post=10012"},{"taxonomy":"post_tag","embeddable":true,"href":"https:\/\/mbsniezna.rzeszow.pl\/index.php\/wp-json\/wp\/v2\/tags?post=10012"}],"curies":[{"name":"wp","href":"https:\/\/api.w.org\/{rel}","templated":true}]}}