{"id":10014,"date":"2026-05-03T06:43:53","date_gmt":"2026-05-03T04:43:53","guid":{"rendered":"https:\/\/mbsniezna.rzeszow.pl\/?p=10014"},"modified":"2026-05-03T06:43:53","modified_gmt":"2026-05-03T04:43:53","slug":"intencje-mszalne-4-10-maja-2026-r","status":"publish","type":"post","link":"https:\/\/mbsniezna.rzeszow.pl\/index.php\/2026\/05\/03\/intencje-mszalne-4-10-maja-2026-r\/","title":{"rendered":"INTENCJE MSZALNE 4 \u2013 10 MAJA 2026 R."},"content":{"rendered":"\n<p>Poniedzia\u0142ek 4 maja<\/p>\n\n\n\n<p>7.00 +Zofia Jarosz<\/p>\n\n\n\n<p>18.00 ++ z rodzin Buczek, Zieli\u0144ski, Linger i Zarzecki<\/p>\n\n\n\n<p>18.00 +Czes\u0142awa, +Stanis\u0142aw Trojan<\/p>\n\n\n\n<p>*+Tadeusz Borowiec (4)<\/p>\n\n\n\n<p>*+Stanis\u0142awa Tobiasz od chrze\u015bnicy Reginy (Papua Nowa Gwinea)<\/p>\n\n\n\n<p>*+Mieczys\u0142aw \u017burek od rodziny Kap\u0142on (RPA)<\/p>\n\n\n\n<p>*+Zofia Bomba od Jana Warzochy (Mo\u0142dawia)<\/p>\n\n\n\n<p>Wtorek 5 maja<\/p>\n\n\n\n<p>7.00 +Zofia Jarosz<\/p>\n\n\n\n<p>7.00 +Roman Szrwczyk<\/p>\n\n\n\n<p>18.00 +Kazimiera, +Augustyn Piekie\u0142ek, +Bronis\u0142aw, +Stanis\u0142awa Dziedzic<\/p>\n\n\n\n<p>18.00 +Tadeusz B\u0142o\u0144ski<\/p>\n\n\n\n<p>*+Tadeusz Borowiec (5)<\/p>\n\n\n\n<p>*+Waldemar Matejek od Krystyny Kloc (Papua Nowa Gwinea)<\/p>\n\n\n\n<p>*+Danuta Ka\u0142ucka od Kliniki Onkologii w Rzeszowie (RPA)<\/p>\n\n\n\n<p>*+Edward Starzak od kole\u017canek c\u00f3rki Joanny (Mo\u0142dawia)<\/p>\n\n\n\n<p>\u015aroda 6 maja<\/p>\n\n\n\n<p>7.00 +Zofia Jarosz<\/p>\n\n\n\n<p>7.00 +Roman Markiewicz<\/p>\n\n\n\n<p>18.00 +Stanis\u0142aw Ba\u0142a, ++ z rodziny<\/p>\n\n\n\n<p>18.00 +Krystyna, +Tadeusz Kawalec<\/p>\n\n\n\n<p>18.00 +Helena, +Stanis\u0142aw Guzik<\/p>\n\n\n\n<p>*+Tadeusz Borowiec (6)<\/p>\n\n\n\n<p>*+Zdzis\u0142aw Tabisz od Danuty Pa\u015bkiewicz (Papua Nowa Gwinea)<\/p>\n\n\n\n<p>*+Janusz Mucha od Zespo\u0142u Sztajerek (RPA)<\/p>\n\n\n\n<p>*+Anna Borowiec od swatowej z Siedlisk (Mo\u0142dawia)<\/p>\n\n\n\n<p>Czwartek 7 maja<\/p>\n\n\n\n<p>7.00 +Zofia Jarosz<\/p>\n\n\n\n<p>18.00 Dzi\u0119kczynno-b\u0142agalna w 22 rocznic\u0119 \u015blubu<\/p>\n\n\n\n<p>18.00 +Stanis\u0142aw Gliwa, +Zofia (44 rocz.), ++ z rodziny<\/p>\n\n\n\n<p>18.00 +Stanis\u0142aw Tabor, ++ z rodziny<\/p>\n\n\n\n<p>*+Tadeusz Borowiec (7)<\/p>\n\n\n\n<p>*+Helena Biestek od swatowej Stefanii Wiater (Papua Nowa Gwinea)<\/p>\n\n\n\n<p>*+Bogus\u0142awa Jamr\u00f3z od Zdzis\u0142awa Jamr\u00f3z z rodzin\u0105 (RPA)<\/p>\n\n\n\n<p>*+Jan Gunia od Biura Rozwoju Miasta Rzeszowa (Mo\u0142dawia)<\/p>\n\n\n\n<p>Pi\u0105tek 8 maja<\/p>\n\n\n\n<p>7.00 +Zofia Jarosz<\/p>\n\n\n\n<p>7.00 +Pawe\u0142 G\u0142owiak od Agnieszki i Andrzeja Tadla<\/p>\n\n\n\n<p>18.00 Dzi\u0119kczynna i o Bo\u017ce b\u0142og. dla Antoniego i Natalii i o szcz\u0119\u015bliwe rozwi\u0105zanie dla Natalii<\/p>\n\n\n\n<p>18.00 O zdrowie i b\u0142ogos\u0142awie\u0144stwo Bo\u017ce dla Stanis\u0142awy w dniu imienin<\/p>\n\n\n\n<p>*+Tadeusz Borowiec (<img loading=\"lazy\" decoding=\"async\" height=\"16\" width=\"16\" alt=\"\ud83d\ude0e\" src=\"https:\/\/static.xx.fbcdn.net\/images\/emoji.php\/v9\/t83\/1\/16\/1f60e.png\"><\/p>\n\n\n\n<p>*+Robert R\u0105czka od wsp\u00f3\u0142pracownik\u00f3w z Firmy BSH (Papua Nowa Gwinea)<\/p>\n\n\n\n<p>*+Edward Mazur od wnuk\u00f3w (RPA)<\/p>\n\n\n\n<p>*+Eugeniusz W\u00f3jcik od pracownik\u00f3w \u017b\u0142obka Nr 7 (Mo\u0142dawia)<\/p>\n\n\n\n<p>Sobota 9 maja<\/p>\n\n\n\n<p>7.00 +o. Adam, +Janina, +Marian Kotula<\/p>\n\n\n\n<p>7.00 +Andrzej, +Apolonia Marciniec<\/p>\n\n\n\n<p>18.00 O Bo\u017ce b\u0142og. dla stra\u017cak\u00f3w i ich rodzin z jednostek OSP Budziw\u00f3j i OSP D\u0119bina<\/p>\n\n\n\n<p>18.00 +Zofia Jarosz<\/p>\n\n\n\n<p>18.00 +Stanis\u0142aw, +Zofia Szczypek<\/p>\n\n\n\n<p>18.00 +Stanis\u0142aw, +Wiktoria Zych, ++ z rodziny<\/p>\n\n\n\n<p>*+Tadeusz Borowiec (9)<\/p>\n\n\n\n<p>*+Andrzej Malak od rodziny Rzeszutek (Papua Nowa Gwinea)<\/p>\n\n\n\n<p>*+Zofia Borowiec od rodziny Nowickich (RPA)<\/p>\n\n\n\n<p>*+Bronis\u0142awa Kawa od Alicji i Zdzis\u0142awa Myrda ze Siedlisk (Mo\u0142dawia)<\/p>\n\n\n\n<p>Niedziela 10 maja<\/p>\n\n\n\n<p>7.00 ++ z rodziny Jacek<\/p>\n\n\n\n<p>9.00 +strzelec Julian B\u0142a\u017cej<\/p>\n\n\n\n<p>9.00 +Maria, +Antoni Kawa, +Micha\u0142 Gawe\u0142<\/p>\n\n\n\n<p>*+Tadeusz Borowiec (10)<\/p>\n\n\n\n<p>*+Zygmunt Hydzik od El\u017cbiety i Marka z rodzin\u0105 (Papua Nowa Gwinea)<\/p>\n\n\n\n<p>*+Stanis\u0142aw Mazur od Marty i Stanis\u0142awa \u017bmuda (RPA)<\/p>\n\n\n\n<p>*+Leszek Wo\u017aniak od s\u0105siad\u00f3w (Mo\u0142dawia)<\/p>\n\n\n\n<p>10.30 Dzi\u0119kczynna i o Bo\u017ce b\u0142ogos\u0142awie\u0144stwo dla Jadwigi i S\u0142awomira<\/p>\n\n\n\n<p>10.30 +Stanis\u0142aw, +Anna Dudek, ++ z rodziny<\/p>\n\n\n\n<p>12.00 Za parafian \u2013 rocznica I Komunii<\/p>\n\n\n\n<p>16.00 +Zofia Jarosz<\/p>\n\n\n\n<p>18.00 +Julia, +J\u00f3zef Pa\u015bko od wnuczki Bo\u017cen<\/p>\n","protected":false},"excerpt":{"rendered":"<p>&#8230;<\/p>\n","protected":false},"author":1,"featured_media":7666,"comment_status":"closed","ping_status":"","sticky":false,"template":"","format":"standard","meta":{"ngg_post_thumbnail":0,"footnotes":""},"categories":[13],"tags":[],"class_list":["post-10014","post","type-post","status-publish","format-standard","has-post-thumbnail","hentry","category-newsy"],"_links":{"self":[{"href":"https:\/\/mbsniezna.rzeszow.pl\/index.php\/wp-json\/wp\/v2\/posts\/10014","targetHints":{"allow":["GET"]}}],"collection":[{"href":"https:\/\/mbsniezna.rzeszow.pl\/index.php\/wp-json\/wp\/v2\/posts"}],"about":[{"href":"https:\/\/mbsniezna.rzeszow.pl\/index.php\/wp-json\/wp\/v2\/types\/post"}],"author":[{"embeddable":true,"href":"https:\/\/mbsniezna.rzeszow.pl\/index.php\/wp-json\/wp\/v2\/users\/1"}],"replies":[{"embeddable":true,"href":"https:\/\/mbsniezna.rzeszow.pl\/index.php\/wp-json\/wp\/v2\/comments?post=10014"}],"version-history":[{"count":1,"href":"https:\/\/mbsniezna.rzeszow.pl\/index.php\/wp-json\/wp\/v2\/posts\/10014\/revisions"}],"predecessor-version":[{"id":10015,"href":"https:\/\/mbsniezna.rzeszow.pl\/index.php\/wp-json\/wp\/v2\/posts\/10014\/revisions\/10015"}],"wp:featuredmedia":[{"embeddable":true,"href":"https:\/\/mbsniezna.rzeszow.pl\/index.php\/wp-json\/wp\/v2\/media\/7666"}],"wp:attachment":[{"href":"https:\/\/mbsniezna.rzeszow.pl\/index.php\/wp-json\/wp\/v2\/media?parent=10014"}],"wp:term":[{"taxonomy":"category","embeddable":true,"href":"https:\/\/mbsniezna.rzeszow.pl\/index.php\/wp-json\/wp\/v2\/categories?post=10014"},{"taxonomy":"post_tag","embeddable":true,"href":"https:\/\/mbsniezna.rzeszow.pl\/index.php\/wp-json\/wp\/v2\/tags?post=10014"}],"curies":[{"name":"wp","href":"https:\/\/api.w.org\/{rel}","templated":true}]}}