{"id":10086,"date":"2026-09-06T06:39:20","date_gmt":"2026-09-06T04:39:20","guid":{"rendered":"https:\/\/mbsniezna.rzeszow.pl\/?p=10086"},"modified":"2026-09-06T06:39:20","modified_gmt":"2026-09-06T04:39:20","slug":"xxiii-niedziela-zwykla-6-wrzesnia-2026-r","status":"publish","type":"post","link":"https:\/\/mbsniezna.rzeszow.pl\/index.php\/2026\/09\/06\/xxiii-niedziela-zwykla-6-wrzesnia-2026-r\/","title":{"rendered":"XXIII NIEDZIELA ZWYK\u0141A \u2013 6 WRZE\u015aNIA 2026 R."},"content":{"rendered":"\n<p class=\"wp-block-paragraph\">1. We wtorek \u015bwi\u0119to Matki Bo\u017cej Siewnej. Na Mszy wieczornej po\u015bwi\u0119cenia ziarna.<\/p>\n\n\n\n<p class=\"wp-block-paragraph\">2. We wtorek o 19.00 katecheza dla doros\u0142ych. Zapraszamy.<\/p>\n\n\n\n<p class=\"wp-block-paragraph\">3. We \u015brod\u0119 nowenna do Matki Bo\u017cej \u015anie\u017cnej.<\/p>\n\n\n\n<p class=\"wp-block-paragraph\">4. We czwartek od 17.15 adoracja i mo\u017cliwo\u015b\u0107 spowiedzi.<\/p>\n\n\n\n<p class=\"wp-block-paragraph\">5. We czwartek przypada 3 rocznica beatyfikacji rodziny Ulm\u00f3w. Na zako\u0144czenie adoracji modlitwy za ich wstawiennictwem w intencji naszych rodzin oraz odczytanie pr\u00f3\u015bb i podzi\u0119kowa\u0144, kt\u00f3re na kartkach prosimy sk\u0142ada\u0107 do skrzynki pod ich obrazem. Po Mszy \u015bw. b\u0119dzie indywidualne b\u0142ogos\u0142awie\u0144stwo relikwiami Ulm\u00f3w.<\/p>\n\n\n\n<p class=\"wp-block-paragraph\">6. We czwartek o 19.00 zbi\u00f3rka wszystkich ministrant\u00f3w.<\/p>\n\n\n\n<p class=\"wp-block-paragraph\">7. W pi\u0105tek w naszej parafii przypada diecezjalna adoracja Naj\u015bwi\u0119tszego Sakramentu. Zapraszamy od 17.15. Zapraszamy cz\u0142onk\u00f3w Koronki za Konaj\u0105cych. Za konaj\u0105cych pomodlimy si\u0119 wsp\u00f3lnie na zako\u0144czenie adoracji.<\/p>\n\n\n\n<p class=\"wp-block-paragraph\">8. W pi\u0105tek spotkania oazy: 16.30 m\u0142odsza, 19.00 starsza. Zapraszamy.<\/p>\n\n\n\n<p class=\"wp-block-paragraph\">9. W sobot\u0119 o 10.00 pr\u00f3ba scholi. Zapraszamy wszystkie scholanki oraz nowe dziewczyny od klasy III.<\/p>\n\n\n\n<p class=\"wp-block-paragraph\">10. W sobot\u0119 w parafiach miasta Rzeszowa Uroczysto\u015b\u0107 Matki Bo\u017cej Rzeszowskiej.<\/p>\n\n\n\n<p class=\"wp-block-paragraph\">11. W przysz\u0142\u0105 niedziel\u0119 prze\u017cywa\u0107 b\u0119dziemy jubileusz 50-lecia przybycia do naszej parafii Si\u00f3str Franciszkanek Rodziny Maryi. Centralne uroczysto\u015bci b\u0119d\u0105 na Mszy o godz. 12.00. Obecna b\u0119dzie matka generalna Zgromadzenia i matka prowincjalna, niekt\u00f3re siostry co pracowa\u0142y w parafii oraz siostry rodaczki i ksi\u0119\u017ca rodacy. Dzi\u0119kowa\u0107 b\u0119dziemy Bogu za pos\u0142ugiwanie si\u00f3str w naszej parafii.<\/p>\n\n\n\n<p class=\"wp-block-paragraph\">12. Z okazji jubileuszu si\u00f3str zosta\u0142a wydana ksi\u0105\u017cka, kt\u00f3ra prezentuje moment ich przybycia, r\u00f3\u017cne formy pracy, czas odej\u015bcia i powrotu. Jest du\u017co tre\u015bci odno\u015bnie przedszkola i scholii. Ksi\u0105\u017ck\u0119, kt\u00f3rej autork\u0105 jest s. Danuta Fudali, mo\u017cemy nabywa\u0107 w cenie 20 z\u0142 u pana szafarza, kt\u00f3ry ma stanowisko miedzy \u0142awkami.<\/p>\n\n\n\n<p class=\"wp-block-paragraph\">13. Diecezja nasza przez modlitw\u0119 przygotowuje si\u0119 do peregrynacji obrazu Matki Bo\u017cej Cz\u0119stochowskiej, kt\u00f3ra rozpocznie si\u0119 w maju 2027 r. Ka\u017cdy jest zaproszony do modlitwy w tej intencji. Szczeg\u00f3lne zaproszenie kierujemy do r\u00f3\u017c r\u00f3\u017ca\u0144cowych. W tym miesi\u0105cu t\u0119 modlitw\u0119 powierzamy m\u0119skiej r\u00f3\u017cy \u015bw. Antoniego.<\/p>\n\n\n\n<p class=\"wp-block-paragraph\">14. Prosimy tych uczni\u00f3w klas VIII z naszej parafii, kt\u00f3rzy ucz\u0119szczaj\u0105 do szk\u00f3\u0142 poza parafi\u0105, aby zapisali si\u0119 na bezpo\u015brednie przygotowania do bierzmowania w naszej parafii. Nale\u017cy to uczyni\u0107 do po\u0142owy wrze\u015bnia. Zapisujemy si\u0119 drog\u0105 internetow\u0105. Link podany jest na FB parafii.<\/p>\n\n\n\n<p class=\"wp-block-paragraph\">15. Prze\u017cywamy Rok \u015aw. Franciszka. Pod koniec wrze\u015bnia b\u0119d\u0105 w naszej parafii internetowe rekolekcje ze \u015bw. Franciszkiem. W ramach przygotowania zapraszamy na kolejny filmik: \u201e\u015awi\u0119ty Franciszek w \u015bwiecie grzech\u00f3w pojawia si\u0119 i zmienia losy Ko\u015bcio\u0142a\u201d. Jest na naszym FB.<\/p>\n\n\n\n<p class=\"wp-block-paragraph\">16. Zapowiedzi: Kamil P\u0119pek i Karolina Czerwi\u0144ska (zap. I).<\/p>\n\n\n\n<p class=\"wp-block-paragraph\">17. B\u00f3g zap\u0142a\u0107 za ofiary na sprz\u0105tanie ko\u015bcio\u0142a. W tym tygodniu prosimy rodziny z ul. Jana Paw\u0142a II domki jednorodzinne numery parzyste od 44 do 148.<\/p>\n\n\n\n<p class=\"wp-block-paragraph\">18. Jest nowy numer darmowej gazety \u201eDobre nowiny\u201d \u2013 zapraszamy do lektury.<\/p>\n\n\n\n<p class=\"wp-block-paragraph\">19. Od 11 wrze\u015bnia w kinach b\u0119dzie wy\u015bwietlany film \u201eMistyczka\u201d. Szczeg\u00f3\u0142y na FB.<\/p>\n\n\n\n<p class=\"wp-block-paragraph\">20. W pi\u0105tek 11 wrze\u015bnia w Ogrodach Bernardy\u0144skich spotkanie dla m\u0142odzie\u017cy miasta Rzeszowa. Szczeg\u00f3\u0142y na FB.<\/p>\n\n\n\n<p class=\"wp-block-paragraph\">21. W sobot\u0119 19 wrze\u015bnia jest parafialny wyjazd do Warszawy. Jest jeszcze kilka wolnych miejsc. Szczeg\u00f3\u0142y i zapisy i pani Joanny pod telefonem 693 070 002.<\/p>\n\n\n\n<p class=\"wp-block-paragraph\">22. Rzeszowski Dom Kultury zaprasza na r\u00f3\u017cne zaj\u0119cia. Zapisy w Domu Kultury Country w pi\u0105tek 11 wrze\u015bnia od 17.00 do 19.00 oraz w Domu Kultury Budziw\u00f3j w poniedzia\u0142ek 14 wrze\u015bnia od 17.00 do 19.00. Szczeg\u00f3\u0142y na FB.<\/p>\n","protected":false},"excerpt":{"rendered":"<p>&#8230;<\/p>\n","protected":false},"author":1,"featured_media":0,"comment_status":"closed","ping_status":"","sticky":false,"template":"","format":"standard","meta":{"ngg_post_thumbnail":0,"footnotes":""},"categories":[13],"tags":[],"class_list":["post-10086","post","type-post","status-publish","format-standard","hentry","category-newsy"],"_links":{"self":[{"href":"https:\/\/mbsniezna.rzeszow.pl\/index.php\/wp-json\/wp\/v2\/posts\/10086","targetHints":{"allow":["GET"]}}],"collection":[{"href":"https:\/\/mbsniezna.rzeszow.pl\/index.php\/wp-json\/wp\/v2\/posts"}],"about":[{"href":"https:\/\/mbsniezna.rzeszow.pl\/index.php\/wp-json\/wp\/v2\/types\/post"}],"author":[{"embeddable":true,"href":"https:\/\/mbsniezna.rzeszow.pl\/index.php\/wp-json\/wp\/v2\/users\/1"}],"replies":[{"embeddable":true,"href":"https:\/\/mbsniezna.rzeszow.pl\/index.php\/wp-json\/wp\/v2\/comments?post=10086"}],"version-history":[{"count":1,"href":"https:\/\/mbsniezna.rzeszow.pl\/index.php\/wp-json\/wp\/v2\/posts\/10086\/revisions"}],"predecessor-version":[{"id":10087,"href":"https:\/\/mbsniezna.rzeszow.pl\/index.php\/wp-json\/wp\/v2\/posts\/10086\/revisions\/10087"}],"wp:attachment":[{"href":"https:\/\/mbsniezna.rzeszow.pl\/index.php\/wp-json\/wp\/v2\/media?parent=10086"}],"wp:term":[{"taxonomy":"category","embeddable":true,"href":"https:\/\/mbsniezna.rzeszow.pl\/index.php\/wp-json\/wp\/v2\/categories?post=10086"},{"taxonomy":"post_tag","embeddable":true,"href":"https:\/\/mbsniezna.rzeszow.pl\/index.php\/wp-json\/wp\/v2\/tags?post=10086"}],"curies":[{"name":"wp","href":"https:\/\/api.w.org\/{rel}","templated":true}]}}