{"id":10088,"date":"2026-09-06T06:41:17","date_gmt":"2026-09-06T04:41:17","guid":{"rendered":"https:\/\/mbsniezna.rzeszow.pl\/?p=10088"},"modified":"2026-09-06T06:41:17","modified_gmt":"2026-09-06T04:41:17","slug":"intencje-mszalne-od-7-do-13-wrzesnia-2026-r","status":"publish","type":"post","link":"https:\/\/mbsniezna.rzeszow.pl\/index.php\/2026\/09\/06\/intencje-mszalne-od-7-do-13-wrzesnia-2026-r\/","title":{"rendered":"INTENCJE MSZALNE OD 7 DO 13 WRZE\u015aNIA 2026 R."},"content":{"rendered":"\n<p class=\"wp-block-paragraph\">Poniedzia\u0142ek 7 wrze\u015bnia<\/p>\n\n\n\n<p class=\"wp-block-paragraph\">7.00 ++dusze w czy\u015b\u0107cu cierpi\u0105ce<\/p>\n\n\n\n<p class=\"wp-block-paragraph\">7.00 +Zdzis\u0142aw Tabisz od Gra\u017cyny i Wojciecha Wo\u017anica<\/p>\n\n\n\n<p class=\"wp-block-paragraph\">7.00 +Andrzej Malak od kole\u017canek i koleg\u00f3w absolwent\u00f3w Szko\u0142y Podstawowej w Budziwoju<\/p>\n\n\n\n<p class=\"wp-block-paragraph\">18.00 O Bo\u017ce b\u0142ogos\u0142awie\u0144stwo dla Miko\u0142aja w 3 urodziny<\/p>\n\n\n\n<p class=\"wp-block-paragraph\">18.00 +Antonina, +J\u00f3zef Sieradzki<\/p>\n\n\n\n<p class=\"wp-block-paragraph\">*+Dzi\u0119kczynna za \u017cycie Krzysia Florasa, o Bo\u017ce b\u0142og. dla rodzic\u00f3w, si\u00f3str i dziadk\u00f3w od Alicji i Zdzis\u0142awa Myrda (Syberia)<\/p>\n\n\n\n<p class=\"wp-block-paragraph\">*+Zofia, +Tomasz Matu\u0142a (7)<\/p>\n\n\n\n<p class=\"wp-block-paragraph\">*+Teofila Giba\u0142a od Dariusza Pa\u015bko z rodzin\u0105 (Papua); *+Emilia Ko\u015bci\u00f3\u0142ek od Romana Janda z rodzin\u0105 (RPA)<\/p>\n\n\n\n<p class=\"wp-block-paragraph\">Wtorek 8 wrze\u015bnia<\/p>\n\n\n\n<p class=\"wp-block-paragraph\">7.00 O Bo\u017ce b\u0142ogos\u0142awie\u0144stwo i opiek\u0119 i Matki Bo\u017cej dla Marii Tabor<\/p>\n\n\n\n<p class=\"wp-block-paragraph\">7.00 Dzi\u0119kczynna za b\u0142ogos\u0142awie\u0144stwo w dniu urodzin dla Wies\u0142awa<\/p>\n\n\n\n<p class=\"wp-block-paragraph\">18.00 +Helena Jacek<\/p>\n\n\n\n<p class=\"wp-block-paragraph\">18.00 +Bronis\u0142aw Krasowski, +Anna<\/p>\n\n\n\n<p class=\"wp-block-paragraph\">18.00 +Katarzyna Pr\u0119dka (7 rocz.)<\/p>\n\n\n\n<p class=\"wp-block-paragraph\">*+Dzi\u0119kczynna za \u017cycie Krzysia Florasa oraz o Bo\u017ce b\u0142ogos\u0142awie\u0144stwo dla rodzic\u00f3w, si\u00f3str i dziadk\u00f3w od kole\u017canki Eweliny z rodzin\u0105 (Sybria)<\/p>\n\n\n\n<p class=\"wp-block-paragraph\">*+Zofia, +Tomasz Matu\u0142a (<img loading=\"lazy\" decoding=\"async\" height=\"16\" width=\"16\" alt=\"\ud83d\ude0e\" src=\"https:\/\/static.xx.fbcdn.net\/images\/emoji.php\/v9\/t83\/1\/16\/1f60e.png\"><\/p>\n\n\n\n<p class=\"wp-block-paragraph\">*+Janusz Mucha od Zespo\u0142u Sztajerek (Papua); *+Stanis\u0142aw Chmiel od Wandy Ziemniak (RPA)<\/p>\n\n\n\n<p class=\"wp-block-paragraph\">\u015aroda 9 wrze\u015bnia<\/p>\n\n\n\n<p class=\"wp-block-paragraph\">7.00 +Barbara<\/p>\n\n\n\n<p class=\"wp-block-paragraph\">7.00 +Andrzej Malak od kole\u017canek i koleg\u00f3w z Zak\u0142adu Odbioru Odpad\u00f3w<\/p>\n\n\n\n<p class=\"wp-block-paragraph\">18.00 +Janusz Mucha (1 rocz.)<\/p>\n\n\n\n<p class=\"wp-block-paragraph\">18.00 +J\u00f3zef Matu\u0142a, +Eugenia<\/p>\n\n\n\n<p class=\"wp-block-paragraph\">18.00 +Katarzyna Pr\u0119dka, +Stefania Borowiec<\/p>\n\n\n\n<p class=\"wp-block-paragraph\">*+Dzi\u0119kczynna za \u017cycie Krzysia Florasa oraz o Bo\u017ce b\u0142ogos\u0142awie\u0144stwo dla rodzic\u00f3w, si\u00f3str i dziadk\u00f3w od uczni\u00f3w klasy IIIa z wychowawczyni\u0105 (Syberia)<\/p>\n\n\n\n<p class=\"wp-block-paragraph\">*+Zofia, +Tomasz Matu\u0142a (9)<\/p>\n\n\n\n<p class=\"wp-block-paragraph\">*+Janusz G\u0142odowski od W\u0142adys\u0142awa Pa\u015bkiewicz (Papua); *+W\u0142adys\u0142aw Borowiec od Czes\u0142awa Kozika (RPA)<\/p>\n\n\n\n<p class=\"wp-block-paragraph\">Czwartek 10 wrze\u015bnia<\/p>\n\n\n\n<p class=\"wp-block-paragraph\">7.00 ++ z rodzin Maczuga, Wieliczko, \u0141asocha i Muce<\/p>\n\n\n\n<p class=\"wp-block-paragraph\">7.00 +Anatol Pitera od Bo\u017ceny \u017bar\u00f3w z rodzin\u0105<\/p>\n\n\n\n<p class=\"wp-block-paragraph\">18.00 O b\u0142ogos\u0142awie\u0144stwo Bozie dla Adama w jego urodziny<\/p>\n\n\n\n<p class=\"wp-block-paragraph\">18.00 +Anna, +Karol Mazur, ++ z rodziny<\/p>\n\n\n\n<p class=\"wp-block-paragraph\">18.00 +Janina, +Stefan, +Wac\u0142aw<\/p>\n\n\n\n<p class=\"wp-block-paragraph\">*+Dzi\u0119kczynna za \u017cycie Krzysia Florasa oraz o Bo\u017ce b\u0142ogos\u0142awie\u0144stwo dla rodzic\u00f3w, si\u00f3str i dziadk\u00f3w od Anny i Wac\u0142awa B\u0105k z rodzin\u0105 (Syberia)<\/p>\n\n\n\n<p class=\"wp-block-paragraph\">*+Zofia, +Tomasz Matu\u0142a (10)<\/p>\n\n\n\n<p class=\"wp-block-paragraph\">*+Izabela Pa\u015bko od Cecylii Otwinowskiej (Papua); *+Wies\u0142awa Jakubiec od Rados\u0142awy Jakubiec (RPA)<\/p>\n\n\n\n<p class=\"wp-block-paragraph\">Pi\u0105tek 11 wrze\u015bnia<\/p>\n\n\n\n<p class=\"wp-block-paragraph\">7.00 O potrzebne \u0142aski dla Sary<\/p>\n\n\n\n<p class=\"wp-block-paragraph\">7.00 +Andrzej Malak od Marzeny i Dariusza Syno\u015b<\/p>\n\n\n\n<p class=\"wp-block-paragraph\">18.00 +Jan Rozmus (7 rocz.)<\/p>\n\n\n\n<p class=\"wp-block-paragraph\">18.00 +Maria, Gustaw Kukla (5 rocz.)<\/p>\n\n\n\n<p class=\"wp-block-paragraph\">*+Dzi\u0119kczynna za \u017cycie Krzysia Florasa oraz o Bo\u017ce b\u0142ogos\u0142awie\u0144stwo dla rodzic\u00f3w, si\u00f3str i dziadk\u00f3w od Micha\u0142a i Anny Weron (Syberia)<\/p>\n\n\n\n<p class=\"wp-block-paragraph\">*+Zofia, +Tomasz Matu\u0142a (11)<\/p>\n\n\n\n<p class=\"wp-block-paragraph\">*+Ryszard Mi\u0105sik od rodziny Le\u015bniak\u00f3w (Papua); *+Mieczys\u0142aw \u017burek od rodziny Lassot\u00f3w (RPA)<\/p>\n\n\n\n<p class=\"wp-block-paragraph\">Sobota 12 wrze\u015bnia<\/p>\n\n\n\n<p class=\"wp-block-paragraph\">7.00 +Anatol Pitera od \u017cony Zofii<\/p>\n\n\n\n<p class=\"wp-block-paragraph\">7.00 +Zdzis\u0142aw Tabisz od syna Jacka<\/p>\n\n\n\n<p class=\"wp-block-paragraph\">7.00 +Andrzej Malak od kole\u017canek i koleg\u00f3w c\u00f3rki Klaudii ze Szko\u0142y Podstawowej<\/p>\n\n\n\n<p class=\"wp-block-paragraph\">18.00 Dzi\u0119kczynna za otrzymane \u0142aski i o Bo\u017ce b\u0142og. dla Anny i \u0141ukasza w 16 rocznic\u0119 \u015blubu i dla ca\u0142ej rodziny<\/p>\n\n\n\n<p class=\"wp-block-paragraph\">18.00 O Bo\u017ce b\u0142ogos\u0142awie\u0144stwo dla Artura z okazji urodzin<\/p>\n\n\n\n<p class=\"wp-block-paragraph\">18.00 +Aleksandra Majcher (21 rocz.)<\/p>\n\n\n\n<p class=\"wp-block-paragraph\">*+Dzi\u0119kczynna za \u017cycie Krzysia Florasa oraz o Bo\u017ce b\u0142ogos\u0142awie\u0144stwo dla rodzic\u00f3w, si\u00f3str i dziadk\u00f3w od Natalii i Damiana (Syberia)<\/p>\n\n\n\n<p class=\"wp-block-paragraph\">*+Zofia, +Tomasz Matu\u0142a (12)<\/p>\n\n\n\n<p class=\"wp-block-paragraph\">*+Danuta Ka\u0142ucka od rodziny D\u0105browskich (Papua); *+Zofia Borowiec od Marii Rzucid\u0142o (RPA)<\/p>\n\n\n\n<p class=\"wp-block-paragraph\">Niedziela 13 wrze\u015bnia<\/p>\n\n\n\n<p class=\"wp-block-paragraph\">7.00 +Roman Pa\u0142ka<\/p>\n\n\n\n<p class=\"wp-block-paragraph\">9.00 O Bo\u017ce b\u0142ogos\u0142awie\u0144stwo dla Darii i Diany<\/p>\n\n\n\n<p class=\"wp-block-paragraph\">9.00 +Agata, +Jan, +Karolina, +Antoni Borowiec; +Grzegorz, +Aniela Szypu\u0142a<\/p>\n\n\n\n<p class=\"wp-block-paragraph\">*+Zofia, +Tomasz Matu\u0142a (13)<\/p>\n\n\n\n<p class=\"wp-block-paragraph\">*+Stanis\u0142aw Pelczar od Heleny Szura (Papua); *+Eugeniusz Nitka od Krzysztofa Puc (RPA)<\/p>\n\n\n\n<p class=\"wp-block-paragraph\">10.30 Dzi\u0119kczynna za otrzymane zbiory od Ko\u0142a Gospody\u0144 i Ochotniczej Stra\u017cy Po\u017carnej Rzesz\u00f3w -D\u0119bina<\/p>\n\n\n\n<p class=\"wp-block-paragraph\">12.00 Dzi\u0119kczynna za pos\u0142ugiwanie si\u00f3str w 50 rocznice przybycia do Budziwoja<\/p>\n\n\n\n<p class=\"wp-block-paragraph\">16.00 +Weronika Murias (4 rocz.) od syna Zdzis\u0142awa z rodzin\u0105<\/p>\n\n\n\n<p class=\"wp-block-paragraph\">18.00 +Julia (22 rocz.), Bronis\u0142aw (38 rocz.) Warzocha od syna<\/p>\n","protected":false},"excerpt":{"rendered":"<p>&#8230;<\/p>\n","protected":false},"author":1,"featured_media":0,"comment_status":"closed","ping_status":"","sticky":false,"template":"","format":"standard","meta":{"ngg_post_thumbnail":0,"footnotes":""},"categories":[13],"tags":[],"class_list":["post-10088","post","type-post","status-publish","format-standard","hentry","category-newsy"],"_links":{"self":[{"href":"https:\/\/mbsniezna.rzeszow.pl\/index.php\/wp-json\/wp\/v2\/posts\/10088","targetHints":{"allow":["GET"]}}],"collection":[{"href":"https:\/\/mbsniezna.rzeszow.pl\/index.php\/wp-json\/wp\/v2\/posts"}],"about":[{"href":"https:\/\/mbsniezna.rzeszow.pl\/index.php\/wp-json\/wp\/v2\/types\/post"}],"author":[{"embeddable":true,"href":"https:\/\/mbsniezna.rzeszow.pl\/index.php\/wp-json\/wp\/v2\/users\/1"}],"replies":[{"embeddable":true,"href":"https:\/\/mbsniezna.rzeszow.pl\/index.php\/wp-json\/wp\/v2\/comments?post=10088"}],"version-history":[{"count":1,"href":"https:\/\/mbsniezna.rzeszow.pl\/index.php\/wp-json\/wp\/v2\/posts\/10088\/revisions"}],"predecessor-version":[{"id":10089,"href":"https:\/\/mbsniezna.rzeszow.pl\/index.php\/wp-json\/wp\/v2\/posts\/10088\/revisions\/10089"}],"wp:attachment":[{"href":"https:\/\/mbsniezna.rzeszow.pl\/index.php\/wp-json\/wp\/v2\/media?parent=10088"}],"wp:term":[{"taxonomy":"category","embeddable":true,"href":"https:\/\/mbsniezna.rzeszow.pl\/index.php\/wp-json\/wp\/v2\/categories?post=10088"},{"taxonomy":"post_tag","embeddable":true,"href":"https:\/\/mbsniezna.rzeszow.pl\/index.php\/wp-json\/wp\/v2\/tags?post=10088"}],"curies":[{"name":"wp","href":"https:\/\/api.w.org\/{rel}","templated":true}]}}