{"id":13,"date":"2015-09-26T21:45:09","date_gmt":"2015-09-26T19:45:09","guid":{"rendered":"https:\/\/mbsniezna.rzeszow.pl\/?p=13"},"modified":"2020-12-12T22:58:17","modified_gmt":"2020-12-12T21:58:17","slug":"historia-parafii","status":"publish","type":"post","link":"https:\/\/mbsniezna.rzeszow.pl\/index.php\/2015\/09\/26\/historia-parafii\/","title":{"rendered":"Historia parafii"},"content":{"rendered":"<h2 style=\"text-align: left; padding-left: 40px;\">Historia parafii<\/h2>\n<p style=\"text-align: justify;\"><strong>Parafia Matki Bo\u017cej <\/strong><span data-scayt_word=\"\u015anie\u017cnej\" data-scaytid=\"5\"><strong>\u015anie\u017cne<\/strong>j<\/span>, <span data-scayt_word=\"zlokalizowana\" data-scaytid=\"6\">zlokalizowana<\/span> jest w <span data-scayt_word=\"po\u0142udniowo-wschodniej\" data-scaytid=\"7\">po\u0142udniowo-wschodniej<\/span> <span data-scayt_word=\"cz\u0119\u015bci\" data-scaytid=\"8\">cz\u0119\u015bci<\/span> <span data-scayt_word=\"Rzeszowa\" data-scaytid=\"9\">Rzeszowa<\/span>, w <span data-scayt_word=\"dzielnicy\" data-scaytid=\"10\">dzielnicy<\/span> <span data-scayt_word=\"Budziw\u00f3j\" data-scaytid=\"11\">Budziw\u00f3j<\/span> (do 2010 <span data-scayt_word=\"odr\u0119bna\" data-scaytid=\"14\">odr\u0119bna<\/span> <span data-scayt_word=\"wie\u015b\" data-scaytid=\"15\">wie\u015b<\/span>). <span data-scayt_word=\"Miejscowo\u015b\u0107\" data-scaytid=\"16\">Miejscowo\u015b\u0107<\/span> <span data-scayt_word=\"Budziw\u00f3j\" data-scaytid=\"12\">Budziw\u00f3j<\/span> <span data-scayt_word=\"posiada\" data-scaytid=\"17\">posiada<\/span> <span data-scayt_word=\"d\u0142ug\u0105\" data-scaytid=\"18\">d\u0142ug\u0105<\/span> <span data-scayt_word=\"histori\u0119\" data-scaytid=\"19\">histori\u0119<\/span>, <span data-scayt_word=\"si\u0119gaj\u0105c\u0105\" data-scaytid=\"20\">si\u0119gaj\u0105c\u0105<\/span> <span data-scayt_word=\"swymi\" data-scaytid=\"21\">swymi<\/span> <span data-scayt_word=\"pocz\u0105tkami\" data-scaytid=\"22\">pocz\u0105tkami<\/span> XIV w. Po <span data-scayt_word=\"raz\" data-scaytid=\"23\">raz<\/span> <span data-scayt_word=\"pierwszy\" data-scaytid=\"24\">pierwszy<\/span> <span data-scayt_word=\"wzmiankowany\" data-scaytid=\"25\">wzmiankowany<\/span> jest w <span data-scayt_word=\"dokumencie\" data-scaytid=\"26\">dokumencie<\/span> <span data-scayt_word=\"kr\u00f3la\" data-scaytid=\"27\">kr\u00f3la<\/span> <span data-scayt_word=\"W\u0142adys\u0142awa\" data-scaytid=\"28\">W\u0142adys\u0142awa<\/span> <span data-scayt_word=\"Jagie\u0142\u0142y\" data-scaytid=\"29\">Jagie\u0142\u0142y<\/span> w 1423. <span data-scayt_word=\"Przez\" data-scaytid=\"30\">Przez<\/span> <span data-scayt_word=\"wiele\" data-scaytid=\"31\">wiele<\/span> <span data-scayt_word=\"stuleci\" data-scaytid=\"32\">stuleci<\/span> <span data-scayt_word=\"Budziw\u00f3j\" data-scaytid=\"13\">Budziw\u00f3j<\/span> <span data-scayt_word=\"nale\u017ca\u0142\" data-scaytid=\"33\">nale\u017ca\u0142<\/span> do <span data-scayt_word=\"parafii\" data-scaytid=\"34\">parafii<\/span> <span data-scayt_word=\"Tyczyn\" data-scaytid=\"36\">Tyczyn<\/span>. <span data-scayt_word=\"Samodzieln\u0105\" data-scaytid=\"37\">Samodzieln\u0105<\/span> <span data-scayt_word=\"jednostk\u0105\" data-scaytid=\"38\">jednostk\u0105<\/span> <span data-scayt_word=\"duszpastersk\u0105\" data-scaytid=\"39\">duszpastersk\u0105<\/span> (<span data-scayt_word=\"ekspozytur\u0105\" data-scaytid=\"40\">ekspozytur\u0105<\/span>) <span data-scayt_word=\"zosta\u0142\" data-scaytid=\"41\">zosta\u0142<\/span> 1 I 1921 <span data-scayt_word=\"na\" data-scaytid=\"42\">na<\/span> <span data-scayt_word=\"mocy\" data-scaytid=\"43\">mocy<\/span> <span data-scayt_word=\"zarz\u0105dzenia\" data-scaytid=\"44\">zarz\u0105dzenia<\/span> <span data-scayt_word=\"bp\" data-scaytid=\"45\">bp<\/span>. <span data-scayt_word=\"J\u00f3zefa\" data-scaytid=\"46\">J\u00f3zefa<\/span> <span data-scayt_word=\"Sebastiana\" data-scaytid=\"47\">Sebastiana<\/span> <span data-scayt_word=\"Pelczara\" data-scaytid=\"48\">Pelczara<\/span>, co <span data-scayt_word=\"otworzy\u0142o\" data-scaytid=\"49\">otworzy\u0142o<\/span> <span data-scayt_word=\"proces\" data-scaytid=\"50\">proces<\/span> <span data-scayt_word=\"organizacji\" data-scaytid=\"51\">organizacji<\/span> <span data-scayt_word=\"struktur\" data-scaytid=\"52\">struktur<\/span> <span data-scayt_word=\"parafialnych\" data-scaytid=\"53\">parafialnych<\/span>. Po <span data-scayt_word=\"ich\" data-scaytid=\"54\">ich<\/span> <span data-scayt_word=\"zorganizowaniu\" data-scaytid=\"55\">zorganizowaniu<\/span> <span data-scayt_word=\"zyska\u0142\" data-scaytid=\"56\">zyska\u0142<\/span> <span data-scayt_word=\"rang\u0119\" data-scaytid=\"57\">rang\u0119<\/span> <span data-scayt_word=\"parafii\" data-scaytid=\"35\">parafii<\/span>. <span data-scayt_word=\"Parafia\" data-scaytid=\"2\">Parafia<\/span> <span data-scayt_word=\"od\" data-scaytid=\"58\">od<\/span> <span data-scayt_word=\"pocz\u0105tku\" data-scaytid=\"60\">pocz\u0105tku<\/span> <span data-scayt_word=\"swego\" data-scaytid=\"61\">swego<\/span> <span data-scayt_word=\"istnienia\" data-scaytid=\"62\">istnienia<\/span> <span data-scayt_word=\"nale\u017cy\" data-scaytid=\"63\">nale\u017cy<\/span> do <span data-scayt_word=\"dekanatu\" data-scaytid=\"64\">dekanatu<\/span> <span data-scayt_word=\"tyczy\u0144skiego\" data-scaytid=\"65\">tyczy\u0144skiego<\/span>, <span data-scayt_word=\"najpierw\" data-scaytid=\"66\">najpierw<\/span> w <span data-scayt_word=\"diecezji\" data-scaytid=\"67\">diecezji<\/span> <span data-scayt_word=\"przemyskiej\" data-scaytid=\"68\">przemyskiej<\/span>, a <span data-scayt_word=\"od\" data-scaytid=\"59\">od<\/span> 1992 &#8211; <span data-scayt_word=\"rzeszowskiej\" data-scaytid=\"69\">rzeszowskiej<\/span>. W 2010 <span data-scayt_word=\"liczy\u0142a\" data-scaytid=\"70\">liczy\u0142a<\/span> 3650 <span data-scayt_word=\"wiernych\" data-scaytid=\"71\">wiernych<\/span>.<\/p>\n<p style=\"text-align: justify;\">W okresie przynale\u017cno\u015bci do <span data-scayt_word=\"parafii\" data-scaytid=\"143\">parafii<\/span> tyczy\u0144skiej w Budziwoju funkcjonowa\u0142a niewielka, drewniana kaplica z obrazem <span data-scayt_word=\"Matki\" data-scaytid=\"145\">Matki<\/span> <span data-scayt_word=\"Bo\u017cej\" data-scaytid=\"146\">Bo\u017cej<\/span> <span data-scayt_word=\"\u015anie\u017cnej\" data-scaytid=\"147\">\u015anie\u017cnej<\/span>, przystosowana do odprawiania Mszy \u015bw., wzniesiona w XVI w. Sporadycznie, najcz\u0119\u015bciej z racji odpustu (5 VIII), sprawowano w niej s\u0142u\u017cb\u0119 Bo\u017c\u0105. Rozebrano j\u0105 w 1902 przygotowuj\u0105c miejsce pod nowy, murowany ko\u015bci\u00f3\u0142. Wybudowany <span data-scayt_word=\"zosta\u0142\" data-scaytid=\"148\">zosta\u0142<\/span> w latach 1905 \u2013 07 wed\u0142ug projektu in\u017c. Adolfa Sumpera z <span data-scayt_word=\"Rzeszowa\" data-scaytid=\"149\">Rzeszowa<\/span>, a po\u015bwi\u0119cono go 5 VIII 1907. By\u0142a to niewielka rozmiarami \u015bwi\u0105tynia. Ona jednak w 1921 podniesiona zosta\u0142a do rangi ko\u015bcio\u0142a parafialnego. W takim charakterze, zw\u0142aszcza \u017ce z latach 1961- 62 dokonano jej rozbudowy, s\u0142u\u017cy\u0142a do 2002, gdy sprawowanie liturgii przeniesiono do nowego ko\u015bcio\u0142a. Obecnie kultowi religijnemu s\u0142u\u017cy ko\u015bci\u00f3\u0142, wybudowany w latach 1999-2002 wed\u0142ug projektu in\u017c. Henryka Sobolewskiego, po\u015bwi\u0119cony 5 VIII 2002 przez <span data-scayt_word=\"bp\" data-scaytid=\"150\">bp<\/span>. K. G\u00f3rnego. Kultowi religijnemu w <span data-scayt_word=\"parafii\" data-scaytid=\"144\">parafii<\/span> s\u0142u\u017cy te\u017c kaplica cmentarna, wybudowana w latach 1996 \u2013 97, po\u015bwi\u0119cona 5 IX 1999 przez <span data-scayt_word=\"bp\" data-scaytid=\"151\">bp<\/span>. Edwarda Bia\u0142og\u0142owskiego. Pr\u00f3cz wymienionych obiekt\u00f3w obecn\u0105 baz\u0119 parafialn\u0105 stanowi\u0105 jeszcze: plebania z domem zakonnym, wybudowana w latach. 1987 \u2013 92 oraz dom parafialny (<span data-scayt_word=\"od\" data-scaytid=\"152\">od<\/span> 2004 Publiczne Przedszkole im. \u015bw. Zygmunta Szcz\u0119snego Feli\u0144skiego), wzniesiony w latach 1987-90.<\/p>\n<p style=\"text-align: justify;\">Koordynatorem \u017cycia parafialnego jest ka\u017cdorazowy rz\u0105dca parafii, nosz\u0105cy tytu\u0142 ekspozyta, administratora, czy proboszcza. W Budziwoju obowi\u0105zki te pe\u0142nili nast\u0119puj\u0105cy kap\u0142ani: Tomasz \u017bar\u00f3w (1921 \u2013 1933), Ludwik Sieradzki (1933 \u2013 34), Tadeusz \u0141\u0105cki (1934 \u2013 36), Wojciech Ka\u0142ucki (1936 \u2013 46), W\u0142adys\u0142aw Kuzdrza\u0142 (1946 \u2013 58), Stanis\u0142aw Kluz (1958 \u2013 61), Kazimierz \u017bydzik (1961 \u2013 80), Jan Koc\u00f3r (1980), Kazimierz Guzy (1980-2009). Od 19 XII 2009 proboszczem parafii jest ks. Mieczys\u0142aw Lignowski (ur. 2 I 1958 w Harcie, wy\u015bw. 29 VI 1983 w Przemy\u015blu). Wi\u0119kszo\u015b\u0107 z wymienionych rz\u0105dc\u00f3w parafii pracowa\u0142a samodzielnie. Wsp\u00f3\u0142pracownik\u00f3w przydzielano im na kr\u00f3tko, zwykle gdy sami nie mogli pe\u0142ni\u0107 swych obowi\u0105zk\u00f3w. Dopiero w 1991 parafia otrzyma\u0142a na sta\u0142e kap\u0142ana \u2013 wikariusza.<br \/>\nW 1976 z inicjatywy ks. \u017bydzika w Budziwoju sw\u00f3j dom zakonny otworzy\u0142y siostry ze Zgromadzenia Franciszkanek Rodziny Maryi. Marianki podj\u0119\u0142y pos\u0142ug\u0119 w ko\u015bciele i w\u015br\u00f3d chorych oraz prac\u0119 katechetyczn\u0105. W 1993 zlikwidowa\u0142y swoj\u0105 plac\u00f3wk\u0119, ale w 2004 na nowo j\u0105 uruchomi\u0142y. Tym razem g\u0142\u00f3wnym ich zaj\u0119ciem jest prowadzenie przedszkola i praca w zakrystii.<br \/>\n\u017bycie religijne wiernych uzewn\u0119trznia si\u0119 przede wszystkim poprzez liczny udzia\u0142 w nabo\u017ce\u0144stwach oraz poprzez wsparcie dla dzie\u0142a budowy ko\u015bcio\u0142a i obiekt\u00f3w parafialnych. Jego zewn\u0119trznym przejawem jest te\u017c dzia\u0142alno\u015b\u0107 organizacji katolickich.<\/p>\n<p style=\"text-align: justify;\"><em>Oprac. Ks. dr Andrzej Motyka<\/em><\/p>\n<h2 style=\"padding-left: 40px;\">Historia ko\u015bcio\u0142a<\/h2>\n<p><a href=\"https:\/\/mbsniezna.rzeszow.pl\/wp-content\/uploads\/2015\/09\/9AB08D91-4A9A-4B54-946D-95FA42430BAA_1_201_a-scaled.jpeg\"><img loading=\"lazy\" decoding=\"async\" class=\"size-full wp-image-7393 aligncenter\" src=\"https:\/\/mbsniezna.rzeszow.pl\/wp-content\/uploads\/2015\/09\/9AB08D91-4A9A-4B54-946D-95FA42430BAA_1_201_a-scaled.jpeg\" alt=\"\" width=\"2560\" height=\"1440\" srcset=\"https:\/\/mbsniezna.rzeszow.pl\/wp-content\/uploads\/2015\/09\/9AB08D91-4A9A-4B54-946D-95FA42430BAA_1_201_a-scaled.jpeg 1920w, https:\/\/mbsniezna.rzeszow.pl\/wp-content\/uploads\/2015\/09\/9AB08D91-4A9A-4B54-946D-95FA42430BAA_1_201_a-300x169.jpeg 300w, https:\/\/mbsniezna.rzeszow.pl\/wp-content\/uploads\/2015\/09\/9AB08D91-4A9A-4B54-946D-95FA42430BAA_1_201_a-1024x576.jpeg 1024w, https:\/\/mbsniezna.rzeszow.pl\/wp-content\/uploads\/2015\/09\/9AB08D91-4A9A-4B54-946D-95FA42430BAA_1_201_a-768x432.jpeg 768w, https:\/\/mbsniezna.rzeszow.pl\/wp-content\/uploads\/2015\/09\/9AB08D91-4A9A-4B54-946D-95FA42430BAA_1_201_a-1536x864.jpeg 1536w, https:\/\/mbsniezna.rzeszow.pl\/wp-content\/uploads\/2015\/09\/9AB08D91-4A9A-4B54-946D-95FA42430BAA_1_201_a-2048x1152.jpeg 2048w\" sizes=\"auto, (max-width: 2560px) 100vw, 2560px\" \/><\/a><\/p>\n<h4 style=\"padding-left: 40px;\"><strong>I. NOWY KO\u015aCI\u00d3\u0141<\/strong><\/h4>\n<p style=\"text-align: justify;\">Motywem budowy nowego ko\u015bcio\u0142a by\u0142o to, \u017ce dotychczasowy ko\u015bci\u00f3\u0142 parafialny (tak\u017ce p.w. Matki Bo\u017cej \u015anie\u017cnej, zbudowany w latach 1905-1907, rozbudowany w latach 1961- 1962), by\u0142 za ma\u0142y, wobec wzrastaj\u0105cej liczby wiernych.<\/p>\n<p style=\"text-align: justify;\">Starania przeprowadzono standardowe, trudno\u015bci nie by\u0142o bo czas komuny si\u0119 sko\u0144czy\u0142, istnia\u0142a tylko potrzeba \u201eodrolnienia\u201d dzia\u0142ki, co poci\u0105gn\u0119\u0142o za sob\u0105 stosowne koszty. Pozwolenia w\u0142adz otrzymano w sierpniu 1999 r.<\/p>\n<ul>\n<li style=\"text-align: justify;\">Autor projektu: in\u017c. Henryk Sobolewski.<\/li>\n<li style=\"text-align: justify;\">Kap\u0142an budowniczy: ks. pra\u0142at Kazimierz Guzy (ur. 2.01.1941 r., + 1.12.2009 r.), proboszcz w Budziwoju od 13.10.1980 r. do 1.12.2009 r.<\/li>\n<\/ul>\n<p style=\"text-align: justify;\">Kamie\u0144 w\u0119gielny pochodzi z Bazyliki Matki Bo\u017cej Wi\u0119kszej w Rzymie, po\u015bwi\u0119cony i wmurowany przez ks. bpa Kazimierza G\u00f3rnego w dniu 5.08. 2002 r., podczas odpustu parafialnego.<\/p>\n<p style=\"text-align: justify;\">Budow\u0119 rozpocz\u0119to w dniu 5 wrze\u015bnia 1999 r. od uroczystego po\u015bwi\u0119cenia placu i narz\u0119dzi przez ks. bpa Edwarda Bia\u0142og\u0142owskiego. Budow\u0119 zako\u0144czono w 2002 r. Uposa\u017canie wn\u0119trza \u015bwi\u0105tyni i zagospodarowywanie otoczenia trwa nadal.&nbsp;Ko\u015bci\u00f3\u0142 po\u015bwi\u0119ci\u0142 ks. bp Kazimierz G\u00f3rny w dniu 5.08.2002 r.<\/p>\n<p style=\"text-align: justify;\">Budow\u0105 kierowa\u0142 ks. pra\u0142at Kazimierz Guzy. W tym trudzie wspiera\u0142a go Rada Parafialna oraz Komitet Budowy Ko\u015bcio\u0142a, w sk\u0142ad kt\u00f3rego wchodzi\u0142o 62 osoby, by\u0142y one tzw. rejonowymi w 31 rejonach parafii \u2013 zbierali fundusze i organizowali ludzi do pracy. W okresie budowy ko\u015bcio\u0142a parafianie przepracowali spo\u0142ecznie ok. 4800 dni\u00f3wek ( np. w roku 2001 \u2013 1400 dni\u00f3wek), a z\u0142o\u017cone ofiary w latach 1999-2009 wynosz\u0105 ok. 1 900 000 z\u0142. Do najbardziej aktywnych parafian nale\u017celi: Eugeniusz Pa\u0142ka, Roman Pa\u0142ka, Ignacy T\u0142uczek, Zdzis\u0142aw Nalepa, Stanis\u0142aw Chmiel, Emil Piz\u0142o, Marian Kotula, Kazimierz Cioch, Eugeniusz Pa\u015bkiewicz.&nbsp;Budowano z ofiar wiernych.Wyposa\u017canie \u015bwi\u0105tyni trwa. Do tej pory uczyniono m.in.: du\u017cych rozmiar\u00f3w krzy\u017c z figur\u0105 Pana Jezusa, wykonany w drewnie lipowym przez artyst\u00f3w rze\u017abiarzy Dorot\u0119 i J\u00f3zefa Powro\u017anik oraz du\u017ce obrazy Pana Jezusa Mi\u0142osiernego i \u015bw. Antoniego, kt\u00f3re na p\u0142\u00f3tnie wykona\u0142 malarz Oleg Czy\u017cowski (z\u0142ocenia wykona\u0142a Edyta Powro\u017anik \u2013 Dedio) \u2013 obrazy i krzy\u017c zosta\u0142y po\u015bwi\u0119cone przez ks. bpa Edwarda Bia\u0142og\u0142owskiego 5.08.2009 r.; polichromia \u2013 m.in. wizerunki M.B. Cz\u0119stochowskiej, M.B. Ostrobramskiej, M.B. z Kalwarii Zebrzydowskiej, M.B. z Kalwarii Pac\u0142awskiej, M.B. Boreckiej i M.B. \u0141askawej z Chmielnika Rzeszowskiego \u2013 zaprojektowane i wykonane przez malarza Claudio Cani (W\u0142och z Sycylii) w latach 2009-2010; Droga Krzy\u017cowa \u2013 po\u015bwi\u0119cona przez ks. bpa Kazimierza G\u00f3rnego 13.11.2011 r., zaprojektowana i wykonana w mosi\u0105dzu przez Urszul\u0119 i Marcina Szczepaniak.<\/p>\n<p style=\"text-align: justify;\">Ko\u015bci\u00f3\u0142 nie by\u0142 konsekrowany.<\/p>\n<p><em>Opr. ks. Mieczys\u0142aw Lignowski<\/em><\/p>\n","protected":false},"excerpt":{"rendered":"<p>&#8230;<\/p>\n","protected":false},"author":1,"featured_media":7294,"comment_status":"closed","ping_status":"closed","sticky":false,"template":"","format":"standard","meta":{"ngg_post_thumbnail":0,"footnotes":""},"categories":[13,7],"tags":[],"class_list":["post-13","post","type-post","status-publish","format-standard","has-post-thumbnail","hentry","category-newsy","category-historia"],"_links":{"self":[{"href":"https:\/\/mbsniezna.rzeszow.pl\/index.php\/wp-json\/wp\/v2\/posts\/13","targetHints":{"allow":["GET"]}}],"collection":[{"href":"https:\/\/mbsniezna.rzeszow.pl\/index.php\/wp-json\/wp\/v2\/posts"}],"about":[{"href":"https:\/\/mbsniezna.rzeszow.pl\/index.php\/wp-json\/wp\/v2\/types\/post"}],"author":[{"embeddable":true,"href":"https:\/\/mbsniezna.rzeszow.pl\/index.php\/wp-json\/wp\/v2\/users\/1"}],"replies":[{"embeddable":true,"href":"https:\/\/mbsniezna.rzeszow.pl\/index.php\/wp-json\/wp\/v2\/comments?post=13"}],"version-history":[{"count":9,"href":"https:\/\/mbsniezna.rzeszow.pl\/index.php\/wp-json\/wp\/v2\/posts\/13\/revisions"}],"predecessor-version":[{"id":7396,"href":"https:\/\/mbsniezna.rzeszow.pl\/index.php\/wp-json\/wp\/v2\/posts\/13\/revisions\/7396"}],"wp:featuredmedia":[{"embeddable":true,"href":"https:\/\/mbsniezna.rzeszow.pl\/index.php\/wp-json\/wp\/v2\/media\/7294"}],"wp:attachment":[{"href":"https:\/\/mbsniezna.rzeszow.pl\/index.php\/wp-json\/wp\/v2\/media?parent=13"}],"wp:term":[{"taxonomy":"category","embeddable":true,"href":"https:\/\/mbsniezna.rzeszow.pl\/index.php\/wp-json\/wp\/v2\/categories?post=13"},{"taxonomy":"post_tag","embeddable":true,"href":"https:\/\/mbsniezna.rzeszow.pl\/index.php\/wp-json\/wp\/v2\/tags?post=13"}],"curies":[{"name":"wp","href":"https:\/\/api.w.org\/{rel}","templated":true}]}}