{"id":25,"date":"2015-09-26T21:49:48","date_gmt":"2015-09-26T19:49:48","guid":{"rendered":"https:\/\/mbsniezna.rzeszow.pl\/?p=25"},"modified":"2015-12-29T18:57:22","modified_gmt":"2015-12-29T17:57:22","slug":"przedszkole","status":"publish","type":"post","link":"https:\/\/mbsniezna.rzeszow.pl\/index.php\/2015\/09\/26\/przedszkole\/","title":{"rendered":"Przedszkole"},"content":{"rendered":"<p><span data-scayt_word=\"Historia\" data-scaytid=\"1\">Historia<\/span> <span data-scayt_word=\"Przedszkola\" data-scaytid=\"2\">Przedszkola<\/span> <span data-scayt_word=\"Zgromadzenia\" data-scaytid=\"3\">Zgromadzenia<\/span> <span data-scayt_word=\"Si\u00f3str\" data-scaytid=\"5\">Si\u00f3str<\/span> <span data-scayt_word=\"Franciszkanek\" data-scaytid=\"7\">Franciszkanek<\/span> <span data-scayt_word=\"Rodziny\" data-scaytid=\"8\">Rodziny<\/span> <span data-scayt_word=\"Maryi\" data-scaytid=\"11\">Maryi<\/span> w <span data-scayt_word=\"Rzeszowie\" data-scaytid=\"14\">Rzeszowie<\/span>, <span data-scayt_word=\"os\" data-scaytid=\"15\">os<\/span>. <span data-scayt_word=\"Budziw\u00f3j\" data-scaytid=\"16\">Budziw\u00f3j<\/span> jest <span data-scayt_word=\"niezwyk\u0142a\" data-scaytid=\"17\">niezwyk\u0142a<\/span>. <span data-scayt_word=\"Wszystko\" data-scaytid=\"18\">Wszystko<\/span> <span data-scayt_word=\"zacz\u0119\u0142o\" data-scaytid=\"19\">zacz\u0119\u0142o<\/span> <span data-scayt_word=\"si\u0119\" data-scaytid=\"20\">si\u0119<\/span> w 2004 r. <span data-scayt_word=\"Inicjatorem\" data-scaytid=\"21\">Inicjatorem<\/span> <span data-scayt_word=\"powstania\" data-scaytid=\"22\">powstania<\/span> <span data-scayt_word=\"przedszkola\" data-scaytid=\"23\">przedszkola<\/span> <span data-scayt_word=\"by\u0142\" data-scaytid=\"25\">by\u0142<\/span> <span data-scayt_word=\"nie\u017cyj\u0105cy\" data-scaytid=\"26\">nie\u017cyj\u0105cy<\/span> <span data-scayt_word=\"ju\u017c\" data-scaytid=\"27\">ju\u017c<\/span> <span data-scayt_word=\"dzi\u015b\" data-scaytid=\"29\">dzi\u015b<\/span> <span data-scayt_word=\"proboszcz\" data-scaytid=\"31\">proboszcz<\/span> <span data-scayt_word=\"parafii\" data-scaytid=\"32\">parafii<\/span> p.w. <span data-scayt_word=\"Matki\" data-scaytid=\"33\">Matki<\/span> <span data-scayt_word=\"Bo\u017cej\" data-scaytid=\"34\">Bo\u017cej<\/span> <span data-scayt_word=\"\u015anie\u017cnej\" data-scaytid=\"35\">\u015anie\u017cnej<\/span> w <span data-scayt_word=\"Budziwoju\" data-scaytid=\"36\">Budziwoju<\/span> <span data-scayt_word=\"\u015bp\" data-scaytid=\"37\">\u015bp<\/span>. <span data-scayt_word=\"Ks\" data-scaytid=\"38\">Ks<\/span>. <span data-scayt_word=\"Pra\u0142at\" data-scaytid=\"39\">Pra\u0142at<\/span> <span data-scayt_word=\"Kazimierz\" data-scaytid=\"40\">Kazimierz<\/span> <span data-scayt_word=\"Guzy\" data-scaytid=\"41\">Guzy<\/span>. To <span data-scayt_word=\"dzi\u0119ki\" data-scaytid=\"42\">dzi\u0119ki<\/span> <span data-scayt_word=\"Niemu\" data-scaytid=\"43\">Niemu<\/span> do <span data-scayt_word=\"podrzeszowskiej\" data-scaytid=\"44\">podrzeszowskiej<\/span> <span data-scayt_word=\"w\u00f3wczas\" data-scaytid=\"45\">w\u00f3wczas<\/span> <span data-scayt_word=\"miejscowo\u015bci\" data-scaytid=\"46\">miejscowo\u015bci<\/span> <span data-scayt_word=\"przyjecha\u0142y\" data-scaytid=\"47\">przyjecha\u0142y<\/span> <span data-scayt_word=\"Siostry\" data-scaytid=\"48\">Siostry<\/span> <span data-scayt_word=\"Franciszkanki\" data-scaytid=\"49\">Franciszkanki<\/span> <span data-scayt_word=\"Rodziny\" data-scaytid=\"9\">Rodziny<\/span> <span data-scayt_word=\"Maryi\" data-scaytid=\"12\">Maryi<\/span>. <span data-scayt_word=\"Przedszkole\" data-scaytid=\"50\">Przedszkole<\/span> <span data-scayt_word=\"rozpocz\u0119\u0142o\" data-scaytid=\"51\">rozpocz\u0119\u0142o<\/span> <span data-scayt_word=\"swoj\u0105\" data-scaytid=\"52\">swoj\u0105<\/span> <span data-scayt_word=\"prac\u0119\" data-scaytid=\"53\">prac\u0119<\/span> 1 <span data-scayt_word=\"wrze\u015bnia\" data-scaytid=\"54\">wrze\u015bnia<\/span> 2004 r., a <span data-scayt_word=\"dyrektork\u0105\" data-scaytid=\"55\">dyrektork\u0105<\/span> <span data-scayt_word=\"plac\u00f3wki\" data-scaytid=\"56\">plac\u00f3wki<\/span> <span data-scayt_word=\"zosta\u0142a\" data-scaytid=\"57\">zosta\u0142a<\/span> s. Anna <span data-scayt_word=\"Kowalczyk\" data-scaytid=\"58\">Kowalczyk<\/span>. <span data-scayt_word=\"Patronem\" data-scaytid=\"59\">Patronem<\/span> <span data-scayt_word=\"przedszkola\" data-scaytid=\"24\">przedszkola<\/span> <span data-scayt_word=\"zosta\u0142\" data-scaytid=\"60\">zosta\u0142<\/span> (<span data-scayt_word=\"\u015bwi\u0119ty\" data-scaytid=\"61\">\u015bwi\u0119ty<\/span> <span data-scayt_word=\"ju\u017c\" data-scaytid=\"28\">ju\u017c<\/span> <span data-scayt_word=\"dzi\u015b\" data-scaytid=\"30\">dzi\u015b<\/span>) <span data-scayt_word=\"Zygmunt\" data-scaytid=\"62\">Zygmunt<\/span> <span data-scayt_word=\"Szcz\u0119sny\" data-scaytid=\"63\">Szcz\u0119sny<\/span> <span data-scayt_word=\"Feli\u0144ski\" data-scaytid=\"64\">Feli\u0144ski<\/span>, <span data-scayt_word=\"wielki\" data-scaytid=\"65\">wielki<\/span> <span data-scayt_word=\"patriota\" data-scaytid=\"66\">patriota<\/span> i <span data-scayt_word=\"za\u0142o\u017cyciel\" data-scaytid=\"67\">za\u0142o\u017cyciel<\/span> <span data-scayt_word=\"Zgromadzenia\" data-scaytid=\"4\">Zgromadzenia<\/span> <span data-scayt_word=\"Si\u00f3str\" data-scaytid=\"6\">Si\u00f3str<\/span> <span data-scayt_word=\"Rodziny\" data-scaytid=\"10\">Rodziny<\/span> <span data-scayt_word=\"Maryi\" data-scaytid=\"13\">Maryi<\/span>.<\/p>\n<p>W 2005 roku we wrze\u015bniu, dyrektorem <span data-scayt_word=\"przedszkola\" data-scaytid=\"135\">przedszkola<\/span> <span data-scayt_word=\"zosta\u0142a\" data-scaytid=\"136\">zosta\u0142a<\/span> s. Danuta Gromada. Funkcj\u0119 t\u0119 pe\u0142ni\u0142a do 31 sierpnia 2011 r., a obecnie <span data-scayt_word=\"dyrektork\u0105\" data-scaytid=\"137\">dyrektork\u0105<\/span> jest s. Ma\u0142gorzata Kap\u0142on.<\/p>\n<p>Przez te wszystkie lata, plac\u00f3wka pr\u0119\u017cnie si\u0119 rozwija\u0142a. Wychowankowie uczestniczyli w r\u00f3\u017cnego rodzaju konkursach i tych lokalnych i og\u00f3lnopolskich, niekiedy z du\u017cym sukcesem. Osi\u0105gni\u0119cia Przedszkola by\u0142y opisywane na \u0142amach lokalnej prasy &#8222;G\u0142os Tyczyna&#8221;. Przedszkole wsp\u00f3\u0142pracowa\u0142o i nadal wsp\u00f3\u0142pracuje z wieloma instytucjami pa\u0144stwowymi, stowarzyszeniami i fundacjami, dzi\u0119ki czemu jako\u015b\u0107 pracy przedszkola jest na najwy\u017cszym poziomie.<\/p>\n<p>Przedszkole jest plac\u00f3wk\u0105 katolick\u0105, dlatego obok realizowania zada\u0144 z podstawy programowej MEN, dzieci wychowywane s\u0105 w duchu pedagogiki chrze\u015bcija\u0144skiej.<\/p>\n<p>W ka\u017cdym roku dzia\u0142alno\u015bci przedszkola odbywa si\u0119 mn\u00f3stwo wyjazd\u00f3w, uroczysto\u015bci, przedstawie\u0144. W styczniu 2010 roku, wie\u015b Budziw\u00f3j zosta\u0142a w\u0142\u0105czona do granic miasta Rzeszowa. W zwi\u0105zku z tym powsta\u0142a potrzeba utworzenia trzeciego oddzia\u0142u przedszkolnego. Dzi\u0119ki pomocy finansowej Urz\u0119du Miasta Rzeszowa uda\u0142o si\u0119 wyremontowa\u0107 i zagospodarowa\u0107 pi\u0119tro budynku, gdzie znajduje si\u0119 sala zabaw i \u015bwietnie wyposa\u017cona sala gimnastyczna. Jednak nie by\u0142o mo\u017cliwo\u015bci otwarcia dodatkowego oddzia\u0142u w dotychczas istniej\u0105cym przedszkolu. Musia\u0142a powsta\u0107 odr\u0119bna jednostka &#8211; Przedszkole Publiczne nr 25. Nie jest to jednak przeszkod\u0105 aby obie plac\u00f3wki tworzy\u0142y jedn\u0105 spo\u0142eczno\u015b\u0107.<\/p>\n<p>Aktualnie, w roku szkolnym 2013\/2014, do przedszkola ucz\u0119szcza 81 dzieci.<\/p>\n","protected":false},"excerpt":{"rendered":"<p>&#8230;<\/p>\n","protected":false},"author":1,"featured_media":135,"comment_status":"open","ping_status":"open","sticky":false,"template":"","format":"standard","meta":{"ngg_post_thumbnail":0,"footnotes":""},"categories":[10],"tags":[72],"class_list":["post-25","post","type-post","status-publish","format-standard","has-post-thumbnail","hentry","category-instytucje","tag-slider"],"_links":{"self":[{"href":"https:\/\/mbsniezna.rzeszow.pl\/index.php\/wp-json\/wp\/v2\/posts\/25","targetHints":{"allow":["GET"]}}],"collection":[{"href":"https:\/\/mbsniezna.rzeszow.pl\/index.php\/wp-json\/wp\/v2\/posts"}],"about":[{"href":"https:\/\/mbsniezna.rzeszow.pl\/index.php\/wp-json\/wp\/v2\/types\/post"}],"author":[{"embeddable":true,"href":"https:\/\/mbsniezna.rzeszow.pl\/index.php\/wp-json\/wp\/v2\/users\/1"}],"replies":[{"embeddable":true,"href":"https:\/\/mbsniezna.rzeszow.pl\/index.php\/wp-json\/wp\/v2\/comments?post=25"}],"version-history":[{"count":1,"href":"https:\/\/mbsniezna.rzeszow.pl\/index.php\/wp-json\/wp\/v2\/posts\/25\/revisions"}],"predecessor-version":[{"id":26,"href":"https:\/\/mbsniezna.rzeszow.pl\/index.php\/wp-json\/wp\/v2\/posts\/25\/revisions\/26"}],"wp:featuredmedia":[{"embeddable":true,"href":"https:\/\/mbsniezna.rzeszow.pl\/index.php\/wp-json\/wp\/v2\/media\/135"}],"wp:attachment":[{"href":"https:\/\/mbsniezna.rzeszow.pl\/index.php\/wp-json\/wp\/v2\/media?parent=25"}],"wp:term":[{"taxonomy":"category","embeddable":true,"href":"https:\/\/mbsniezna.rzeszow.pl\/index.php\/wp-json\/wp\/v2\/categories?post=25"},{"taxonomy":"post_tag","embeddable":true,"href":"https:\/\/mbsniezna.rzeszow.pl\/index.php\/wp-json\/wp\/v2\/tags?post=25"}],"curies":[{"name":"wp","href":"https:\/\/api.w.org\/{rel}","templated":true}]}}