{"id":4328,"date":"2015-11-15T21:59:14","date_gmt":"2015-11-15T20:59:14","guid":{"rendered":"https:\/\/mbsniezna.rzeszow.pl\/?p=4328"},"modified":"2015-11-15T22:25:02","modified_gmt":"2015-11-15T21:25:02","slug":"intencje-mszalne-16-22-listopada-2015-r","status":"publish","type":"post","link":"https:\/\/mbsniezna.rzeszow.pl\/index.php\/2015\/11\/15\/intencje-mszalne-16-22-listopada-2015-r\/","title":{"rendered":"Intencje mszalne, 16 \u2013 22 listopada 2015 r."},"content":{"rendered":"<p>INTENCJE MSZALNE \u2013 16 \u2013 22 LISTOPADA 2015 R.<\/p>\n<p>Poniedzia\u0142ek \u2013 16.11<br \/>\n7.00 O zdrowie dla J\u00f3zefa od siostry Genowefy<br \/>\n18.00 + Adam Cag (16)<br \/>\n18.00 Wynagradzaj\u0105ca Panu Bogu za grzechy Jana<\/p>\n<p>Wtorek \u2013 17.11<br \/>\n7.00 O b\u0142og. Bo\u017ce dla Eugeniusza i Anny<br \/>\n18.00 + Adam Cag (17)<br \/>\n18.00 + Kazimierz G\u0142odowski, Zofia W\u0142adys\u0142aw Fendyk<\/p>\n<p>\u015aroda \u2013 18.11<br \/>\n7.00 + Izabela Lampart<br \/>\n18.00 + Adam Cag (18)<br \/>\n18.00 O zdrowie dla Stanis\u0142aw od siostry Genowefy<br \/>\n18.00 O zdrowie dla ks. Ma\u0107ka od rodzic\u00f3w dzieci komunijnych<\/p>\n<p>Czwartek \u2013 19.11<br \/>\n7.00 + Wies\u0142aw Materna od rodz. Nowak\u00f3w z Lubeni<br \/>\n7.00 W intencji polecanych w tegorocznych wypominkach<br \/>\n18.00 + Adam Cag (19)<\/p>\n<p>Pi\u0105tek \u2013 20.11<br \/>\n7.00 + Janusz B\u0142o\u0144ski od OSP Budziw\u00f3j<br \/>\n18.00 + Adam Cag (20)<br \/>\n18.00 O dary Ducha \u015awi\u0119tego dla dzieci<\/p>\n<p>Sobota \u2013 21.11<br \/>\n7.00 + Stanis\u0142aw Michalski od c\u00f3rki Ma\u0142gorzaty<br \/>\n18.00 + Adam Cag (21)<br \/>\n18.00 + Zofia (9 r.), ++ z rodzin G\u0142odowskich i Jopk\u00f3w<\/p>\n<p>Niedziela<br \/>\n7.00 + Katarzyna, Walenty, J\u00f3zef, ++ z rodz. Pa\u0142k\u00f3w<br \/>\n9.00 + Marian Jacek, ++ z rodz. Jack\u00f3w i Burych<br \/>\n9.00 + Katarzyna Ciebiera, ++ z rodz. Ciebier\u00f3w i Bartoni<br \/>\n10.30 + Klaudiusz Goryl (4 r.)<br \/>\n12.00 + Boles\u0142aw Michalski (8 r.)<br \/>\n12.00 Dzi\u0119kczynna i o b\u0142og. Bo\u017ce dla Leokadii i Emila Piz\u0142o w 50-lecie \u015blubu<br \/>\n16.00 + Edward Kmiotek (13 r.), Helena, Kazimierz<br \/>\n18.00 + Adam Cag (22)<\/p>\n","protected":false},"excerpt":{"rendered":"<p>&#8230;<\/p>\n","protected":false},"author":1,"featured_media":4338,"comment_status":"closed","ping_status":"open","sticky":false,"template":"","format":"standard","meta":{"ngg_post_thumbnail":0,"footnotes":""},"categories":[4],"tags":[],"class_list":["post-4328","post","type-post","status-publish","format-standard","has-post-thumbnail","hentry","category-intencje"],"_links":{"self":[{"href":"https:\/\/mbsniezna.rzeszow.pl\/index.php\/wp-json\/wp\/v2\/posts\/4328","targetHints":{"allow":["GET"]}}],"collection":[{"href":"https:\/\/mbsniezna.rzeszow.pl\/index.php\/wp-json\/wp\/v2\/posts"}],"about":[{"href":"https:\/\/mbsniezna.rzeszow.pl\/index.php\/wp-json\/wp\/v2\/types\/post"}],"author":[{"embeddable":true,"href":"https:\/\/mbsniezna.rzeszow.pl\/index.php\/wp-json\/wp\/v2\/users\/1"}],"replies":[{"embeddable":true,"href":"https:\/\/mbsniezna.rzeszow.pl\/index.php\/wp-json\/wp\/v2\/comments?post=4328"}],"version-history":[{"count":1,"href":"https:\/\/mbsniezna.rzeszow.pl\/index.php\/wp-json\/wp\/v2\/posts\/4328\/revisions"}],"predecessor-version":[{"id":4329,"href":"https:\/\/mbsniezna.rzeszow.pl\/index.php\/wp-json\/wp\/v2\/posts\/4328\/revisions\/4329"}],"wp:featuredmedia":[{"embeddable":true,"href":"https:\/\/mbsniezna.rzeszow.pl\/index.php\/wp-json\/wp\/v2\/media\/4338"}],"wp:attachment":[{"href":"https:\/\/mbsniezna.rzeszow.pl\/index.php\/wp-json\/wp\/v2\/media?parent=4328"}],"wp:term":[{"taxonomy":"category","embeddable":true,"href":"https:\/\/mbsniezna.rzeszow.pl\/index.php\/wp-json\/wp\/v2\/categories?post=4328"},{"taxonomy":"post_tag","embeddable":true,"href":"https:\/\/mbsniezna.rzeszow.pl\/index.php\/wp-json\/wp\/v2\/tags?post=4328"}],"curies":[{"name":"wp","href":"https:\/\/api.w.org\/{rel}","templated":true}]}}