{"id":4330,"date":"2015-11-15T22:00:24","date_gmt":"2015-11-15T21:00:24","guid":{"rendered":"https:\/\/mbsniezna.rzeszow.pl\/?p=4330"},"modified":"2015-11-15T22:24:32","modified_gmt":"2015-11-15T21:24:32","slug":"ogloszenia-xxxiii-niedziela-zwykla","status":"publish","type":"post","link":"https:\/\/mbsniezna.rzeszow.pl\/index.php\/2015\/11\/15\/ogloszenia-xxxiii-niedziela-zwykla\/","title":{"rendered":"Og\u0142oszenia, XXXIII niedziela zwyk\u0142a"},"content":{"rendered":"<p>OG\u0141OSZENIA \u2013 XXXIII NIEDZIELA ZWYK\u0141A<br \/>\n15 LISTOPADA 2015 R.<\/p>\n<p>1. Dzisiaj zbi\u00f3rka do puszek na Seminarium Duchowne; o 14.00 w Domu Kultury \u201eBudziw\u00f3j\u201d akademia patriotyczna przygotowana przez nasz\u0105 szko\u0142\u0119; o 15.30 nieszpory \u017ca\u0142obne z wypominkami.<\/p>\n<p>2. W tygodniu Msze \u015bw. o 7.00 i 18.00 z wypominkami.<\/p>\n<p>3. We wtorek nabo\u017ce\u0144stwo do \u015bw. Antoniego.<\/p>\n<p>4. W \u015brod\u0119 wspomnienie b\u0142. Karoliny \u2013 m\u0119czennicy, patronki diecezji. Rozpocz\u0119cie Nowenny przed wspomnieniem Matki Bo\u017cej od Cudownego Medalika.<\/p>\n<p>5. W \u015brod\u0119 o 19.30 przyb\u0119d\u0105 kap\u0142ani z dekanatu na nabo\u017ce\u0144stwo za zmar\u0142ych kap\u0142an\u00f3w, a p\u00f3\u017aniej b\u0119dzie dekanalna kongregacja ksi\u0119\u017cy.<\/p>\n<p>6. W czwartek od 17.15 adoracja Naj\u015bwi\u0119tszego Sakramentu z okazj\u0105 do spowiedzi.<\/p>\n<p>7. W czwartek o 20.00 czuwanie modlitewne w ramach przygotowania do \u015awiatowych Dni M\u0142odzie\u017cy. Zapraszamy kandydat\u00f3w do bierzmowania z III klasy gimnazjum, m\u0142odzie\u017c gimnazjaln\u0105 i ze szk\u00f3\u0142 \u015brednich, a tak\u017ce rodziny kt\u00f3re b\u0119d\u0105 przyjmowa\u0107 m\u0142odzie\u017c z zagranicy.<\/p>\n<p>8. W pi\u0105tek nabo\u017ce\u0144stwo do Bo\u017cego Mi\u0142osierdzia.<\/p>\n<p>9. W sobot\u0119 o 10.00 pr\u00f3ba scholi.<\/p>\n<p>10. W przysz\u0142\u0105 niedziel\u0119 Uroczysto\u015b\u0107 Chrystusa Kr\u00f3la \u2013 po prymarii wystawienie i nabo\u017ce\u0144stwo do Serca Pana Jezusa, r\u00f3\u017caniec r\u00f3\u017ca El\u017cbiety G\u0142odowskiej.<\/p>\n<p>11. Serdeczne B\u00f3g zap\u0142a\u0107 za ofiary na sprz\u0105tanie ko\u015bcio\u0142a. Dobieg\u0142a ko\u0144ca pierwsza kolejka, kt\u00f3ra trwa\u0142a 2 i p\u00f3\u0142 roku \u2013 dzi\u0119kujemy wszystkim ofiarodawcom. Z ul. Herbowej prosimy rodziny: Ireny Kyc, Joanny Pa\u0142ka, Gra\u017cyny Leniart, Bo\u017ceny Gajoch, Marii Baran, El\u017cbiety Adamczyk, Haliny Dragu\u0142a, Ma\u0142gorzaty Kuku\u0142ka, Agaty Jaworskiej. Ofiar\u0119 na sprz\u0105tanie, \u015brodki czysto\u015bci i kwiaty sk\u0142adamy u siostry w zakrystii, w kopercie na tac\u0119 albo kto\u015b w rejonie zbiera i przynosi do siostry.<\/p>\n<p>12. Bardzo prosimy aby na cmentarzu dokonywa\u0107 segregacji \u015bmieci. Na pryzm\u0119 sk\u0142adamy tylko traw\u0119, kwiaty ci\u0119te i kwiaty doniczkowe bez doniczek. Wszystkie pozosta\u0142e \u015bmieci sk\u0142adujemy do kontener\u00f3w. Kontenery w tej licznie stoj\u0105 ostatni tydzie\u0144, potem b\u0119dzie tylko 1 kontener, prosimy poznosi\u0107 wypalone znicze. Segregacja pozwala cz\u0119\u015b\u0107 odpad\u00f3w wywie\u017a\u0107 na kompost.<\/p>\n<p>13. W \u015brod\u0119 (18.11) w bibliotece osiedlowej b\u0119dzie spotkanie pt. \u201eTajniki ikony\u201d: spotkanie z artystk\u0105, wystawa ikon.<\/p>\n<p>14. W zakrystii mo\u017cna naby\u0107 kalendarze rolnik\u00f3w na rok 2016 \u2013 zawieraj\u0105 wiele ciekawych informacji.<\/p>\n","protected":false},"excerpt":{"rendered":"<p>&#8230;<\/p>\n","protected":false},"author":1,"featured_media":4336,"comment_status":"closed","ping_status":"open","sticky":false,"template":"","format":"standard","meta":{"ngg_post_thumbnail":0,"footnotes":""},"categories":[14],"tags":[],"class_list":["post-4330","post","type-post","status-publish","format-standard","has-post-thumbnail","hentry","category-ogloszenia_duszp"],"_links":{"self":[{"href":"https:\/\/mbsniezna.rzeszow.pl\/index.php\/wp-json\/wp\/v2\/posts\/4330","targetHints":{"allow":["GET"]}}],"collection":[{"href":"https:\/\/mbsniezna.rzeszow.pl\/index.php\/wp-json\/wp\/v2\/posts"}],"about":[{"href":"https:\/\/mbsniezna.rzeszow.pl\/index.php\/wp-json\/wp\/v2\/types\/post"}],"author":[{"embeddable":true,"href":"https:\/\/mbsniezna.rzeszow.pl\/index.php\/wp-json\/wp\/v2\/users\/1"}],"replies":[{"embeddable":true,"href":"https:\/\/mbsniezna.rzeszow.pl\/index.php\/wp-json\/wp\/v2\/comments?post=4330"}],"version-history":[{"count":1,"href":"https:\/\/mbsniezna.rzeszow.pl\/index.php\/wp-json\/wp\/v2\/posts\/4330\/revisions"}],"predecessor-version":[{"id":4331,"href":"https:\/\/mbsniezna.rzeszow.pl\/index.php\/wp-json\/wp\/v2\/posts\/4330\/revisions\/4331"}],"wp:featuredmedia":[{"embeddable":true,"href":"https:\/\/mbsniezna.rzeszow.pl\/index.php\/wp-json\/wp\/v2\/media\/4336"}],"wp:attachment":[{"href":"https:\/\/mbsniezna.rzeszow.pl\/index.php\/wp-json\/wp\/v2\/media?parent=4330"}],"wp:term":[{"taxonomy":"category","embeddable":true,"href":"https:\/\/mbsniezna.rzeszow.pl\/index.php\/wp-json\/wp\/v2\/categories?post=4330"},{"taxonomy":"post_tag","embeddable":true,"href":"https:\/\/mbsniezna.rzeszow.pl\/index.php\/wp-json\/wp\/v2\/tags?post=4330"}],"curies":[{"name":"wp","href":"https:\/\/api.w.org\/{rel}","templated":true}]}}