{"id":4354,"date":"2015-12-21T21:43:21","date_gmt":"2015-12-21T20:43:21","guid":{"rendered":"https:\/\/mbsniezna.rzeszow.pl\/?p=4354"},"modified":"2015-12-21T21:43:21","modified_gmt":"2015-12-21T20:43:21","slug":"intencje-mszalne-21-12-2015-27-12-2015-r","status":"publish","type":"post","link":"https:\/\/mbsniezna.rzeszow.pl\/index.php\/2015\/12\/21\/intencje-mszalne-21-12-2015-27-12-2015-r\/","title":{"rendered":"Intencje Mszalne 21.12.2015 \u2013 27.12.2015 r."},"content":{"rendered":"<p><strong>Poniedzia\u0142ek: 21.12 <\/strong><\/p>\n<table width=\"699\">\n<tbody>\n<tr>\n<td width=\"76\"><strong>7.00<\/strong><\/td>\n<td width=\"624\">1.\u00a0\u00a0\u00a0\u00a0\u00a0 + Zofia, Szymon Raczak, + J\u00f3zefa (k) Przyby\u0142o<\/p>\n<p>2.\u00a0\u00a0\u00a0\u00a0\u00a0 + Gustaw Warzocha od dow\u00f3dztwa, policjant\u00f3w i pracownik\u00f3w Oddzia\u0142u Prewencji Policji<\/td>\n<\/tr>\n<tr>\n<td width=\"76\"><strong>18.00<\/strong><\/td>\n<td width=\"624\">1.\u00a0\u00a0\u00a0\u00a0\u00a0 + Maria Warzocha (21)<\/p>\n<p>2.\u00a0\u00a0\u00a0\u00a0\u00a0 + Maria Zimierowicz od matki chrzestnej z rodzin\u0105<\/td>\n<\/tr>\n<\/tbody>\n<\/table>\n<p><strong>Wtorek: 22.12 <\/strong><\/p>\n<table width=\"699\">\n<tbody>\n<tr>\n<td width=\"76\"><strong>7.00<\/strong><\/td>\n<td width=\"624\">1.\u00a0\u00a0\u00a0\u00a0\u00a0 + Maria Warzocha (22)<\/p>\n<p>2.\u00a0\u00a0\u00a0\u00a0\u00a0 + Julia Kozik od rodziny Skoczylas z Siedlisk<\/p>\n<p>3.\u00a0\u00a0\u00a0\u00a0\u00a0 + Barbara \u017bmuda od rodziny Burych z D\u0105browy<\/td>\n<\/tr>\n<tr>\n<td width=\"76\"><strong>18.00<\/strong><\/td>\n<td width=\"624\">1.\u00a0\u00a0\u00a0\u00a0\u00a0 + Bronis\u0142aw Pa\u015bko w 10 r. \u015bmierci, + Tomasz<\/p>\n<p>2.\u00a0\u00a0\u00a0\u00a0\u00a0 + Zofia Chmiel od Leszka z rodzin\u0105<\/td>\n<\/tr>\n<\/tbody>\n<\/table>\n<p>&nbsp;<\/p>\n<p><strong>\u015aroda: 23.12<\/strong><\/p>\n<table width=\"699\">\n<tbody>\n<tr>\n<td width=\"76\"><strong>7.00<\/strong><\/td>\n<td width=\"624\">1.\u00a0\u00a0\u00a0\u00a0\u00a0 + Maria Warzocha (23)<\/p>\n<p>2.\u00a0\u00a0\u00a0\u00a0\u00a0 + Zofia Pa\u015bko od syna<\/p>\n<p>3.\u00a0\u00a0\u00a0\u00a0\u00a0 + Stanis\u0142aw Michalski od pracownik\u00f3w Poczty w Tyczynie<\/td>\n<\/tr>\n<tr>\n<td width=\"76\"><strong>18.00<\/strong><\/td>\n<td width=\"624\">1.\u00a0\u00a0\u00a0\u00a0\u00a0 + Wiktoria, Stanis\u0142aw Zych, + Adam Seweryn Dudek<\/p>\n<p>2.\u00a0\u00a0\u00a0\u00a0\u00a0 O zdrowie dla Andrzeja<\/p>\n<p>3.\u00a0\u00a0\u00a0\u00a0\u00a0 + Helena Bomba od siostry z rodzin\u0105<\/td>\n<\/tr>\n<\/tbody>\n<\/table>\n<p>&nbsp;<\/p>\n<p><strong>Czwartek: 24.12 Wigilia<\/strong><\/p>\n<table width=\"699\">\n<tbody>\n<tr>\n<td width=\"76\"><strong>7.00<\/strong><\/td>\n<td width=\"624\">1.\u00a0\u00a0\u00a0\u00a0\u00a0 + Maria Warzocha (24)<\/p>\n<p>2.\u00a0\u00a0\u00a0\u00a0\u00a0 + Janina Mi\u0105sik<\/p>\n<p>3.\u00a0\u00a0\u00a0\u00a0\u00a0 + Helena Majcher od siostrzenicy Marty z rodzin\u0105<\/p>\n<p>4.\u00a0\u00a0\u00a0\u00a0\u00a0 + Gustaw Warzocha od rodziny Marciniak\u00f3w i Pasierb\u00f3w &#8211; zako\u0144czenie Mszy pogrzebowych<\/td>\n<\/tr>\n<\/tbody>\n<\/table>\n<p><strong>\u00a0<\/strong><\/p>\n<p><strong>Pi\u0105tek: 25.12 Bo\u017ce Narodzenie<\/strong><\/p>\n<table width=\"699\">\n<tbody>\n<tr>\n<td width=\"76\"><strong>00.00<\/strong><\/td>\n<td width=\"624\">1.\u00a0\u00a0\u00a0\u00a0\u00a0 Za parafian<\/p>\n<p>2.\u00a0\u00a0\u00a0\u00a0\u00a0 + Maria Zimierowicz od Anny Bodzioch<\/p>\n<p>3.\u00a0\u00a0\u00a0\u00a0\u00a0 + Julia Kozik od rodziny Kuc<\/td>\n<\/tr>\n<tr>\n<td width=\"76\"><strong>7.00<\/strong><\/td>\n<td width=\"624\">+ Maria Warzocha (25)<\/td>\n<\/tr>\n<tr>\n<td width=\"76\"><strong>9.00<\/strong><\/td>\n<td width=\"624\">+ Maria, J\u00f3zef oraz zmarli z rodziny Kaszub\u00f3w i Burych<\/td>\n<\/tr>\n<tr>\n<td width=\"76\"><strong>10.30<\/strong><\/td>\n<td width=\"624\">+ Antoni G\u0142odowski<\/td>\n<\/tr>\n<tr>\n<td width=\"76\"><strong>12.00<\/strong><\/td>\n<td width=\"624\">+ Stanis\u0142aw i Stanis\u0142awa Konieczkowscy, Franciszka (k) i Zbigniew Bu\u0107<\/td>\n<\/tr>\n<\/tbody>\n<\/table>\n<p><strong>\u00a0<\/strong><\/p>\n<p><strong>Sobota: 26.12 \u015aw. Szczepana<\/strong><\/p>\n<table width=\"699\">\n<tbody>\n<tr>\n<td width=\"76\"><strong>7.00<\/strong><\/td>\n<td width=\"624\">+ Genowefa Motowid\u0142o, + Roman<\/td>\n<\/tr>\n<tr>\n<td width=\"76\"><strong>9.00<\/strong><\/td>\n<td width=\"624\">+ Jadwiga, Henryk Bry\u015b oraz siostra Alicja<\/td>\n<\/tr>\n<tr>\n<td width=\"76\"><strong>10.30<\/strong><\/td>\n<td width=\"624\">+ Maria Warzocha (26)<\/td>\n<\/tr>\n<tr>\n<td width=\"76\"><strong>12.00<\/strong><\/td>\n<td width=\"624\">+ Wies\u0142awa(k), Stanis\u0142aw Piekie\u0142ek i Gra\u017cyna Paluch<\/td>\n<\/tr>\n<\/tbody>\n<\/table>\n<p><strong>NIEDZIELA: 27.12 \u015awi\u0119to \u015awi\u0119tej Rodziny<\/strong><\/p>\n<table width=\"699\">\n<tbody>\n<tr>\n<td width=\"76\"><strong>7.00<\/strong><\/td>\n<td width=\"624\">Dzi\u0119kczynna z pro\u015bb\u0105 o Bo\u017ce b\u0142ogos\u0142awie\u0144stwo dla Karola w 18 urodziny<\/td>\n<\/tr>\n<tr>\n<td width=\"76\"><strong>9.00<\/strong><\/td>\n<td width=\"624\">+ Stanis\u0142aw i Cecylia Szczygie\u0142<\/td>\n<\/tr>\n<tr>\n<td width=\"76\"><strong>10.30<\/strong><\/td>\n<td width=\"624\">+ Marian, Helena i Micha\u0142 Skiba<\/td>\n<\/tr>\n<tr>\n<td width=\"76\"><strong>12.00<\/strong><\/td>\n<td width=\"624\">1.\u00a0\u00a0\u00a0\u00a0\u00a0 Adam, Stefania i Tadeusz Rzeszutek<\/p>\n<p>2.\u00a0\u00a0\u00a0\u00a0\u00a0 + Antonina Kuczmarz od m\u0119\u017ca i dzieci z rodziny (x. go\u015b\u0107)<\/td>\n<\/tr>\n<tr>\n<td width=\"76\"><strong>16.00<\/strong><\/td>\n<td width=\"624\">+ Maria Warzocha (27)<\/td>\n<\/tr>\n<tr>\n<td width=\"76\"><strong>18.00<\/strong><\/td>\n<td width=\"624\">Dzi\u0119kczynna w 55 rocznic\u0119 \u015blubu z pro\u015bb\u0105 o Bo\u017ce b\u0142ogos\u0142awie\u0144stwo dla Weroniki i W\u0142adys\u0142awa od \u0141ukasza i Justyny<\/td>\n<\/tr>\n<\/tbody>\n<\/table>\n","protected":false},"excerpt":{"rendered":"<p>&#8230;<\/p>\n","protected":false},"author":1,"featured_media":144,"comment_status":"closed","ping_status":"open","sticky":false,"template":"","format":"standard","meta":{"ngg_post_thumbnail":0,"footnotes":""},"categories":[4],"tags":[],"class_list":["post-4354","post","type-post","status-publish","format-standard","has-post-thumbnail","hentry","category-intencje"],"_links":{"self":[{"href":"https:\/\/mbsniezna.rzeszow.pl\/index.php\/wp-json\/wp\/v2\/posts\/4354","targetHints":{"allow":["GET"]}}],"collection":[{"href":"https:\/\/mbsniezna.rzeszow.pl\/index.php\/wp-json\/wp\/v2\/posts"}],"about":[{"href":"https:\/\/mbsniezna.rzeszow.pl\/index.php\/wp-json\/wp\/v2\/types\/post"}],"author":[{"embeddable":true,"href":"https:\/\/mbsniezna.rzeszow.pl\/index.php\/wp-json\/wp\/v2\/users\/1"}],"replies":[{"embeddable":true,"href":"https:\/\/mbsniezna.rzeszow.pl\/index.php\/wp-json\/wp\/v2\/comments?post=4354"}],"version-history":[{"count":1,"href":"https:\/\/mbsniezna.rzeszow.pl\/index.php\/wp-json\/wp\/v2\/posts\/4354\/revisions"}],"predecessor-version":[{"id":4355,"href":"https:\/\/mbsniezna.rzeszow.pl\/index.php\/wp-json\/wp\/v2\/posts\/4354\/revisions\/4355"}],"wp:featuredmedia":[{"embeddable":true,"href":"https:\/\/mbsniezna.rzeszow.pl\/index.php\/wp-json\/wp\/v2\/media\/144"}],"wp:attachment":[{"href":"https:\/\/mbsniezna.rzeszow.pl\/index.php\/wp-json\/wp\/v2\/media?parent=4354"}],"wp:term":[{"taxonomy":"category","embeddable":true,"href":"https:\/\/mbsniezna.rzeszow.pl\/index.php\/wp-json\/wp\/v2\/categories?post=4354"},{"taxonomy":"post_tag","embeddable":true,"href":"https:\/\/mbsniezna.rzeszow.pl\/index.php\/wp-json\/wp\/v2\/tags?post=4354"}],"curies":[{"name":"wp","href":"https:\/\/api.w.org\/{rel}","templated":true}]}}