{"id":4356,"date":"2015-12-21T21:46:33","date_gmt":"2015-12-21T20:46:33","guid":{"rendered":"https:\/\/mbsniezna.rzeszow.pl\/?p=4356"},"modified":"2015-12-21T21:46:33","modified_gmt":"2015-12-21T20:46:33","slug":"swiateczne-zyczenia-ksiezy-biskupow","status":"publish","type":"post","link":"https:\/\/mbsniezna.rzeszow.pl\/index.php\/2015\/12\/21\/swiateczne-zyczenia-ksiezy-biskupow\/","title":{"rendered":"\u015awi\u0105teczne \u017cyczenia Ksi\u0119\u017cy Biskup\u00f3w"},"content":{"rendered":"<p>Rodzisz si\u0119, Panie, by niebo da\u0107 ludziom,<br \/>\nA jako cz\u0142owiek jednym z nas si\u0119 sta\u0142e\u015b;<br \/>\nO\u015bwie\u0107 umys\u0142y i serca poci\u0105gnij<br \/>\nWi\u0119zi\u0105 mi\u0142o\u015bci.<br \/>\n(Liturgia Godzin)<\/p>\n<p>Umi\u0142owani Diecezjanie!<\/p>\n<p style=\"text-align: justify;\">Razem z Wami stajemy z zachwytem i wdzi\u0119czno\u015bci\u0105 wobec bezgranicznej mi\u0142o\u015bci Boga i adorujemy \u201eS\u0142owo, kt\u00f3re Cia\u0142em si\u0119 sta\u0142o\u201d. Narodziny Chrystusa, kt\u00f3rych pami\u0105tk\u0119 \u015bwi\u0119tujemy, s\u0105 dla nas \u017ar\u00f3d\u0142em rado\u015bci i nadziei. W najg\u0142\u0119bszej swej istocie m\u00f3wi\u0105, \u017ce Ten, kt\u00f3ry przychodzi, jest Bogiem z nami. Betlejem jest znakiem Jego blisko\u015bci, czu\u0142o\u015bci i mi\u0142osierdzia. Tylko B\u00f3g m\u00f3g\u0142 si\u0119 tak uni\u017cy\u0107 i tak ofiarowa\u0107, a zarazem tak poci\u0105ga\u0107, zachwyca\u0107 i obdarowywa\u0107 tym, czego najbardziej potrzebujemy. W ten radosny czas spe\u0142nia si\u0119 to, o czym pisa\u0142 papie\u017c Franciszek: \u201eRado\u015b\u0107 Ewangelii nape\u0142nia serce i ca\u0142e \u017cycie tych, kt\u00f3rzy spotykaj\u0105 si\u0119 z Jezusem, kt\u00f3rzy pozwalaj\u0105, \u017ceby ich zbawi\u0142, zostaj\u0105 wyzwoleni od grzechu, smutku, od wewn\u0119trznej pustki, od izolacji\u201d (EG nr 1).<\/p>\n<p style=\"text-align: justify;\">W takiej \u015bwi\u0105tecznej atmosferze i w duchowej \u0142\u0105czno\u015bci \u0142amiemy si\u0119 z Wami bia\u0142ym op\u0142atkiem i sk\u0142adamy serdeczne \u017cyczenia. Kierujemy je do os\u00f3b samotnych i do \u017cyj\u0105cych w rodzinach; do chorych i do zdrowych; do os\u00f3b starszych i do m\u0142odych; do parafii i dzia\u0142aj\u0105cych w nich wsp\u00f3lnot duszpasterskich; wreszcie do os\u00f3b konsekrowanych, katechet\u00f3w i wszystkich duszpasterzy. Niech Pan znajdzie w naszych sercach, domach, rodzinach i wsp\u00f3lnotach przestrze\u0144 dla siebie; niech nawraca nasze serca i umys\u0142y; niech poszerza wyobra\u017ani\u0119, aby\u015bmy potrafili przyj\u0105\u0107 dar Jego mi\u0142osierdzia a zarazem rozpozna\u0107 Go w tych, poprzez kt\u00f3rych na co dzie\u0144 do nas przychodzi.<\/p>\n<p style=\"text-align: justify;\">Niech Jubileuszowy Rok 2016 b\u0119dzie dla nas wszystkich szczeg\u00f3lnym rokiem \u0142aski, a ka\u017cdy jego dzie\u0144 niech otoczy swoj\u0105 macierzy\u0144sk\u0105 opiek\u0105 Maryja, Matka Mi\u0142osierdzia.<\/p>\n<p>Zapewniaj\u0105c o modlitewnej pami\u0119ci i prosz\u0105c o ni\u0105 udzielamy pasterskiego b\u0142ogos\u0142awie\u0144stwa.<\/p>\n<p>+ Jan W\u0105troba<br \/>\n+ Edward Bia\u0142og\u0142owski<br \/>\n+ Kazimierz G\u00f3rny<\/p>\n<p>Rzesz\u00f3w, Bo\u017ce Narodzenie 2015 r.<\/p>\n","protected":false},"excerpt":{"rendered":"<p>&#8230;<\/p>\n","protected":false},"author":1,"featured_media":4357,"comment_status":"closed","ping_status":"open","sticky":false,"template":"","format":"standard","meta":{"ngg_post_thumbnail":0,"footnotes":""},"categories":[13],"tags":[],"class_list":["post-4356","post","type-post","status-publish","format-standard","has-post-thumbnail","hentry","category-newsy"],"_links":{"self":[{"href":"https:\/\/mbsniezna.rzeszow.pl\/index.php\/wp-json\/wp\/v2\/posts\/4356","targetHints":{"allow":["GET"]}}],"collection":[{"href":"https:\/\/mbsniezna.rzeszow.pl\/index.php\/wp-json\/wp\/v2\/posts"}],"about":[{"href":"https:\/\/mbsniezna.rzeszow.pl\/index.php\/wp-json\/wp\/v2\/types\/post"}],"author":[{"embeddable":true,"href":"https:\/\/mbsniezna.rzeszow.pl\/index.php\/wp-json\/wp\/v2\/users\/1"}],"replies":[{"embeddable":true,"href":"https:\/\/mbsniezna.rzeszow.pl\/index.php\/wp-json\/wp\/v2\/comments?post=4356"}],"version-history":[{"count":1,"href":"https:\/\/mbsniezna.rzeszow.pl\/index.php\/wp-json\/wp\/v2\/posts\/4356\/revisions"}],"predecessor-version":[{"id":4359,"href":"https:\/\/mbsniezna.rzeszow.pl\/index.php\/wp-json\/wp\/v2\/posts\/4356\/revisions\/4359"}],"wp:featuredmedia":[{"embeddable":true,"href":"https:\/\/mbsniezna.rzeszow.pl\/index.php\/wp-json\/wp\/v2\/media\/4357"}],"wp:attachment":[{"href":"https:\/\/mbsniezna.rzeszow.pl\/index.php\/wp-json\/wp\/v2\/media?parent=4356"}],"wp:term":[{"taxonomy":"category","embeddable":true,"href":"https:\/\/mbsniezna.rzeszow.pl\/index.php\/wp-json\/wp\/v2\/categories?post=4356"},{"taxonomy":"post_tag","embeddable":true,"href":"https:\/\/mbsniezna.rzeszow.pl\/index.php\/wp-json\/wp\/v2\/tags?post=4356"}],"curies":[{"name":"wp","href":"https:\/\/api.w.org\/{rel}","templated":true}]}}