{"id":4362,"date":"2015-12-21T23:55:38","date_gmt":"2015-12-21T22:55:38","guid":{"rendered":"https:\/\/mbsniezna.rzeszow.pl\/?p=4362"},"modified":"2015-12-29T19:01:20","modified_gmt":"2015-12-29T18:01:20","slug":"zyczenia-ks-proboszcza-na-swieta-bozego-narodzenia","status":"publish","type":"post","link":"https:\/\/mbsniezna.rzeszow.pl\/index.php\/2015\/12\/21\/zyczenia-ks-proboszcza-na-swieta-bozego-narodzenia\/","title":{"rendered":"\u017byczenia Ks. Proboszcza na \u015awi\u0119ta Bo\u017cego Narodzenia"},"content":{"rendered":"<p>Wszystkim parafianom pragn\u0119 przekaza\u0107 serdeczne \u017cyczenia na \u015awi\u0119ta Bo\u017cego Narodzenia i Nowy Rok 2016. Niech Chrystus w tajemnicy Bo\u017cego Narodzenia obdarza wszystkich obfitymi \u0142askami, pokojem i rado\u015bci\u0105. Niech Maryja Bogarodzica uprasza potrzebne \u0142aski na ka\u017cdy dzie\u0144.<\/p>\n<p>Niech na ka\u017cdym z nas spe\u0142ni\u0105 si\u0119 s\u0142owa b\u0142ogos\u0142awie\u0144stwa z Ksi\u0119gi Liczb:<\/p>\n<p>&#8222;Niech ci\u0119 Pan b\u0142ogos\u0142awi i strze\u017ce.Niech Pan rozpromieni oblicze swe nad\u00a0tob\u0105, niech ci\u0119 obdarzy sw\u0105 \u0142ask\u0105.\u00a0Niech zwr\u00f3ci ku tobie oblicze swoje i niech ci\u0119 obdarzy pokojem&#8221; (Lb 6, 24-26).<\/p>\n<p>Ks. Mieczys\u0142aw Lignowski<\/p>\n<p>proboszcz<\/p>\n","protected":false},"excerpt":{"rendered":"<p>&#8230;<\/p>\n","protected":false},"author":1,"featured_media":4363,"comment_status":"closed","ping_status":"open","sticky":false,"template":"","format":"standard","meta":{"ngg_post_thumbnail":0,"footnotes":""},"categories":[5],"tags":[],"class_list":["post-4362","post","type-post","status-publish","format-standard","has-post-thumbnail","hentry","category-komunikaty"],"_links":{"self":[{"href":"https:\/\/mbsniezna.rzeszow.pl\/index.php\/wp-json\/wp\/v2\/posts\/4362","targetHints":{"allow":["GET"]}}],"collection":[{"href":"https:\/\/mbsniezna.rzeszow.pl\/index.php\/wp-json\/wp\/v2\/posts"}],"about":[{"href":"https:\/\/mbsniezna.rzeszow.pl\/index.php\/wp-json\/wp\/v2\/types\/post"}],"author":[{"embeddable":true,"href":"https:\/\/mbsniezna.rzeszow.pl\/index.php\/wp-json\/wp\/v2\/users\/1"}],"replies":[{"embeddable":true,"href":"https:\/\/mbsniezna.rzeszow.pl\/index.php\/wp-json\/wp\/v2\/comments?post=4362"}],"version-history":[{"count":1,"href":"https:\/\/mbsniezna.rzeszow.pl\/index.php\/wp-json\/wp\/v2\/posts\/4362\/revisions"}],"predecessor-version":[{"id":4364,"href":"https:\/\/mbsniezna.rzeszow.pl\/index.php\/wp-json\/wp\/v2\/posts\/4362\/revisions\/4364"}],"wp:featuredmedia":[{"embeddable":true,"href":"https:\/\/mbsniezna.rzeszow.pl\/index.php\/wp-json\/wp\/v2\/media\/4363"}],"wp:attachment":[{"href":"https:\/\/mbsniezna.rzeszow.pl\/index.php\/wp-json\/wp\/v2\/media?parent=4362"}],"wp:term":[{"taxonomy":"category","embeddable":true,"href":"https:\/\/mbsniezna.rzeszow.pl\/index.php\/wp-json\/wp\/v2\/categories?post=4362"},{"taxonomy":"post_tag","embeddable":true,"href":"https:\/\/mbsniezna.rzeszow.pl\/index.php\/wp-json\/wp\/v2\/tags?post=4362"}],"curies":[{"name":"wp","href":"https:\/\/api.w.org\/{rel}","templated":true}]}}