{"id":4367,"date":"2015-12-24T16:01:31","date_gmt":"2015-12-24T15:01:31","guid":{"rendered":"https:\/\/mbsniezna.rzeszow.pl\/?p=4367"},"modified":"2015-12-24T16:01:31","modified_gmt":"2015-12-24T15:01:31","slug":"wigilia-i-boze-narodzenie","status":"publish","type":"post","link":"https:\/\/mbsniezna.rzeszow.pl\/index.php\/2015\/12\/24\/wigilia-i-boze-narodzenie\/","title":{"rendered":"Wigilia i Bo\u017ce Narodzenie"},"content":{"rendered":"<p>WIGILIA BO\u017bEGO NARODZENIA<\/p>\n<p>Wigilia to wiecz\u00f3r poprzedzaj\u0105cy wa\u017cne \u015bwi\u0119to. Zwyczaj ten podkre\u015bla eschatologiczny sens chrze\u015bcija\u0144stwa, czyli oczekiwanie na przyj\u015bcie Chrystusa. W tradycji katolickiej najwa\u017cniejsz\u0105 wigili\u0105 jest Wigilia Paschalna, kt\u00f3ra zosta\u0142a uznana przez \u015bw. Augustyna za \u201ematk\u0119 wszystkich \u015bwi\u0119tych wigilii\u201d. Niemniej nazwa ta na sta\u0142e zwi\u0105za\u0142a si\u0119 ze \u015bwi\u0119tami Bo\u017cego Narodzenia. Wiecz\u00f3r poprzedzaj\u0105cy Narodziny Pa\u0144skie jest uroczy\u015bcie obchodzony. Kulminacyjnym punktem Wigilii Bo\u017cego Narodzenia jest wieczerza \u2013 uroczysta kolacja, do kt\u00f3rej domownicy zasiadaj\u0105 wraz z pojawieniem si\u0119 pierwszej gwiazdki. Zgodnie z tradycj\u0105 na stole dominuj\u0105 potrawy postne. Wieczerza wigilijna poprzedzona jest domow\u0105 liturgi\u0105 na kt\u00f3r\u0105 sk\u0142adaj\u0105 si\u0119: odczytanie Ewangelii o Narodzeniu Pana Jezusa, modlitwa za \u017cywych i zmar\u0142ych cz\u0142onk\u00f3w rodziny, \u017cyczenia, dzielenie si\u0119 op\u0142atkiem i \u015bpiew kol\u0119d.<\/p>\n<p>Jest w moim Kraju zwyczaj, \u017ce w dzie\u0144 wigilijny,<br \/>\nPrzy wzej\u015bciu pierwszej gwiazdy wieczornej na niebie,<br \/>\nLudzie gniazda wsp\u00f3lnego \u0142ami\u0105 chleb biblijny,<br \/>\nNajtkliwsze przekazuj\u0105c uczucia w tym chlebie.<br \/>\n(C.K. Norwid)<\/p>\n<p>PASTERKA<\/p>\n<p>Pasterka jest to pierwsza Msz\u0105 \u015bw. w \u015awi\u0119ta Bo\u017cego Narodzenia. Stanowi centralny punkt obchod\u00f3w \u015awi\u0105t. Odprawiana jest w nocy z 24 na 25 grudnia, najcz\u0119\u015bciej o p\u00f3\u0142nocy. Jej  nazwa pochodzi od pasterzy, kt\u00f3rzy pierwsi przybyli do Betlejem, gdzie w stajence narodzi\u0142 si\u0119 Jezus. W kazaniach kap\u0142ani g\u0142osz\u0105 dobr\u0105 nowin\u0119 o tym, \u017ce Syn Bo\u017cy sta\u0142 si\u0119 cz\u0142owiekiem dla naszego zbawienia.<br \/>\nPierwsz\u0105 pasterk\u0119 odprawiono w VI w. Od tamtej pory ta wyj\u0105tkowa Msza \u015bw. stanowi wa\u017cny element \u015awi\u0105t. Szczeg\u00f3lnie uroczy\u015bcie jest obchodzona nie tylko w Polsce, ale tak\u017ce w Austrii, Bawarii, Hiszpanii, W\u0142oszech i Irlandii P\u00f3\u0142nocnej. W Polsce najbardziej znane s\u0105 Pasterki na Jasnej G\u00f3rze w Cz\u0119stochowie oraz w kopalni soli w Wieliczce \u2013 100 metr\u00f3w pod ziemi\u0105.<\/p>\n<p>UROCZYSTO\u015a\u0106 NARODZENIA PA\u0143SKIEGO<\/p>\n<p>Liturgia Uroczysto\u015bci Narodzenia Pa\u0144skiego odkrywa przed nami tajemnic\u0119 Wcielenia. Ju\u017c w Starym Testamencie Pan B\u00f3g zapowiada\u0142 przyj\u015bcie na \u015bwiat Mesjasza, kt\u00f3ry wyzwoli ludzi z grzechu i \u015bmierci. Zapowied\u017a ta spe\u0142ni\u0142a si\u0119 w osobie Jezusa. Syn Bo\u017cy narodzony z Dziewicy Maryi, przyj\u0105\u0142 ludzkie cia\u0142o i ludzk\u0105 natur\u0119. W Nim dokona\u0142o si\u0119 zjednoczenie tego, co boskie z tym, co ludzkie. Oznacz to, \u017ce Jezus posiada dwie natury \u2013 ludzk\u0105 i bosk\u0105 \u2013 zjednoczone w jednej osobie. W taki to spos\u00f3b, w ubogiej stajence betlejemskiej Syn Bo\u017cy wkracza w dzieje ludzko\u015bci.<\/p>\n","protected":false},"excerpt":{"rendered":"<p>&#8230;<\/p>\n","protected":false},"author":1,"featured_media":4357,"comment_status":"closed","ping_status":"open","sticky":false,"template":"","format":"standard","meta":{"ngg_post_thumbnail":0,"footnotes":""},"categories":[13],"tags":[],"class_list":["post-4367","post","type-post","status-publish","format-standard","has-post-thumbnail","hentry","category-newsy"],"_links":{"self":[{"href":"https:\/\/mbsniezna.rzeszow.pl\/index.php\/wp-json\/wp\/v2\/posts\/4367","targetHints":{"allow":["GET"]}}],"collection":[{"href":"https:\/\/mbsniezna.rzeszow.pl\/index.php\/wp-json\/wp\/v2\/posts"}],"about":[{"href":"https:\/\/mbsniezna.rzeszow.pl\/index.php\/wp-json\/wp\/v2\/types\/post"}],"author":[{"embeddable":true,"href":"https:\/\/mbsniezna.rzeszow.pl\/index.php\/wp-json\/wp\/v2\/users\/1"}],"replies":[{"embeddable":true,"href":"https:\/\/mbsniezna.rzeszow.pl\/index.php\/wp-json\/wp\/v2\/comments?post=4367"}],"version-history":[{"count":1,"href":"https:\/\/mbsniezna.rzeszow.pl\/index.php\/wp-json\/wp\/v2\/posts\/4367\/revisions"}],"predecessor-version":[{"id":4368,"href":"https:\/\/mbsniezna.rzeszow.pl\/index.php\/wp-json\/wp\/v2\/posts\/4367\/revisions\/4368"}],"wp:featuredmedia":[{"embeddable":true,"href":"https:\/\/mbsniezna.rzeszow.pl\/index.php\/wp-json\/wp\/v2\/media\/4357"}],"wp:attachment":[{"href":"https:\/\/mbsniezna.rzeszow.pl\/index.php\/wp-json\/wp\/v2\/media?parent=4367"}],"wp:term":[{"taxonomy":"category","embeddable":true,"href":"https:\/\/mbsniezna.rzeszow.pl\/index.php\/wp-json\/wp\/v2\/categories?post=4367"},{"taxonomy":"post_tag","embeddable":true,"href":"https:\/\/mbsniezna.rzeszow.pl\/index.php\/wp-json\/wp\/v2\/tags?post=4367"}],"curies":[{"name":"wp","href":"https:\/\/api.w.org\/{rel}","templated":true}]}}