{"id":4426,"date":"2016-01-17T23:36:50","date_gmt":"2016-01-17T22:36:50","guid":{"rendered":"https:\/\/mbsniezna.rzeszow.pl\/?p=4426"},"modified":"2016-01-17T23:46:56","modified_gmt":"2016-01-17T22:46:56","slug":"sniezynki-maryi-w-orszaku-trzech-kroli","status":"publish","type":"post","link":"https:\/\/mbsniezna.rzeszow.pl\/index.php\/2016\/01\/17\/sniezynki-maryi-w-orszaku-trzech-kroli\/","title":{"rendered":"\u015anie\u017cynki Maryi w Orszaku Trzech Kr\u00f3li"},"content":{"rendered":"<p>W Uroczysto\u015b\u0107 Objawienia Pa\u0144skiego, 6 stycznia odby\u0142 si\u0119 w Rzeszowie Orszak Trzech Kr\u00f3li. Przeszed\u0142 on ulicami Rzeszowa od parkingu przy Hali Podpromie do Rynku, gdzie odby\u0142 si\u0119 ho\u0142d Trzech Kr\u00f3li Dzi\u0119ci\u0105tku Jezus. W orszaku aktywnie uczestniczy\u0142a schola &#8222;\u015anie\u017cynki Maryi&#8221; z naszej parafii wraz z Rodzicami.<div id='gallery-1' class='gallery galleryid-4426 gallery-columns-3 gallery-size-thumbnail'><dl class='gallery-item'>\n\t\t\t<dt class='gallery-icon landscape'>\n\t\t\t\t<a href='https:\/\/mbsniezna.rzeszow.pl\/index.php\/2016\/01\/17\/sniezynki-maryi-w-orszaku-trzech-kroli\/img_3435\/'><img loading=\"lazy\" decoding=\"async\" width=\"150\" height=\"150\" src=\"https:\/\/mbsniezna.rzeszow.pl\/wp-content\/uploads\/2016\/01\/IMG_3435-150x150.jpg\" class=\"attachment-thumbnail size-thumbnail\" alt=\"\" \/><\/a>\n\t\t\t<\/dt><\/dl><dl class='gallery-item'>\n\t\t\t<dt class='gallery-icon landscape'>\n\t\t\t\t<a href='https:\/\/mbsniezna.rzeszow.pl\/index.php\/2016\/01\/17\/sniezynki-maryi-w-orszaku-trzech-kroli\/img_3437\/'><img loading=\"lazy\" decoding=\"async\" width=\"150\" height=\"150\" src=\"https:\/\/mbsniezna.rzeszow.pl\/wp-content\/uploads\/2016\/01\/IMG_3437-150x150.jpg\" class=\"attachment-thumbnail size-thumbnail\" alt=\"\" \/><\/a>\n\t\t\t<\/dt><\/dl><dl class='gallery-item'>\n\t\t\t<dt class='gallery-icon portrait'>\n\t\t\t\t<a href='https:\/\/mbsniezna.rzeszow.pl\/index.php\/2016\/01\/17\/sniezynki-maryi-w-orszaku-trzech-kroli\/img_3439\/'><img loading=\"lazy\" decoding=\"async\" width=\"150\" height=\"150\" src=\"https:\/\/mbsniezna.rzeszow.pl\/wp-content\/uploads\/2016\/01\/IMG_3439-150x150.jpg\" class=\"attachment-thumbnail size-thumbnail\" alt=\"\" \/><\/a>\n\t\t\t<\/dt><\/dl><br style=\"clear: both\" \/><dl class='gallery-item'>\n\t\t\t<dt class='gallery-icon portrait'>\n\t\t\t\t<a href='https:\/\/mbsniezna.rzeszow.pl\/index.php\/2016\/01\/17\/sniezynki-maryi-w-orszaku-trzech-kroli\/img_3441\/'><img loading=\"lazy\" decoding=\"async\" width=\"150\" height=\"150\" src=\"https:\/\/mbsniezna.rzeszow.pl\/wp-content\/uploads\/2016\/01\/IMG_3441-150x150.jpg\" class=\"attachment-thumbnail size-thumbnail\" alt=\"\" \/><\/a>\n\t\t\t<\/dt><\/dl><dl class='gallery-item'>\n\t\t\t<dt class='gallery-icon portrait'>\n\t\t\t\t<a href='https:\/\/mbsniezna.rzeszow.pl\/index.php\/2016\/01\/17\/sniezynki-maryi-w-orszaku-trzech-kroli\/img_3444\/'><img loading=\"lazy\" decoding=\"async\" width=\"150\" height=\"150\" src=\"https:\/\/mbsniezna.rzeszow.pl\/wp-content\/uploads\/2016\/01\/IMG_3444-150x150.jpg\" class=\"attachment-thumbnail size-thumbnail\" alt=\"\" \/><\/a>\n\t\t\t<\/dt><\/dl><dl class='gallery-item'>\n\t\t\t<dt class='gallery-icon portrait'>\n\t\t\t\t<a href='https:\/\/mbsniezna.rzeszow.pl\/index.php\/2016\/01\/17\/sniezynki-maryi-w-orszaku-trzech-kroli\/img_3445\/'><img loading=\"lazy\" decoding=\"async\" width=\"150\" height=\"150\" src=\"https:\/\/mbsniezna.rzeszow.pl\/wp-content\/uploads\/2016\/01\/IMG_3445-150x150.jpg\" class=\"attachment-thumbnail size-thumbnail\" alt=\"\" \/><\/a>\n\t\t\t<\/dt><\/dl><br style=\"clear: both\" \/><dl class='gallery-item'>\n\t\t\t<dt class='gallery-icon landscape'>\n\t\t\t\t<a href='https:\/\/mbsniezna.rzeszow.pl\/index.php\/2016\/01\/17\/sniezynki-maryi-w-orszaku-trzech-kroli\/img_3451\/'><img loading=\"lazy\" decoding=\"async\" width=\"150\" height=\"150\" src=\"https:\/\/mbsniezna.rzeszow.pl\/wp-content\/uploads\/2016\/01\/IMG_3451-150x150.jpg\" class=\"attachment-thumbnail size-thumbnail\" alt=\"\" \/><\/a>\n\t\t\t<\/dt><\/dl><dl class='gallery-item'>\n\t\t\t<dt class='gallery-icon landscape'>\n\t\t\t\t<a href='https:\/\/mbsniezna.rzeszow.pl\/index.php\/2016\/01\/17\/sniezynki-maryi-w-orszaku-trzech-kroli\/img_3453\/'><img loading=\"lazy\" decoding=\"async\" width=\"150\" height=\"150\" src=\"https:\/\/mbsniezna.rzeszow.pl\/wp-content\/uploads\/2016\/01\/IMG_3453-150x150.jpg\" class=\"attachment-thumbnail size-thumbnail\" alt=\"\" \/><\/a>\n\t\t\t<\/dt><\/dl><dl class='gallery-item'>\n\t\t\t<dt class='gallery-icon landscape'>\n\t\t\t\t<a href='https:\/\/mbsniezna.rzeszow.pl\/index.php\/2016\/01\/17\/sniezynki-maryi-w-orszaku-trzech-kroli\/img_3454\/'><img loading=\"lazy\" decoding=\"async\" width=\"150\" height=\"150\" src=\"https:\/\/mbsniezna.rzeszow.pl\/wp-content\/uploads\/2016\/01\/IMG_3454-150x150.jpg\" class=\"attachment-thumbnail size-thumbnail\" alt=\"\" \/><\/a>\n\t\t\t<\/dt><\/dl><br style=\"clear: both\" \/><dl class='gallery-item'>\n\t\t\t<dt class='gallery-icon landscape'>\n\t\t\t\t<a href='https:\/\/mbsniezna.rzeszow.pl\/index.php\/2016\/01\/17\/sniezynki-maryi-w-orszaku-trzech-kroli\/img_3474\/'><img loading=\"lazy\" decoding=\"async\" width=\"150\" height=\"150\" src=\"https:\/\/mbsniezna.rzeszow.pl\/wp-content\/uploads\/2016\/01\/IMG_3474-150x150.jpg\" class=\"attachment-thumbnail size-thumbnail\" alt=\"\" \/><\/a>\n\t\t\t<\/dt><\/dl><dl class='gallery-item'>\n\t\t\t<dt class='gallery-icon landscape'>\n\t\t\t\t<a href='https:\/\/mbsniezna.rzeszow.pl\/index.php\/2016\/01\/17\/sniezynki-maryi-w-orszaku-trzech-kroli\/img_3477\/'><img loading=\"lazy\" decoding=\"async\" width=\"150\" height=\"150\" src=\"https:\/\/mbsniezna.rzeszow.pl\/wp-content\/uploads\/2016\/01\/IMG_3477-150x150.jpg\" class=\"attachment-thumbnail size-thumbnail\" alt=\"\" \/><\/a>\n\t\t\t<\/dt><\/dl><dl class='gallery-item'>\n\t\t\t<dt class='gallery-icon landscape'>\n\t\t\t\t<a href='https:\/\/mbsniezna.rzeszow.pl\/index.php\/2016\/01\/17\/sniezynki-maryi-w-orszaku-trzech-kroli\/img_3478\/'><img loading=\"lazy\" decoding=\"async\" width=\"150\" height=\"150\" src=\"https:\/\/mbsniezna.rzeszow.pl\/wp-content\/uploads\/2016\/01\/IMG_3478-150x150.jpg\" class=\"attachment-thumbnail size-thumbnail\" alt=\"\" \/><\/a>\n\t\t\t<\/dt><\/dl><br style=\"clear: both\" \/><dl class='gallery-item'>\n\t\t\t<dt class='gallery-icon landscape'>\n\t\t\t\t<a href='https:\/\/mbsniezna.rzeszow.pl\/index.php\/2016\/01\/17\/sniezynki-maryi-w-orszaku-trzech-kroli\/img_3480\/'><img loading=\"lazy\" decoding=\"async\" width=\"150\" height=\"150\" src=\"https:\/\/mbsniezna.rzeszow.pl\/wp-content\/uploads\/2016\/01\/IMG_3480-150x150.jpg\" class=\"attachment-thumbnail size-thumbnail\" alt=\"\" \/><\/a>\n\t\t\t<\/dt><\/dl><dl class='gallery-item'>\n\t\t\t<dt class='gallery-icon landscape'>\n\t\t\t\t<a href='https:\/\/mbsniezna.rzeszow.pl\/index.php\/2016\/01\/17\/sniezynki-maryi-w-orszaku-trzech-kroli\/img_3484\/'><img loading=\"lazy\" decoding=\"async\" width=\"150\" height=\"150\" src=\"https:\/\/mbsniezna.rzeszow.pl\/wp-content\/uploads\/2016\/01\/IMG_3484-150x150.jpg\" class=\"attachment-thumbnail size-thumbnail\" alt=\"\" \/><\/a>\n\t\t\t<\/dt><\/dl><dl class='gallery-item'>\n\t\t\t<dt class='gallery-icon landscape'>\n\t\t\t\t<a href='https:\/\/mbsniezna.rzeszow.pl\/index.php\/2016\/01\/17\/sniezynki-maryi-w-orszaku-trzech-kroli\/img_3489\/'><img loading=\"lazy\" decoding=\"async\" width=\"150\" height=\"150\" src=\"https:\/\/mbsniezna.rzeszow.pl\/wp-content\/uploads\/2016\/01\/IMG_3489-150x150.jpg\" class=\"attachment-thumbnail size-thumbnail\" alt=\"\" \/><\/a>\n\t\t\t<\/dt><\/dl><br style=\"clear: both\" \/><dl class='gallery-item'>\n\t\t\t<dt class='gallery-icon landscape'>\n\t\t\t\t<a href='https:\/\/mbsniezna.rzeszow.pl\/index.php\/2016\/01\/17\/sniezynki-maryi-w-orszaku-trzech-kroli\/img_3502\/'><img loading=\"lazy\" decoding=\"async\" width=\"150\" height=\"150\" src=\"https:\/\/mbsniezna.rzeszow.pl\/wp-content\/uploads\/2016\/01\/IMG_3502-150x150.jpg\" class=\"attachment-thumbnail size-thumbnail\" alt=\"\" \/><\/a>\n\t\t\t<\/dt><\/dl><dl class='gallery-item'>\n\t\t\t<dt class='gallery-icon landscape'>\n\t\t\t\t<a href='https:\/\/mbsniezna.rzeszow.pl\/index.php\/2016\/01\/17\/sniezynki-maryi-w-orszaku-trzech-kroli\/img_3505\/'><img loading=\"lazy\" decoding=\"async\" width=\"150\" height=\"150\" src=\"https:\/\/mbsniezna.rzeszow.pl\/wp-content\/uploads\/2016\/01\/IMG_3505-150x150.jpg\" class=\"attachment-thumbnail size-thumbnail\" alt=\"\" \/><\/a>\n\t\t\t<\/dt><\/dl><dl class='gallery-item'>\n\t\t\t<dt class='gallery-icon landscape'>\n\t\t\t\t<a href='https:\/\/mbsniezna.rzeszow.pl\/index.php\/2016\/01\/17\/sniezynki-maryi-w-orszaku-trzech-kroli\/img_3517\/'><img loading=\"lazy\" decoding=\"async\" width=\"150\" height=\"150\" src=\"https:\/\/mbsniezna.rzeszow.pl\/wp-content\/uploads\/2016\/01\/IMG_3517-150x150.jpg\" class=\"attachment-thumbnail size-thumbnail\" alt=\"\" \/><\/a>\n\t\t\t<\/dt><\/dl><br style=\"clear: both\" \/>\n\t\t<\/div>\n<br \/>\nS. Magdalena Bia\u0142orudzka<\/p>\n","protected":false},"excerpt":{"rendered":"<p>&#8230;<\/p>\n","protected":false},"author":1,"featured_media":4431,"comment_status":"closed","ping_status":"open","sticky":false,"template":"","format":"standard","meta":{"ngg_post_thumbnail":0,"footnotes":""},"categories":[13],"tags":[],"class_list":["post-4426","post","type-post","status-publish","format-standard","has-post-thumbnail","hentry","category-newsy"],"_links":{"self":[{"href":"https:\/\/mbsniezna.rzeszow.pl\/index.php\/wp-json\/wp\/v2\/posts\/4426","targetHints":{"allow":["GET"]}}],"collection":[{"href":"https:\/\/mbsniezna.rzeszow.pl\/index.php\/wp-json\/wp\/v2\/posts"}],"about":[{"href":"https:\/\/mbsniezna.rzeszow.pl\/index.php\/wp-json\/wp\/v2\/types\/post"}],"author":[{"embeddable":true,"href":"https:\/\/mbsniezna.rzeszow.pl\/index.php\/wp-json\/wp\/v2\/users\/1"}],"replies":[{"embeddable":true,"href":"https:\/\/mbsniezna.rzeszow.pl\/index.php\/wp-json\/wp\/v2\/comments?post=4426"}],"version-history":[{"count":3,"href":"https:\/\/mbsniezna.rzeszow.pl\/index.php\/wp-json\/wp\/v2\/posts\/4426\/revisions"}],"predecessor-version":[{"id":4454,"href":"https:\/\/mbsniezna.rzeszow.pl\/index.php\/wp-json\/wp\/v2\/posts\/4426\/revisions\/4454"}],"wp:featuredmedia":[{"embeddable":true,"href":"https:\/\/mbsniezna.rzeszow.pl\/index.php\/wp-json\/wp\/v2\/media\/4431"}],"wp:attachment":[{"href":"https:\/\/mbsniezna.rzeszow.pl\/index.php\/wp-json\/wp\/v2\/media?parent=4426"}],"wp:term":[{"taxonomy":"category","embeddable":true,"href":"https:\/\/mbsniezna.rzeszow.pl\/index.php\/wp-json\/wp\/v2\/categories?post=4426"},{"taxonomy":"post_tag","embeddable":true,"href":"https:\/\/mbsniezna.rzeszow.pl\/index.php\/wp-json\/wp\/v2\/tags?post=4426"}],"curies":[{"name":"wp","href":"https:\/\/api.w.org\/{rel}","templated":true}]}}