{"id":4456,"date":"2016-01-23T21:21:42","date_gmt":"2016-01-23T20:21:42","guid":{"rendered":"https:\/\/mbsniezna.rzeszow.pl\/?p=4456"},"modified":"2016-01-23T21:23:37","modified_gmt":"2016-01-23T20:23:37","slug":"sniezynki-maryi-w-domu-dziecka-w-rzeszowie","status":"publish","type":"post","link":"https:\/\/mbsniezna.rzeszow.pl\/index.php\/2016\/01\/23\/sniezynki-maryi-w-domu-dziecka-w-rzeszowie\/","title":{"rendered":"&#8222;\u015anie\u017cynki Maryi&#8221;  w Domu Dziecka w Rzeszowie"},"content":{"rendered":"<p><div id='gallery-1' class='gallery galleryid-4456 gallery-columns-3 gallery-size-thumbnail'><dl class='gallery-item'>\n\t\t\t<dt class='gallery-icon landscape'>\n\t\t\t\t<a href='https:\/\/mbsniezna.rzeszow.pl\/index.php\/2016\/01\/23\/sniezynki-maryi-w-domu-dziecka-w-rzeszowie\/23-01-2016-koledowanie-w-domu-dziecka-w-rzeszowie-1-3043983\/'><img loading=\"lazy\" decoding=\"async\" width=\"150\" height=\"150\" src=\"https:\/\/mbsniezna.rzeszow.pl\/wp-content\/uploads\/2016\/01\/23.01.2016-Kol\u0119dowanie-w-Domu-Dziecka-w-Rzeszowie-1-3043983-150x150.jpg\" class=\"attachment-thumbnail size-thumbnail\" alt=\"\" \/><\/a>\n\t\t\t<\/dt><\/dl><dl class='gallery-item'>\n\t\t\t<dt class='gallery-icon landscape'>\n\t\t\t\t<a href='https:\/\/mbsniezna.rzeszow.pl\/index.php\/2016\/01\/23\/sniezynki-maryi-w-domu-dziecka-w-rzeszowie\/23-01-2016-koledowanie-w-domu-dziecka-w-rzeszowie-2-3043984\/'><img loading=\"lazy\" decoding=\"async\" width=\"150\" height=\"150\" src=\"https:\/\/mbsniezna.rzeszow.pl\/wp-content\/uploads\/2016\/01\/23.01.2016-Kol\u0119dowanie-w-Domu-Dziecka-w-Rzeszowie-2-3043984-150x150.jpg\" class=\"attachment-thumbnail size-thumbnail\" alt=\"\" \/><\/a>\n\t\t\t<\/dt><\/dl><dl class='gallery-item'>\n\t\t\t<dt class='gallery-icon landscape'>\n\t\t\t\t<a href='https:\/\/mbsniezna.rzeszow.pl\/index.php\/2016\/01\/23\/sniezynki-maryi-w-domu-dziecka-w-rzeszowie\/23-01-2016-koledowanie-w-domu-dziecka-w-rzeszowie-3-3043985\/'><img loading=\"lazy\" decoding=\"async\" width=\"150\" height=\"150\" src=\"https:\/\/mbsniezna.rzeszow.pl\/wp-content\/uploads\/2016\/01\/23.01.2016-Kol\u0119dowanie-w-Domu-Dziecka-w-Rzeszowie-3-3043985-150x150.jpg\" class=\"attachment-thumbnail size-thumbnail\" alt=\"\" \/><\/a>\n\t\t\t<\/dt><\/dl><br style=\"clear: both\" \/><dl class='gallery-item'>\n\t\t\t<dt class='gallery-icon landscape'>\n\t\t\t\t<a href='https:\/\/mbsniezna.rzeszow.pl\/index.php\/2016\/01\/23\/sniezynki-maryi-w-domu-dziecka-w-rzeszowie\/23-01-2016-koledowanie-w-domu-dziecka-w-rzeszowie-4-3043986\/'><img loading=\"lazy\" decoding=\"async\" width=\"150\" height=\"150\" src=\"https:\/\/mbsniezna.rzeszow.pl\/wp-content\/uploads\/2016\/01\/23.01.2016-Kol\u0119dowanie-w-Domu-Dziecka-w-Rzeszowie-4-3043986-150x150.jpg\" class=\"attachment-thumbnail size-thumbnail\" alt=\"\" \/><\/a>\n\t\t\t<\/dt><\/dl><dl class='gallery-item'>\n\t\t\t<dt class='gallery-icon landscape'>\n\t\t\t\t<a href='https:\/\/mbsniezna.rzeszow.pl\/index.php\/2016\/01\/23\/sniezynki-maryi-w-domu-dziecka-w-rzeszowie\/23-01-2016-koledowanie-w-domu-dziecka-w-rzeszowie-9-3043993\/'><img loading=\"lazy\" decoding=\"async\" width=\"150\" height=\"150\" src=\"https:\/\/mbsniezna.rzeszow.pl\/wp-content\/uploads\/2016\/01\/23.01.2016-Kol\u0119dowanie-w-Domu-Dziecka-w-Rzeszowie-9-3043993-150x150.jpg\" class=\"attachment-thumbnail size-thumbnail\" alt=\"\" \/><\/a>\n\t\t\t<\/dt><\/dl><dl class='gallery-item'>\n\t\t\t<dt class='gallery-icon landscape'>\n\t\t\t\t<a href='https:\/\/mbsniezna.rzeszow.pl\/index.php\/2016\/01\/23\/sniezynki-maryi-w-domu-dziecka-w-rzeszowie\/23-01-2016-koledowanie-w-domu-dziecka-w-rzeszowie-10-3043994\/'><img loading=\"lazy\" decoding=\"async\" width=\"150\" height=\"150\" src=\"https:\/\/mbsniezna.rzeszow.pl\/wp-content\/uploads\/2016\/01\/23.01.2016-Kol\u0119dowanie-w-Domu-Dziecka-w-Rzeszowie-10-3043994-150x150.jpg\" class=\"attachment-thumbnail size-thumbnail\" alt=\"\" \/><\/a>\n\t\t\t<\/dt><\/dl><br style=\"clear: both\" \/><dl class='gallery-item'>\n\t\t\t<dt class='gallery-icon landscape'>\n\t\t\t\t<a href='https:\/\/mbsniezna.rzeszow.pl\/index.php\/2016\/01\/23\/sniezynki-maryi-w-domu-dziecka-w-rzeszowie\/23-01-2016-koledowanie-w-domu-dziecka-w-rzeszowie-13-3043995\/'><img loading=\"lazy\" decoding=\"async\" width=\"150\" height=\"150\" src=\"https:\/\/mbsniezna.rzeszow.pl\/wp-content\/uploads\/2016\/01\/23.01.2016-Kol\u0119dowanie-w-Domu-Dziecka-w-Rzeszowie-13-3043995-150x150.jpg\" class=\"attachment-thumbnail size-thumbnail\" alt=\"\" \/><\/a>\n\t\t\t<\/dt><\/dl><dl class='gallery-item'>\n\t\t\t<dt class='gallery-icon landscape'>\n\t\t\t\t<a href='https:\/\/mbsniezna.rzeszow.pl\/index.php\/2016\/01\/23\/sniezynki-maryi-w-domu-dziecka-w-rzeszowie\/23-01-2016-koledowanie-w-domu-dziecka-w-rzeszowie-15-3043996\/'><img loading=\"lazy\" decoding=\"async\" width=\"150\" height=\"150\" src=\"https:\/\/mbsniezna.rzeszow.pl\/wp-content\/uploads\/2016\/01\/23.01.2016-Kol\u0119dowanie-w-Domu-Dziecka-w-Rzeszowie-15-3043996-150x150.jpg\" class=\"attachment-thumbnail size-thumbnail\" alt=\"\" \/><\/a>\n\t\t\t<\/dt><\/dl><dl class='gallery-item'>\n\t\t\t<dt class='gallery-icon landscape'>\n\t\t\t\t<a href='https:\/\/mbsniezna.rzeszow.pl\/index.php\/2016\/01\/23\/sniezynki-maryi-w-domu-dziecka-w-rzeszowie\/23-01-2016-koledowanie-w-domu-dziecka-w-rzeszowie-42-3044003\/'><img loading=\"lazy\" decoding=\"async\" width=\"150\" height=\"150\" src=\"https:\/\/mbsniezna.rzeszow.pl\/wp-content\/uploads\/2016\/01\/23.01.2016-Kol\u0119dowanie-w-Domu-Dziecka-w-Rzeszowie-42-3044003-150x150.jpg\" class=\"attachment-thumbnail size-thumbnail\" alt=\"\" \/><\/a>\n\t\t\t<\/dt><\/dl><br style=\"clear: both\" \/><dl class='gallery-item'>\n\t\t\t<dt class='gallery-icon landscape'>\n\t\t\t\t<a href='https:\/\/mbsniezna.rzeszow.pl\/index.php\/2016\/01\/23\/sniezynki-maryi-w-domu-dziecka-w-rzeszowie\/23-01-2016-koledowanie-w-domu-dziecka-w-rzeszowie-48-3044004\/'><img loading=\"lazy\" decoding=\"async\" width=\"150\" height=\"150\" src=\"https:\/\/mbsniezna.rzeszow.pl\/wp-content\/uploads\/2016\/01\/23.01.2016-Kol\u0119dowanie-w-Domu-Dziecka-w-Rzeszowie-48-3044004-150x150.jpg\" class=\"attachment-thumbnail size-thumbnail\" alt=\"\" \/><\/a>\n\t\t\t<\/dt><\/dl><dl class='gallery-item'>\n\t\t\t<dt class='gallery-icon landscape'>\n\t\t\t\t<a href='https:\/\/mbsniezna.rzeszow.pl\/index.php\/2016\/01\/23\/sniezynki-maryi-w-domu-dziecka-w-rzeszowie\/23-01-2016-koledowanie-w-domu-dziecka-w-rzeszowie-51-3044005\/'><img loading=\"lazy\" decoding=\"async\" width=\"150\" height=\"150\" src=\"https:\/\/mbsniezna.rzeszow.pl\/wp-content\/uploads\/2016\/01\/23.01.2016-Kol\u0119dowanie-w-Domu-Dziecka-w-Rzeszowie-51-3044005-150x150.jpg\" class=\"attachment-thumbnail size-thumbnail\" alt=\"\" \/><\/a>\n\t\t\t<\/dt><\/dl><dl class='gallery-item'>\n\t\t\t<dt class='gallery-icon landscape'>\n\t\t\t\t<a href='https:\/\/mbsniezna.rzeszow.pl\/index.php\/2016\/01\/23\/sniezynki-maryi-w-domu-dziecka-w-rzeszowie\/23-01-2016-koledowanie-w-domu-dziecka-w-rzeszowie-108-3044168\/'><img loading=\"lazy\" decoding=\"async\" width=\"150\" height=\"150\" src=\"https:\/\/mbsniezna.rzeszow.pl\/wp-content\/uploads\/2016\/01\/23.01.2016-Kol\u0119dowanie-w-Domu-Dziecka-w-Rzeszowie-108-3044168-150x150.jpg\" class=\"attachment-thumbnail size-thumbnail\" alt=\"\" \/><\/a>\n\t\t\t<\/dt><\/dl><br style=\"clear: both\" \/><dl class='gallery-item'>\n\t\t\t<dt class='gallery-icon landscape'>\n\t\t\t\t<a href='https:\/\/mbsniezna.rzeszow.pl\/index.php\/2016\/01\/23\/sniezynki-maryi-w-domu-dziecka-w-rzeszowie\/23-01-2016-koledowanie-w-domu-dziecka-w-rzeszowie-138-3044170\/'><img loading=\"lazy\" decoding=\"async\" width=\"150\" height=\"150\" src=\"https:\/\/mbsniezna.rzeszow.pl\/wp-content\/uploads\/2016\/01\/23.01.2016-Kol\u0119dowanie-w-Domu-Dziecka-w-Rzeszowie-138-3044170-150x150.jpg\" class=\"attachment-thumbnail size-thumbnail\" alt=\"\" \/><\/a>\n\t\t\t<\/dt><\/dl><dl class='gallery-item'>\n\t\t\t<dt class='gallery-icon landscape'>\n\t\t\t\t<a href='https:\/\/mbsniezna.rzeszow.pl\/index.php\/2016\/01\/23\/sniezynki-maryi-w-domu-dziecka-w-rzeszowie\/23-01-2016-koledowanie-w-domu-dziecka-w-rzeszowie-157-3044469\/'><img loading=\"lazy\" decoding=\"async\" width=\"150\" height=\"150\" src=\"https:\/\/mbsniezna.rzeszow.pl\/wp-content\/uploads\/2016\/01\/23.01.2016-Kol\u0119dowanie-w-Domu-Dziecka-w-Rzeszowie-157-3044469-150x150.jpg\" class=\"attachment-thumbnail size-thumbnail\" alt=\"\" \/><\/a>\n\t\t\t<\/dt><\/dl>\n\t\t\t<br style='clear: both' \/>\n\t\t<\/div>\n23 stycznia schola \u015anie\u017cynki Maryi uda\u0142a si\u0119 do Domu Dziecka w Rzeszowie na wsp\u00f3lne kol\u0119dowanie. By\u0142 to czas rado\u015bci i wsp\u00f3lnego dzielenia si\u0119 dobrem. Po wsp\u00f3lnym wy\u015bpiewaniu kol\u0119d i pastora\u0142ek, by\u0142 czas na spotkanie integracyjne, pocz\u0119stunek i wsp\u00f3lne zabawy taneczne. <\/p>\n","protected":false},"excerpt":{"rendered":"<p>&#8230;<\/p>\n","protected":false},"author":1,"featured_media":4457,"comment_status":"closed","ping_status":"open","sticky":false,"template":"","format":"standard","meta":{"ngg_post_thumbnail":0,"footnotes":""},"categories":[18,13],"tags":[],"class_list":["post-4456","post","type-post","status-publish","format-standard","has-post-thumbnail","hentry","category-galerie_2016","category-newsy"],"_links":{"self":[{"href":"https:\/\/mbsniezna.rzeszow.pl\/index.php\/wp-json\/wp\/v2\/posts\/4456","targetHints":{"allow":["GET"]}}],"collection":[{"href":"https:\/\/mbsniezna.rzeszow.pl\/index.php\/wp-json\/wp\/v2\/posts"}],"about":[{"href":"https:\/\/mbsniezna.rzeszow.pl\/index.php\/wp-json\/wp\/v2\/types\/post"}],"author":[{"embeddable":true,"href":"https:\/\/mbsniezna.rzeszow.pl\/index.php\/wp-json\/wp\/v2\/users\/1"}],"replies":[{"embeddable":true,"href":"https:\/\/mbsniezna.rzeszow.pl\/index.php\/wp-json\/wp\/v2\/comments?post=4456"}],"version-history":[{"count":1,"href":"https:\/\/mbsniezna.rzeszow.pl\/index.php\/wp-json\/wp\/v2\/posts\/4456\/revisions"}],"predecessor-version":[{"id":4471,"href":"https:\/\/mbsniezna.rzeszow.pl\/index.php\/wp-json\/wp\/v2\/posts\/4456\/revisions\/4471"}],"wp:featuredmedia":[{"embeddable":true,"href":"https:\/\/mbsniezna.rzeszow.pl\/index.php\/wp-json\/wp\/v2\/media\/4457"}],"wp:attachment":[{"href":"https:\/\/mbsniezna.rzeszow.pl\/index.php\/wp-json\/wp\/v2\/media?parent=4456"}],"wp:term":[{"taxonomy":"category","embeddable":true,"href":"https:\/\/mbsniezna.rzeszow.pl\/index.php\/wp-json\/wp\/v2\/categories?post=4456"},{"taxonomy":"post_tag","embeddable":true,"href":"https:\/\/mbsniezna.rzeszow.pl\/index.php\/wp-json\/wp\/v2\/tags?post=4456"}],"curies":[{"name":"wp","href":"https:\/\/api.w.org\/{rel}","templated":true}]}}