{"id":4522,"date":"2016-02-01T21:21:33","date_gmt":"2016-02-01T20:21:33","guid":{"rendered":"https:\/\/mbsniezna.rzeszow.pl\/?p=4522"},"modified":"2016-02-01T21:56:57","modified_gmt":"2016-02-01T20:56:57","slug":"sniezynki-koleduja-w-tyczynie","status":"publish","type":"post","link":"https:\/\/mbsniezna.rzeszow.pl\/index.php\/2016\/02\/01\/sniezynki-koleduja-w-tyczynie\/","title":{"rendered":"\u015anie\u017cynki kol\u0119duj\u0105 w Tyczynie"},"content":{"rendered":"<p>Schola &#8222;\u015anie\u017cynki Maryi&#8221; wzi\u0119\u0142a udzia\u0142 w XI Przegl\u0105dzie Kol\u0119dowym w Domu Kultury w Tyczynie. Schola zaspiewa\u0142a 2 Pastora\u0142ki: By\u0142 Pastuszek Bosy i Ostatnie \u015awiat\u0142o.<br \/>\nPodczas wyst\u0119pu dzielnie towarzyszy\u0142y scholi 4 gitarzystki i skrzypaczek.<\/p>\n<div id='gallery-1' class='gallery galleryid-4522 gallery-columns-3 gallery-size-thumbnail'><dl class='gallery-item'>\n\t\t\t<dt class='gallery-icon landscape'>\n\t\t\t\t<a href='https:\/\/mbsniezna.rzeszow.pl\/index.php\/2016\/02\/01\/sniezynki-koleduja-w-tyczynie\/31-01-2016-przeglad-koled-w-tyczynie-30-3706276\/'><img loading=\"lazy\" decoding=\"async\" width=\"150\" height=\"150\" src=\"https:\/\/mbsniezna.rzeszow.pl\/wp-content\/uploads\/2016\/02\/31.01.2016-Przegl\u0105d-kol\u0119d-w-Tyczynie-30-3706276-150x150.jpg\" class=\"attachment-thumbnail size-thumbnail\" alt=\"\" \/><\/a>\n\t\t\t<\/dt><\/dl><dl class='gallery-item'>\n\t\t\t<dt class='gallery-icon landscape'>\n\t\t\t\t<a href='https:\/\/mbsniezna.rzeszow.pl\/index.php\/2016\/02\/01\/sniezynki-koleduja-w-tyczynie\/31-01-2016-przeglad-koled-w-tyczynie-29-3706275\/'><img loading=\"lazy\" decoding=\"async\" width=\"150\" height=\"150\" src=\"https:\/\/mbsniezna.rzeszow.pl\/wp-content\/uploads\/2016\/02\/31.01.2016-Przegl\u0105d-kol\u0119d-w-Tyczynie-29-3706275-150x150.jpg\" class=\"attachment-thumbnail size-thumbnail\" alt=\"\" \/><\/a>\n\t\t\t<\/dt><\/dl><dl class='gallery-item'>\n\t\t\t<dt class='gallery-icon landscape'>\n\t\t\t\t<a href='https:\/\/mbsniezna.rzeszow.pl\/index.php\/2016\/02\/01\/sniezynki-koleduja-w-tyczynie\/31-01-2016-przeglad-koled-w-tyczynie-20-3706274\/'><img loading=\"lazy\" decoding=\"async\" width=\"150\" height=\"150\" src=\"https:\/\/mbsniezna.rzeszow.pl\/wp-content\/uploads\/2016\/02\/31.01.2016-Przegl\u0105d-kol\u0119d-w-Tyczynie-20-3706274-150x150.jpg\" class=\"attachment-thumbnail size-thumbnail\" alt=\"\" \/><\/a>\n\t\t\t<\/dt><\/dl><br style=\"clear: both\" \/><dl class='gallery-item'>\n\t\t\t<dt class='gallery-icon landscape'>\n\t\t\t\t<a href='https:\/\/mbsniezna.rzeszow.pl\/index.php\/2016\/02\/01\/sniezynki-koleduja-w-tyczynie\/31-01-2016-przeglad-koled-w-tyczynie-12-3705899\/'><img loading=\"lazy\" decoding=\"async\" width=\"150\" height=\"150\" src=\"https:\/\/mbsniezna.rzeszow.pl\/wp-content\/uploads\/2016\/02\/31.01.2016-Przegl\u0105d-kol\u0119d-w-Tyczynie-12-3705899-150x150.jpg\" class=\"attachment-thumbnail size-thumbnail\" alt=\"\" \/><\/a>\n\t\t\t<\/dt><\/dl><dl class='gallery-item'>\n\t\t\t<dt class='gallery-icon landscape'>\n\t\t\t\t<a href='https:\/\/mbsniezna.rzeszow.pl\/index.php\/2016\/02\/01\/sniezynki-koleduja-w-tyczynie\/31-01-2016-przeglad-koled-w-tyczynie-11-3705898\/'><img loading=\"lazy\" decoding=\"async\" width=\"150\" height=\"150\" src=\"https:\/\/mbsniezna.rzeszow.pl\/wp-content\/uploads\/2016\/02\/31.01.2016-Przegl\u0105d-kol\u0119d-w-Tyczynie-11-3705898-150x150.jpg\" class=\"attachment-thumbnail size-thumbnail\" alt=\"\" \/><\/a>\n\t\t\t<\/dt><\/dl><dl class='gallery-item'>\n\t\t\t<dt class='gallery-icon landscape'>\n\t\t\t\t<a href='https:\/\/mbsniezna.rzeszow.pl\/index.php\/2016\/02\/01\/sniezynki-koleduja-w-tyczynie\/31-01-2016-przeglad-koled-w-tyczynie-7-3705897\/'><img loading=\"lazy\" decoding=\"async\" width=\"150\" height=\"150\" src=\"https:\/\/mbsniezna.rzeszow.pl\/wp-content\/uploads\/2016\/02\/31.01.2016-Przegl\u0105d-kol\u0119d-w-Tyczynie-7-3705897-150x150.jpg\" class=\"attachment-thumbnail size-thumbnail\" alt=\"\" \/><\/a>\n\t\t\t<\/dt><\/dl><br style=\"clear: both\" \/><dl class='gallery-item'>\n\t\t\t<dt class='gallery-icon landscape'>\n\t\t\t\t<a href='https:\/\/mbsniezna.rzeszow.pl\/index.php\/2016\/02\/01\/sniezynki-koleduja-w-tyczynie\/31-01-2016-przeglad-koled-w-tyczynie-6-3705896\/'><img loading=\"lazy\" decoding=\"async\" width=\"150\" height=\"150\" src=\"https:\/\/mbsniezna.rzeszow.pl\/wp-content\/uploads\/2016\/02\/31.01.2016-Przegl\u0105d-kol\u0119d-w-Tyczynie-6-3705896-150x150.jpg\" class=\"attachment-thumbnail size-thumbnail\" alt=\"\" \/><\/a>\n\t\t\t<\/dt><\/dl>\n\t\t\t<br style='clear: both' \/>\n\t\t<\/div>\n\n<p>S. Magdalena Bia\u0142orudzka<\/p>\n","protected":false},"excerpt":{"rendered":"<p>&#8230;<\/p>\n","protected":false},"author":1,"featured_media":4525,"comment_status":"closed","ping_status":"open","sticky":false,"template":"","format":"standard","meta":{"ngg_post_thumbnail":0,"footnotes":""},"categories":[18,13],"tags":[],"class_list":["post-4522","post","type-post","status-publish","format-standard","has-post-thumbnail","hentry","category-galerie_2016","category-newsy"],"_links":{"self":[{"href":"https:\/\/mbsniezna.rzeszow.pl\/index.php\/wp-json\/wp\/v2\/posts\/4522","targetHints":{"allow":["GET"]}}],"collection":[{"href":"https:\/\/mbsniezna.rzeszow.pl\/index.php\/wp-json\/wp\/v2\/posts"}],"about":[{"href":"https:\/\/mbsniezna.rzeszow.pl\/index.php\/wp-json\/wp\/v2\/types\/post"}],"author":[{"embeddable":true,"href":"https:\/\/mbsniezna.rzeszow.pl\/index.php\/wp-json\/wp\/v2\/users\/1"}],"replies":[{"embeddable":true,"href":"https:\/\/mbsniezna.rzeszow.pl\/index.php\/wp-json\/wp\/v2\/comments?post=4522"}],"version-history":[{"count":1,"href":"https:\/\/mbsniezna.rzeszow.pl\/index.php\/wp-json\/wp\/v2\/posts\/4522\/revisions"}],"predecessor-version":[{"id":4530,"href":"https:\/\/mbsniezna.rzeszow.pl\/index.php\/wp-json\/wp\/v2\/posts\/4522\/revisions\/4530"}],"wp:featuredmedia":[{"embeddable":true,"href":"https:\/\/mbsniezna.rzeszow.pl\/index.php\/wp-json\/wp\/v2\/media\/4525"}],"wp:attachment":[{"href":"https:\/\/mbsniezna.rzeszow.pl\/index.php\/wp-json\/wp\/v2\/media?parent=4522"}],"wp:term":[{"taxonomy":"category","embeddable":true,"href":"https:\/\/mbsniezna.rzeszow.pl\/index.php\/wp-json\/wp\/v2\/categories?post=4522"},{"taxonomy":"post_tag","embeddable":true,"href":"https:\/\/mbsniezna.rzeszow.pl\/index.php\/wp-json\/wp\/v2\/tags?post=4522"}],"curies":[{"name":"wp","href":"https:\/\/api.w.org\/{rel}","templated":true}]}}