{"id":4574,"date":"2016-02-13T21:55:29","date_gmt":"2016-02-13T20:55:29","guid":{"rendered":"https:\/\/mbsniezna.rzeszow.pl\/?p=4574"},"modified":"2016-02-13T21:55:29","modified_gmt":"2016-02-13T20:55:29","slug":"intencje-mszalne-15-02-2015-21-02-2016-r","status":"publish","type":"post","link":"https:\/\/mbsniezna.rzeszow.pl\/index.php\/2016\/02\/13\/intencje-mszalne-15-02-2015-21-02-2016-r\/","title":{"rendered":"Intencje Mszalne 15.02.2015 \u2013 21.02.2016 r."},"content":{"rendered":"<p><strong>\u00a0<\/strong><\/p>\n<p><strong>Poniedzia\u0142ek: 15.02<\/strong><\/p>\n<table width=\"699\">\n<tbody>\n<tr>\n<td width=\"76\"><strong>7.00<\/strong><\/td>\n<td width=\"624\">1.\u00a0\u00a0\u00a0\u00a0\u00a0\u00a0 + Stanis\u0142aw i Cecylia Szczygie\u0142<\/td>\n<\/tr>\n<tr>\n<td width=\"76\"><strong>18.00<\/strong><\/td>\n<td width=\"624\">1.\u00a0\u00a0\u00a0\u00a0\u00a0\u00a0 + Leokadia Szczypka (15)<\/p>\n<p>2.\u00a0\u00a0\u00a0\u00a0\u00a0\u00a0 + Dzi\u0119kczynna za otrzymane \u0142aski z pro\u015bb\u0105 o Bo\u017ce b\u0142ogos\u0142awie\u0144stwo dla Beaty i Paw\u0142a<\/p>\n<p>3.\u00a0\u00a0\u00a0\u00a0\u00a0\u00a0 + Maria Zimierowicz od siostry Moniki, Dominiki Matys i Sebastiana Miedzi\u0144skiego<\/td>\n<\/tr>\n<\/tbody>\n<\/table>\n<p>&nbsp;<\/p>\n<p><strong>Wtorek: 16.02 <\/strong><\/p>\n<table width=\"699\">\n<tbody>\n<tr>\n<td width=\"76\"><strong>7.00<\/strong><\/td>\n<td width=\"624\">1.\u00a0\u00a0\u00a0\u00a0\u00a0\u00a0 + Barbara \u017bmuda od Zofii \u017bmuda<\/p>\n<p>2.\u00a0\u00a0\u00a0\u00a0\u00a0\u00a0 + Zofia Pa\u015bko od wsp\u00f3\u0142pracownik\u00f3w syna Andrzeja z Teknia Rzesz\u00f3w S.A.<\/td>\n<\/tr>\n<tr>\n<td width=\"76\"><strong>18.00<\/strong><\/td>\n<td width=\"624\">1.\u00a0\u00a0\u00a0\u00a0\u00a0\u00a0 + Leokadia Szczypka (16)<\/p>\n<p>2.\u00a0\u00a0\u00a0\u00a0\u00a0\u00a0 + Stanis\u0142aw Michalski od rodziny Pa\u015bkiewicz<\/p>\n<p>3.\u00a0\u00a0\u00a0\u00a0\u00a0\u00a0 + Stefania G\u0142odowska od rodziny Barty\u0144skich<\/td>\n<\/tr>\n<\/tbody>\n<\/table>\n<p>&nbsp;<\/p>\n<p><strong>\u015aroda:17.02<\/strong><\/p>\n<table width=\"699\">\n<tbody>\n<tr>\n<td width=\"76\"><strong>7.00<\/strong><\/td>\n<td width=\"624\">1.\u00a0\u00a0\u00a0\u00a0\u00a0\u00a0 + Genowefa, Helena, Tadeusz G\u0142odowski<\/p>\n<p>2.\u00a0\u00a0\u00a0\u00a0\u00a0\u00a0 + Anna Nitka od grupy Caritas<\/td>\n<\/tr>\n<tr>\n<td width=\"76\"><strong>18.00<\/strong><\/td>\n<td width=\"624\">1.\u00a0\u00a0\u00a0\u00a0\u00a0\u00a0 + Leokadia Szczypka (17)<\/p>\n<p>2.\u00a0\u00a0\u00a0\u00a0\u00a0\u00a0 + Adam Cag od c\u00f3rek z rodzinami<\/p>\n<p>3.\u00a0\u00a0\u00a0\u00a0\u00a0\u00a0 + W\u0142adys\u0142aw Mita\u0142 od przyjaci\u00f3\u0142 Stanis\u0142awa, Teresy i Ryszarda<\/td>\n<\/tr>\n<\/tbody>\n<\/table>\n<p>&nbsp;<\/p>\n<p><strong>Czwartek: 18.02<\/strong><\/p>\n<table width=\"699\">\n<tbody>\n<tr>\n<td width=\"76\"><strong>7.00<\/strong><\/td>\n<td width=\"624\">1.\u00a0\u00a0\u00a0\u00a0\u00a0\u00a0 + Janina Grzebyk od rodziny Grzebyk\u00f3w<\/p>\n<p>2.\u00a0\u00a0\u00a0\u00a0\u00a0\u00a0 + Antonina Kuczmarz od Krystyny z rodzin\u0105<\/td>\n<\/tr>\n<tr>\n<td width=\"76\"><strong>18.00<\/strong><\/td>\n<td width=\"624\">1.\u00a0\u00a0\u00a0\u00a0\u00a0\u00a0 + Leokadia Szczypka (18)<\/p>\n<p>2.\u00a0\u00a0\u00a0\u00a0\u00a0\u00a0 + Mieczys\u0142aw Pa\u015bko od s\u0105siad\u00f3w z ul. Studzianki<\/td>\n<\/tr>\n<\/tbody>\n<\/table>\n<p><strong>\u00a0<\/strong><\/p>\n<p><strong>Pi\u0105tek: 19.02<\/strong><\/p>\n<table width=\"699\">\n<tbody>\n<tr>\n<td width=\"76\"><strong>7.00<\/strong><\/td>\n<td width=\"624\">1.\u00a0\u00a0\u00a0\u00a0\u00a0\u00a0 + Wiktoria Piekie\u0142ek od syna Czes\u0142awa z rodzin\u0105<\/p>\n<p>2.\u00a0\u00a0\u00a0\u00a0\u00a0\u00a0 + Barbara \u017bmuda od Bronis\u0142awy Worek z rodzin\u0105 z Nockowej<\/td>\n<\/tr>\n<tr>\n<td width=\"76\"><strong>18.00<\/strong><\/td>\n<td width=\"624\">1.\u00a0\u00a0\u00a0\u00a0\u00a0\u00a0 + Leokadia Szczypka (19)<\/p>\n<p>2.\u00a0\u00a0\u00a0\u00a0\u00a0\u00a0 + Tadeusz G\u0142odowski od rodziny Kozdra\u015b i Ruszel<\/td>\n<\/tr>\n<\/tbody>\n<\/table>\n<p><strong>\u00a0<\/strong><\/p>\n<p><strong>Sobota:20.02<\/strong><\/p>\n<table width=\"699\">\n<tbody>\n<tr>\n<td width=\"76\"><strong>7.00<\/strong><\/td>\n<td width=\"624\">1.\u00a0\u00a0\u00a0\u00a0\u00a0\u00a0 + Stanis\u0142aw Michalski od Krzysztofa i Ma\u0142gorzaty Pr\u0119dkich z rodzin\u0105<\/p>\n<p>2.\u00a0\u00a0\u00a0\u00a0\u00a0\u00a0 + W\u0142adys\u0142aw Mita\u0142 od r\u00f3\u017cy Eugeniusza Nitki<\/td>\n<\/tr>\n<tr>\n<td width=\"76\"><strong>18.00<\/strong><\/td>\n<td width=\"624\">1.\u00a0\u00a0\u00a0\u00a0\u00a0\u00a0 + Leokadia Szczypka (20)<\/p>\n<p>2.\u00a0\u00a0\u00a0\u00a0\u00a0\u00a0 + Maria Zimierowicz od siostry Agnieszki, Leszka i Kacpra Sacharczuk &#8211; zak. Mszy pogrzebowych<\/td>\n<\/tr>\n<\/tbody>\n<\/table>\n<p><strong>\u00a0<\/strong><\/p>\n<p><strong>NIEDZIELA: 21.02<\/strong><\/p>\n<table width=\"699\">\n<tbody>\n<tr>\n<td width=\"76\"><strong>7.00<\/strong><\/td>\n<td width=\"624\">+ Stanis\u0142aw Naw\u00f3j\u00a0 w 11 r. \u015bmierci oraz zmarli z rodziny<\/td>\n<\/tr>\n<tr>\n<td width=\"76\"><strong>9.00<\/strong><\/td>\n<td width=\"624\">+ Leon Pitera w 24 r. \u015bmierci<\/td>\n<\/tr>\n<tr>\n<td width=\"76\"><strong>10.30<\/strong><\/td>\n<td width=\"624\">+ Leokadia Szczypka (21)<\/td>\n<\/tr>\n<tr>\n<td width=\"76\"><strong>12.00<\/strong><\/td>\n<td width=\"624\">\u00a0 + Edward Pa\u015bkiewicz od brata<\/td>\n<\/tr>\n<tr>\n<td width=\"76\"><strong>16.00<\/strong><\/td>\n<td width=\"624\">Dzi\u0119kczynna w 45 &#8211; lecie \u015blubu Leokadii i Jana z pro\u015bb\u0105 o Bo\u017ce b\u0142ogos\u0142awie\u0144stwo<\/td>\n<\/tr>\n<tr>\n<td width=\"76\"><strong>18.00<\/strong><\/td>\n<td width=\"624\">+ Antoni i Albina Go\u015b<\/td>\n<\/tr>\n<\/tbody>\n<\/table>\n","protected":false},"excerpt":{"rendered":"<p>&#8230;<\/p>\n","protected":false},"author":1,"featured_media":4411,"comment_status":"closed","ping_status":"open","sticky":false,"template":"","format":"standard","meta":{"ngg_post_thumbnail":0,"footnotes":""},"categories":[4],"tags":[],"class_list":["post-4574","post","type-post","status-publish","format-standard","has-post-thumbnail","hentry","category-intencje"],"_links":{"self":[{"href":"https:\/\/mbsniezna.rzeszow.pl\/index.php\/wp-json\/wp\/v2\/posts\/4574","targetHints":{"allow":["GET"]}}],"collection":[{"href":"https:\/\/mbsniezna.rzeszow.pl\/index.php\/wp-json\/wp\/v2\/posts"}],"about":[{"href":"https:\/\/mbsniezna.rzeszow.pl\/index.php\/wp-json\/wp\/v2\/types\/post"}],"author":[{"embeddable":true,"href":"https:\/\/mbsniezna.rzeszow.pl\/index.php\/wp-json\/wp\/v2\/users\/1"}],"replies":[{"embeddable":true,"href":"https:\/\/mbsniezna.rzeszow.pl\/index.php\/wp-json\/wp\/v2\/comments?post=4574"}],"version-history":[{"count":1,"href":"https:\/\/mbsniezna.rzeszow.pl\/index.php\/wp-json\/wp\/v2\/posts\/4574\/revisions"}],"predecessor-version":[{"id":4576,"href":"https:\/\/mbsniezna.rzeszow.pl\/index.php\/wp-json\/wp\/v2\/posts\/4574\/revisions\/4576"}],"wp:featuredmedia":[{"embeddable":true,"href":"https:\/\/mbsniezna.rzeszow.pl\/index.php\/wp-json\/wp\/v2\/media\/4411"}],"wp:attachment":[{"href":"https:\/\/mbsniezna.rzeszow.pl\/index.php\/wp-json\/wp\/v2\/media?parent=4574"}],"wp:term":[{"taxonomy":"category","embeddable":true,"href":"https:\/\/mbsniezna.rzeszow.pl\/index.php\/wp-json\/wp\/v2\/categories?post=4574"},{"taxonomy":"post_tag","embeddable":true,"href":"https:\/\/mbsniezna.rzeszow.pl\/index.php\/wp-json\/wp\/v2\/tags?post=4574"}],"curies":[{"name":"wp","href":"https:\/\/api.w.org\/{rel}","templated":true}]}}