{"id":4603,"date":"2016-03-05T21:31:51","date_gmt":"2016-03-05T20:31:51","guid":{"rendered":"https:\/\/mbsniezna.rzeszow.pl\/?p=4603"},"modified":"2016-03-05T21:31:51","modified_gmt":"2016-03-05T20:31:51","slug":"intencje-mszalne-07-03-2015-13-03-2016-r","status":"publish","type":"post","link":"https:\/\/mbsniezna.rzeszow.pl\/index.php\/2016\/03\/05\/intencje-mszalne-07-03-2015-13-03-2016-r\/","title":{"rendered":"Intencje Mszalne 07.03.2015 \u2013 13.03.2016 r."},"content":{"rendered":"<p><strong>Poniedzia\u0142ek: 07.03<\/strong><\/p>\n<table width=\"699\">\n<tbody>\n<tr>\n<td width=\"76\"><strong>7.00<\/strong><\/td>\n<td width=\"624\">1.\u00a0\u00a0\u00a0\u00a0\u00a0\u00a0 + Anna Stachowicz (7)<\/td>\n<\/tr>\n<tr>\n<td width=\"76\"><strong>18.00<\/strong><\/td>\n<td width=\"624\">1.\u00a0\u00a0\u00a0\u00a0\u00a0 + Jan, Maria Gliwa oraz + Franciszek i Franciszka Gawron<\/p>\n<p>2.\u00a0\u00a0\u00a0\u00a0\u00a0\u00a0 + Jan, Bronis\u0142aw G\u0142odowski<\/td>\n<\/tr>\n<\/tbody>\n<\/table>\n<p><strong>Wtorek: 08.03<\/strong><\/p>\n<table width=\"699\">\n<tbody>\n<tr>\n<td width=\"76\"><strong>7.00<\/strong><\/td>\n<td width=\"624\">1.\u00a0\u00a0\u00a0\u00a0\u00a0\u00a0 + Anna Stachowicz (8)<\/td>\n<\/tr>\n<tr>\n<td width=\"76\"><strong>18.00<\/strong><\/td>\n<td width=\"624\">1.\u00a0\u00a0\u00a0\u00a0\u00a0 + Stanis\u0142aw Kotula i zmarli z rodziny Kotul\u00f3w<\/p>\n<p>2.\u00a0\u00a0\u00a0\u00a0\u00a0\u00a0 + J\u00f3zef Cis\u0142o i J\u00f3zef Kalandyk<\/p>\n<p>3.\u00a0\u00a0\u00a0\u00a0\u00a0\u00a0 + Barbara \u017bmuda od s\u0105siad\u00f3w z ul. Chmielnej, Herbowej i Pogodne Wzg\u00f3rze (x. go\u015b\u0107)<\/td>\n<\/tr>\n<\/tbody>\n<\/table>\n<p>&nbsp;<\/p>\n<p><strong>\u015aroda:09.03<\/strong><\/p>\n<table width=\"699\">\n<tbody>\n<tr>\n<td width=\"76\"><strong>7.00<\/strong><\/td>\n<td width=\"624\">1.\u00a0\u00a0\u00a0\u00a0\u00a0\u00a0 + Anna Stachowicz (9)<\/td>\n<\/tr>\n<tr>\n<td width=\"76\"><strong>18.00<\/strong><\/td>\n<td width=\"624\">1.\u00a0\u00a0\u00a0\u00a0\u00a0 + Zofia Pa\u015bko od kuzynki z Siedlisk<\/p>\n<p>2.\u00a0\u00a0\u00a0\u00a0\u00a0\u00a0 + Stanis\u0142aw Michalski od kuzyna Mieczys\u0142awa z rodzin\u0105<\/p>\n<p>3.\u00a0\u00a0\u00a0\u00a0\u00a0\u00a0 W intencji Bierzmowanych \u2013 Ks. Biskup<\/td>\n<\/tr>\n<\/tbody>\n<\/table>\n<p>&nbsp;<\/p>\n<p><strong>Czwartek: 10.03<\/strong><\/p>\n<table width=\"699\">\n<tbody>\n<tr>\n<td width=\"76\"><strong>7.00<\/strong><\/td>\n<td width=\"624\">1.\u00a0\u00a0\u00a0\u00a0\u00a0\u00a0 + Anna Stachowicz (10)<\/td>\n<\/tr>\n<tr>\n<td width=\"76\"><strong>18.00<\/strong><\/td>\n<td width=\"624\">1.\u00a0\u00a0\u00a0\u00a0\u00a0 + Bogdan, J\u00f3zef Szcz\u0119ch<\/p>\n<p>2.\u00a0\u00a0\u00a0\u00a0\u00a0\u00a0 + Pawe\u0142 Pasierb od c\u00f3rki Gra\u017cyny<\/p>\n<p>3.\u00a0\u00a0\u00a0\u00a0\u00a0\u00a0 O zdrowie i Bo\u017ce b\u0142ogos\u0142awie\u0144stwo dla rodziny Kurpyt\u00f3w (x. go\u015b\u0107)<\/td>\n<\/tr>\n<\/tbody>\n<\/table>\n<p><strong>\u00a0<\/strong><\/p>\n<p><strong>Pi\u0105tek: 11.03<\/strong><\/p>\n<table width=\"699\">\n<tbody>\n<tr>\n<td width=\"76\"><strong>7.00<\/strong><\/td>\n<td width=\"624\">1.\u00a0\u00a0\u00a0\u00a0\u00a0\u00a0 + Anna Stachowicz (11)<\/td>\n<\/tr>\n<tr>\n<td width=\"76\"><strong>18.00<\/strong><\/td>\n<td width=\"624\">1.\u00a0\u00a0\u00a0\u00a0\u00a0 + Stefania G\u0142odowska od rodziny Brudz\u00f3w i Winiarskich<\/p>\n<p>2.\u00a0\u00a0\u00a0\u00a0\u00a0\u00a0 O zdrowie i potrzebne \u0142aski dla Ewy za przyczyn\u0105 MB \u015anie\u017cnej od Patrycji i Sebastiana<\/p>\n<p>3.\u00a0\u00a0\u00a0\u00a0\u00a0\u00a0 O zdrowie i szcz\u0119\u015bliwe rozwi\u0105zanie dla Agnieszki z pro\u015bb\u0105 o Bo\u017ce b\u0142ogos\u0142awie\u0144stwo w rodzinie (x. go\u015b\u0107)<\/td>\n<\/tr>\n<\/tbody>\n<\/table>\n<p><strong>\u00a0<\/strong><\/p>\n<p><strong>Sobota:12.03<\/strong><\/p>\n<table width=\"699\">\n<tbody>\n<tr>\n<td width=\"76\"><strong>6.00<\/strong><\/td>\n<td width=\"624\">1.\u00a0\u00a0\u00a0\u00a0\u00a0\u00a0 W intencji pielgrzym\u00f3w na Tarnice<\/td>\n<\/tr>\n<tr>\n<td width=\"76\"><strong>7.00<\/strong><\/td>\n<td width=\"624\">1.\u00a0\u00a0\u00a0\u00a0\u00a0\u00a0 + Anna Stachowicz (12)<\/td>\n<\/tr>\n<tr>\n<td width=\"76\"><strong>18.00<\/strong><\/td>\n<td width=\"624\">1.\u00a0\u00a0\u00a0\u00a0\u00a0\u00a0 O szcz\u0119\u015bliwe rozwi\u0105zanie pewnej sprawy<\/td>\n<\/tr>\n<\/tbody>\n<\/table>\n<p><strong>\u00a0<\/strong><\/p>\n<p><strong>NIEDZIELA: 13.03<\/strong><\/p>\n<table width=\"699\">\n<tbody>\n<tr>\n<td width=\"76\"><strong>7.00<\/strong><\/td>\n<td width=\"624\">+ S\u0142awomir Pa\u015bkiewicz w 10 r. \u015bmierci oraz zmar\u0142ych z rodziny<\/td>\n<\/tr>\n<tr>\n<td width=\"76\"><strong>9.00<\/strong><\/td>\n<td width=\"624\">+ Dariusz w 13 r. \u015bmierci<\/td>\n<\/tr>\n<tr>\n<td width=\"76\"><strong>10.30<\/strong><\/td>\n<td width=\"624\">+ Edward Pa\u015bkiewicz z okazji imienin od swat\u00f3w z Siedlisk<\/td>\n<\/tr>\n<tr>\n<td width=\"76\"><strong>12.00<\/strong><\/td>\n<td width=\"624\">1.\u00a0\u00a0\u00a0\u00a0\u00a0 + Krystyna S\u0142owik<\/p>\n<p>2.\u00a0\u00a0\u00a0\u00a0\u00a0\u00a0 + Anna Stachowicz (13) (x. go\u015b\u0107)<\/td>\n<\/tr>\n<tr>\n<td width=\"76\"><strong>16.00<\/strong><\/td>\n<td width=\"624\">+ Domicela i W\u0142adys\u0142aw Stanisz<\/td>\n<\/tr>\n<tr>\n<td width=\"76\"><strong>18.00<\/strong><\/td>\n<td width=\"624\">+ Jan Ciura od c\u00f3rki z rodzin\u0105<\/td>\n<\/tr>\n<\/tbody>\n<\/table>\n<p>&nbsp;<\/p>\n","protected":false},"excerpt":{"rendered":"<p>&#8230;<\/p>\n","protected":false},"author":1,"featured_media":4333,"comment_status":"closed","ping_status":"open","sticky":false,"template":"","format":"standard","meta":{"ngg_post_thumbnail":0,"footnotes":""},"categories":[4],"tags":[],"class_list":["post-4603","post","type-post","status-publish","format-standard","has-post-thumbnail","hentry","category-intencje"],"_links":{"self":[{"href":"https:\/\/mbsniezna.rzeszow.pl\/index.php\/wp-json\/wp\/v2\/posts\/4603","targetHints":{"allow":["GET"]}}],"collection":[{"href":"https:\/\/mbsniezna.rzeszow.pl\/index.php\/wp-json\/wp\/v2\/posts"}],"about":[{"href":"https:\/\/mbsniezna.rzeszow.pl\/index.php\/wp-json\/wp\/v2\/types\/post"}],"author":[{"embeddable":true,"href":"https:\/\/mbsniezna.rzeszow.pl\/index.php\/wp-json\/wp\/v2\/users\/1"}],"replies":[{"embeddable":true,"href":"https:\/\/mbsniezna.rzeszow.pl\/index.php\/wp-json\/wp\/v2\/comments?post=4603"}],"version-history":[{"count":1,"href":"https:\/\/mbsniezna.rzeszow.pl\/index.php\/wp-json\/wp\/v2\/posts\/4603\/revisions"}],"predecessor-version":[{"id":4604,"href":"https:\/\/mbsniezna.rzeszow.pl\/index.php\/wp-json\/wp\/v2\/posts\/4603\/revisions\/4604"}],"wp:featuredmedia":[{"embeddable":true,"href":"https:\/\/mbsniezna.rzeszow.pl\/index.php\/wp-json\/wp\/v2\/media\/4333"}],"wp:attachment":[{"href":"https:\/\/mbsniezna.rzeszow.pl\/index.php\/wp-json\/wp\/v2\/media?parent=4603"}],"wp:term":[{"taxonomy":"category","embeddable":true,"href":"https:\/\/mbsniezna.rzeszow.pl\/index.php\/wp-json\/wp\/v2\/categories?post=4603"},{"taxonomy":"post_tag","embeddable":true,"href":"https:\/\/mbsniezna.rzeszow.pl\/index.php\/wp-json\/wp\/v2\/tags?post=4603"}],"curies":[{"name":"wp","href":"https:\/\/api.w.org\/{rel}","templated":true}]}}