{"id":4605,"date":"2016-03-07T10:13:44","date_gmt":"2016-03-07T09:13:44","guid":{"rendered":"https:\/\/mbsniezna.rzeszow.pl\/?p=4605"},"modified":"2016-03-07T10:13:44","modified_gmt":"2016-03-07T09:13:44","slug":"przyjecie-do-scholi","status":"publish","type":"post","link":"https:\/\/mbsniezna.rzeszow.pl\/index.php\/2016\/03\/07\/przyjecie-do-scholi\/","title":{"rendered":"Przyj\u0119cie do scholi"},"content":{"rendered":"<p>W czwart\u0105 niedziel\u0119 Wielkiego Postu, tj 6 marca 2016 r, podczas Mszy \u015aw. o godz. 12.00 schola <em>\u201e\u015anie\u017cynki Maryi<\/em>\u201d przyj\u0119\u0142a do swojego grona kolejn\u0105 grup\u0119 pi\u0119knie \u015bpiewaj\u0105cych serc. W szeregi zespo\u0142u wst\u0105pi\u0142o 16 dziewczynek i 2 ch\u0142opc\u00f3w. Nowoprzyj\u0119te scholanki sk\u0142ada\u0142y przyrzeczenia ju\u017c w nowych albach, staj\u0105c si\u0119 tym samym pe\u0142noprawnymi cz\u0142onkami scholi.<\/p>\n<p>Na koniec Mszy \u015aw. odby\u0142o si\u0119 uroczyste rozdanie dyplom\u00f3w i ma\u0142ych upomink\u00f3w, jako pami\u0105tka przynale\u017cno\u015bci do scholi.<\/p>\n<p><a href=\"https:\/\/picasaweb.google.com\/106669765492843203549\/6Marca2016PrzyjecieDoScholi?authuser=0&amp;authkey=Gv1sRgCIywmPLipt2XjQE&amp;feat=directlink\">https:\/\/picasaweb.google.com\/106669765492843203549\/6Marca2016PrzyjecieDoScholi?authuser=0&amp;authkey=Gv1sRgCIywmPLipt2XjQE&amp;feat=directlink<\/a><\/p>\n","protected":false},"excerpt":{"rendered":"<p>&#8230;<\/p>\n","protected":false},"author":1,"featured_media":4606,"comment_status":"closed","ping_status":"open","sticky":false,"template":"","format":"standard","meta":{"ngg_post_thumbnail":0,"footnotes":""},"categories":[13],"tags":[],"class_list":["post-4605","post","type-post","status-publish","format-standard","has-post-thumbnail","hentry","category-newsy"],"_links":{"self":[{"href":"https:\/\/mbsniezna.rzeszow.pl\/index.php\/wp-json\/wp\/v2\/posts\/4605","targetHints":{"allow":["GET"]}}],"collection":[{"href":"https:\/\/mbsniezna.rzeszow.pl\/index.php\/wp-json\/wp\/v2\/posts"}],"about":[{"href":"https:\/\/mbsniezna.rzeszow.pl\/index.php\/wp-json\/wp\/v2\/types\/post"}],"author":[{"embeddable":true,"href":"https:\/\/mbsniezna.rzeszow.pl\/index.php\/wp-json\/wp\/v2\/users\/1"}],"replies":[{"embeddable":true,"href":"https:\/\/mbsniezna.rzeszow.pl\/index.php\/wp-json\/wp\/v2\/comments?post=4605"}],"version-history":[{"count":1,"href":"https:\/\/mbsniezna.rzeszow.pl\/index.php\/wp-json\/wp\/v2\/posts\/4605\/revisions"}],"predecessor-version":[{"id":4607,"href":"https:\/\/mbsniezna.rzeszow.pl\/index.php\/wp-json\/wp\/v2\/posts\/4605\/revisions\/4607"}],"wp:featuredmedia":[{"embeddable":true,"href":"https:\/\/mbsniezna.rzeszow.pl\/index.php\/wp-json\/wp\/v2\/media\/4606"}],"wp:attachment":[{"href":"https:\/\/mbsniezna.rzeszow.pl\/index.php\/wp-json\/wp\/v2\/media?parent=4605"}],"wp:term":[{"taxonomy":"category","embeddable":true,"href":"https:\/\/mbsniezna.rzeszow.pl\/index.php\/wp-json\/wp\/v2\/categories?post=4605"},{"taxonomy":"post_tag","embeddable":true,"href":"https:\/\/mbsniezna.rzeszow.pl\/index.php\/wp-json\/wp\/v2\/tags?post=4605"}],"curies":[{"name":"wp","href":"https:\/\/api.w.org\/{rel}","templated":true}]}}