{"id":4633,"date":"2016-03-20T23:07:02","date_gmt":"2016-03-20T22:07:02","guid":{"rendered":"https:\/\/mbsniezna.rzeszow.pl\/?p=4633"},"modified":"2016-03-20T23:07:02","modified_gmt":"2016-03-20T22:07:02","slug":"intencje-mszalne-21-03-2015-28-03-2016-r","status":"publish","type":"post","link":"https:\/\/mbsniezna.rzeszow.pl\/index.php\/2016\/03\/20\/intencje-mszalne-21-03-2015-28-03-2016-r\/","title":{"rendered":"Intencje Mszalne 21.03.2015 \u2013 28.03.2016 r."},"content":{"rendered":"<p><strong>Wielki Poniedzia\u0142ek: 21.03<\/strong><\/p>\n<table width=\"699\">\n<tbody>\n<tr>\n<td width=\"76\"><strong>7.00<\/strong><\/td>\n<td width=\"624\">1.\u00a0\u00a0\u00a0\u00a0\u00a0\u00a0 + Stanis\u0142aw Michalski w 1 r. \u015bmierci oraz za zmar\u0142ych rodzic\u00f3w i te\u015bci\u00f3w<\/td>\n<\/tr>\n<tr>\n<td width=\"76\"><strong>18.00<\/strong><\/td>\n<td width=\"624\">1.\u00a0\u00a0\u00a0\u00a0\u00a0\u00a0 + Anna Stachowicz (21)<\/p>\n<p>2.\u00a0\u00a0\u00a0\u00a0\u00a0\u00a0 + J\u00f3zefa (k) i Stanis\u0142aw Naw\u00f3j oraz zmarli z rodziny<\/p>\n<p>3.\u00a0\u00a0\u00a0\u00a0\u00a0\u00a0 + Barbara \u017bmuda od rodziny Syno\u015b\u00a0 (x. go\u015b\u0107)<\/td>\n<\/tr>\n<\/tbody>\n<\/table>\n<p>&nbsp;<\/p>\n<p><strong>Wielki Wtorek: 22.03<\/strong><\/p>\n<table width=\"699\">\n<tbody>\n<tr>\n<td width=\"76\"><strong>7.00<\/strong><\/td>\n<td width=\"624\">1.\u00a0\u00a0\u00a0\u00a0\u00a0\u00a0 O zdrowie dla Stanis\u0142awa i szcz\u0119\u015bliw\u0105 operacje<\/td>\n<\/tr>\n<tr>\n<td width=\"76\"><strong>18.00<\/strong><\/td>\n<td width=\"624\">1.\u00a0\u00a0\u00a0\u00a0\u00a0\u00a0 + J\u00f3zef Chotkowski<\/p>\n<p>2.\u00a0\u00a0\u00a0\u00a0\u00a0\u00a0 + Anna Stachowicz (22)<\/p>\n<p>3.\u00a0\u00a0\u00a0\u00a0\u00a0\u00a0 + Albina Prokop od wnuka Jacka z rodzin\u0105 (x. go\u015b\u0107)<\/td>\n<\/tr>\n<\/tbody>\n<\/table>\n<p>&nbsp;<\/p>\n<p><strong>Wielka \u015aroda:23.03<\/strong><\/p>\n<table width=\"699\">\n<tbody>\n<tr>\n<td width=\"76\"><strong>7.00<\/strong><\/td>\n<td width=\"624\">1.\u00a0\u00a0\u00a0\u00a0\u00a0\u00a0 + Anna Stachowicz (23)<\/td>\n<\/tr>\n<tr>\n<td width=\"76\"><strong>18.00<\/strong><\/td>\n<td width=\"624\">1.\u00a0\u00a0\u00a0\u00a0\u00a0\u00a0 + Zofia Stachurska w 9 r. \u015bmierci<\/p>\n<p>2.\u00a0\u00a0\u00a0\u00a0\u00a0\u00a0 + Janina Szajna od siostry<\/p>\n<p>3.\u00a0\u00a0\u00a0\u00a0\u00a0\u00a0 O zdrowie dla Stanis\u0142awa i opiek\u0119 MB \u015anie\u017cnej (x. go\u015b\u0107)<\/td>\n<\/tr>\n<\/tbody>\n<\/table>\n<p>&nbsp;<\/p>\n<p><strong>Wielki Czwartek: 24.03<\/strong><\/p>\n<table width=\"699\">\n<tbody>\n<tr>\n<td width=\"76\"><strong>18.00<\/strong><\/td>\n<td width=\"624\">1.\u00a0\u00a0\u00a0\u00a0\u00a0\u00a0 + Helena i Sylwester Kuk<\/p>\n<p>2.\u00a0\u00a0\u00a0\u00a0\u00a0\u00a0 + Anna Stachowicz (24)<\/p>\n<p>3.\u00a0\u00a0\u00a0\u00a0\u00a0\u00a0 + Helena Majcher w 1 r. \u015bmierci<\/td>\n<\/tr>\n<\/tbody>\n<\/table>\n<p><strong>\u00a0<\/strong><\/p>\n<p><strong>Wielka Sobota:26.03<\/strong><\/p>\n<table width=\"699\">\n<tbody>\n<tr>\n<td width=\"76\"><strong>19.00<\/strong><\/td>\n<td width=\"624\">1.\u00a0\u00a0\u00a0\u00a0\u00a0\u00a0 + Stanis\u0142awa (k) Lubera w 3 r. \u015bmierci od kole\u017canki z rodzin\u0105<\/p>\n<p>2.\u00a0\u00a0\u00a0\u00a0\u00a0\u00a0 + Anna Stachowicz (25)<\/p>\n<p>3.\u00a0\u00a0\u00a0\u00a0\u00a0\u00a0 + Jolanta Kotula w 1 miesi\u0105c po \u015bmierci<\/p>\n<p>4.\u00a0\u00a0\u00a0\u00a0\u00a0\u00a0 + Zofia Pa\u015bko od s\u0105siad\u00f3w Danuty i Jana z rodzin\u0105 (x. go\u015b\u0107)<\/td>\n<\/tr>\n<\/tbody>\n<\/table>\n<p><strong>\u00a0<\/strong><\/p>\n<p><strong>NIEDZIELA ZMARTWYCHWSTANIA: 27.03<\/strong><\/p>\n<table width=\"699\">\n<tbody>\n<tr>\n<td width=\"76\"><strong>6.00<\/strong><\/td>\n<td width=\"624\">1.\u00a0\u00a0\u00a0\u00a0\u00a0\u00a0 Za parafian<\/p>\n<p>2.\u00a0\u00a0\u00a0\u00a0\u00a0\u00a0 + Zbigniew Kloc i Stefania G\u0142odowska<\/p>\n<p>3.\u00a0\u00a0\u00a0\u00a0\u00a0\u00a0 O bo\u017ce b\u0142ogos\u0142awie\u0144stwo dla ch\u00f3ru parafialnego<\/td>\n<\/tr>\n<tr>\n<td width=\"76\"><strong>9.00<\/strong><\/td>\n<td width=\"624\">1.\u00a0\u00a0\u00a0\u00a0\u00a0\u00a0 + Janina Sitek oraz zmarli z rodziny (x. go\u015b\u0107)<\/p>\n<p>2.\u00a0\u00a0\u00a0\u00a0\u00a0\u00a0 + Jan Grodecki od \u017cony<\/td>\n<\/tr>\n<tr>\n<td width=\"76\"><strong>10.30<\/strong><\/td>\n<td width=\"624\">++ rodzice Mieczys\u0142aw i Zofia Fornal<\/td>\n<\/tr>\n<tr>\n<td width=\"76\"><strong>12.00<\/strong><\/td>\n<td width=\"624\">1.\u00a0\u00a0\u00a0\u00a0\u00a0\u00a0 + Les\u0142aw Skowron w 2 r. \u015bmierci (x. go\u015b\u0107)<\/p>\n<p>2.\u00a0\u00a0\u00a0\u00a0\u00a0\u00a0 + Anna Stachowicz (26)<\/td>\n<\/tr>\n<\/tbody>\n<\/table>\n<p><strong>\u00a0<\/strong><\/p>\n<p><strong>Poniedzia\u0142ek Wielkanocny: 28.03<\/strong><\/p>\n<table width=\"699\">\n<tbody>\n<tr>\n<td width=\"76\"><strong>7.00<\/strong><\/td>\n<td width=\"624\">O Bo\u017ce b\u0142ogos\u0142awie\u0144stwo\u00a0 i zdrowie dla Leokadii, Jana i Franciszka Lampart<\/td>\n<\/tr>\n<tr>\n<td width=\"76\"><strong>9.00<\/strong><\/td>\n<td width=\"624\">+ Bogdan Pasternak i Jan Kawa<\/td>\n<\/tr>\n<tr>\n<td width=\"76\"><strong>10.30<\/strong><\/td>\n<td width=\"624\">Dzi\u0119kczynna za \u0142aski z pro\u015bb\u0105 o Bo\u017ce b\u0142ogos\u0142awie\u0144stwo z r\u00f3\u017cy Zofii Kap\u0142on<\/td>\n<\/tr>\n<tr>\n<td width=\"76\"><strong>12.00<\/strong><\/td>\n<td width=\"624\">1.\u00a0\u00a0\u00a0\u00a0\u00a0\u00a0 + Stefania G\u0142odowska w 1 r. \u015bmierci<\/p>\n<p>2.\u00a0\u00a0\u00a0\u00a0\u00a0\u00a0 + Anna Stachowicz (27)<\/td>\n<\/tr>\n<\/tbody>\n<\/table>\n<p>&nbsp;<\/p>\n","protected":false},"excerpt":{"rendered":"<p>&#8230;<\/p>\n","protected":false},"author":1,"featured_media":4412,"comment_status":"closed","ping_status":"open","sticky":false,"template":"","format":"standard","meta":{"ngg_post_thumbnail":0,"footnotes":""},"categories":[4],"tags":[],"class_list":["post-4633","post","type-post","status-publish","format-standard","has-post-thumbnail","hentry","category-intencje"],"_links":{"self":[{"href":"https:\/\/mbsniezna.rzeszow.pl\/index.php\/wp-json\/wp\/v2\/posts\/4633","targetHints":{"allow":["GET"]}}],"collection":[{"href":"https:\/\/mbsniezna.rzeszow.pl\/index.php\/wp-json\/wp\/v2\/posts"}],"about":[{"href":"https:\/\/mbsniezna.rzeszow.pl\/index.php\/wp-json\/wp\/v2\/types\/post"}],"author":[{"embeddable":true,"href":"https:\/\/mbsniezna.rzeszow.pl\/index.php\/wp-json\/wp\/v2\/users\/1"}],"replies":[{"embeddable":true,"href":"https:\/\/mbsniezna.rzeszow.pl\/index.php\/wp-json\/wp\/v2\/comments?post=4633"}],"version-history":[{"count":1,"href":"https:\/\/mbsniezna.rzeszow.pl\/index.php\/wp-json\/wp\/v2\/posts\/4633\/revisions"}],"predecessor-version":[{"id":4634,"href":"https:\/\/mbsniezna.rzeszow.pl\/index.php\/wp-json\/wp\/v2\/posts\/4633\/revisions\/4634"}],"wp:featuredmedia":[{"embeddable":true,"href":"https:\/\/mbsniezna.rzeszow.pl\/index.php\/wp-json\/wp\/v2\/media\/4412"}],"wp:attachment":[{"href":"https:\/\/mbsniezna.rzeszow.pl\/index.php\/wp-json\/wp\/v2\/media?parent=4633"}],"wp:term":[{"taxonomy":"category","embeddable":true,"href":"https:\/\/mbsniezna.rzeszow.pl\/index.php\/wp-json\/wp\/v2\/categories?post=4633"},{"taxonomy":"post_tag","embeddable":true,"href":"https:\/\/mbsniezna.rzeszow.pl\/index.php\/wp-json\/wp\/v2\/tags?post=4633"}],"curies":[{"name":"wp","href":"https:\/\/api.w.org\/{rel}","templated":true}]}}