{"id":4653,"date":"2016-03-28T13:50:35","date_gmt":"2016-03-28T11:50:35","guid":{"rendered":"https:\/\/mbsniezna.rzeszow.pl\/?p=4653"},"modified":"2016-03-28T13:50:35","modified_gmt":"2016-03-28T11:50:35","slug":"intencje-mszalne-29-03-2015-03-04-2016-r","status":"publish","type":"post","link":"https:\/\/mbsniezna.rzeszow.pl\/index.php\/2016\/03\/28\/intencje-mszalne-29-03-2015-03-04-2016-r\/","title":{"rendered":"Intencje Mszalne 29.03.2015 \u2013 03.04.2016 r."},"content":{"rendered":"<p><strong>Wtorek: 29.03<\/strong><\/p>\n<table width=\"699\">\n<tbody>\n<tr>\n<td width=\"76\"><strong>7.00<\/strong><\/td>\n<td width=\"624\">1.\u00a0\u00a0\u00a0\u00a0\u00a0 + Maria<\/td>\n<\/tr>\n<tr>\n<td width=\"76\"><strong>18.00<\/strong><\/td>\n<td width=\"624\">1.\u00a0\u00a0\u00a0\u00a0\u00a0 + Anna Stachowicz (28)<\/p>\n<p>2.\u00a0\u00a0\u00a0\u00a0\u00a0 + J\u00f3zef S\u0142owik, + J\u00f3zef Kalandyk (x. go\u015b\u0107)<\/p>\n<p>3.\u00a0\u00a0\u00a0\u00a0\u00a0 + Barbara \u017bmuda od si\u00f3str r\u00f3\u017ca\u0144cowych z r\u00f3\u017cy Marii Mr\u00f3z (x. go\u015b\u0107)<\/p>\n<p>4.\u00a0\u00a0\u00a0\u00a0\u00a0 + Zofia Pa\u015bko od Eweliny Kaja i Przemys\u0142awa Hus &#8211; zak. Mszy pogrzebowych<\/td>\n<\/tr>\n<\/tbody>\n<\/table>\n<p>&nbsp;<\/p>\n<p><strong>\u015aroda: 30.03<\/strong><\/p>\n<table width=\"699\">\n<tbody>\n<tr>\n<td width=\"76\"><strong>7.00<\/strong><\/td>\n<td width=\"624\">1.\u00a0\u00a0\u00a0\u00a0\u00a0 + Edward Pa\u015bkiewicz od kolegi Bogdana<\/td>\n<\/tr>\n<tr>\n<td width=\"76\"><strong>18.00<\/strong><\/td>\n<td width=\"624\">1.\u00a0\u00a0\u00a0\u00a0\u00a0 O szcz\u0119\u015bliwe rozwi\u0105zanie dla Katarzyny<\/p>\n<p>2.\u00a0\u00a0\u00a0\u00a0\u00a0 + Anna Stachowicz (29)<\/p>\n<p>3.\u00a0\u00a0\u00a0\u00a0\u00a0 + Stanis\u0142aw Michalski od rodziny Pasierb\u00f3w i Szcz\u0119ch\u00f3w (x. go\u015b\u0107)<\/td>\n<\/tr>\n<\/tbody>\n<\/table>\n<p>&nbsp;<\/p>\n<p><strong>Czwartek: 31.03<\/strong><\/p>\n<table width=\"699\">\n<tbody>\n<tr>\n<td width=\"76\"><strong>7.00<\/strong><\/td>\n<td width=\"624\">1.\u00a0\u00a0\u00a0\u00a0\u00a0 Dzi\u0119kczynna za szcz\u0119\u015bliwe rozwi\u0105zanie<\/p>\n<p>2.\u00a0\u00a0\u00a0\u00a0\u00a0 + W\u0142adys\u0142aw Mita\u0142 od przyjaci\u00f3\u0142 Stanis\u0142awa, Teresy i Ryszarda<\/td>\n<\/tr>\n<tr>\n<td width=\"76\"><strong>18.00<\/strong><\/td>\n<td width=\"624\">3.\u00a0\u00a0\u00a0\u00a0\u00a0 + Anna Stachowicz (30) &#8211; zak. Mszy gregoria\u0144skich<\/p>\n<p>4.\u00a0\u00a0\u00a0\u00a0\u00a0 W intencji pielgrzym\u00f3w do \u0141agiewnik i ich rodzin (x. go\u015b\u0107)<\/td>\n<\/tr>\n<\/tbody>\n<\/table>\n<p><strong>\u00a0<\/strong><\/p>\n<p><strong>Pi\u0105tek: 01.04<\/strong><\/p>\n<table width=\"699\">\n<tbody>\n<tr>\n<td width=\"76\"><strong>7.00<\/strong><\/td>\n<td width=\"624\">1.\u00a0\u00a0\u00a0\u00a0\u00a0 + Julia, W\u0142adys\u0142aw, Eugeniusz<\/td>\n<\/tr>\n<tr>\n<td width=\"76\"><strong>18.00<\/strong><\/td>\n<td width=\"624\">2.\u00a0\u00a0\u00a0\u00a0\u00a0 W intencji pielgrzym\u00f3w do \u0141agiewnik i ich rodzin<\/p>\n<p>3.\u00a0\u00a0\u00a0\u00a0\u00a0 + Edward \u017bes\u0142awski (1) &#8211; rozp. Mszy gregoria\u0144skich<\/p>\n<p>4.\u00a0\u00a0\u00a0\u00a0\u00a0 + Stefania G\u0142odowska od rodziny Tylutkich z Kolbuszowej (x. go\u015b\u0107)<\/td>\n<\/tr>\n<\/tbody>\n<\/table>\n<p><strong>\u00a0<\/strong><\/p>\n<p><strong>Sobota: 02.04<\/strong><\/p>\n<table width=\"699\">\n<tbody>\n<tr>\n<td width=\"76\"><strong>7.00<\/strong><\/td>\n<td width=\"624\">1.\u00a0\u00a0\u00a0\u00a0\u00a0 + Stanis\u0142aw i Cecylia Szczygie\u0142<\/p>\n<p>2.\u00a0\u00a0\u00a0\u00a0\u00a0 + Edward \u017bes\u0142awski (2)<\/td>\n<\/tr>\n<tr>\n<td width=\"76\"><strong>18.00<\/strong><\/td>\n<td width=\"624\">1.\u00a0\u00a0\u00a0\u00a0\u00a0 Dzi\u0119kczynna za 5 lat pos\u0142ugi jako nadzwyczajni szafarze Komunii \u015awi\u0119tej<\/p>\n<p>2.\u00a0\u00a0\u00a0\u00a0\u00a0 W intencji pielgrzym\u00f3w do \u0141agiewnik i ich rodzin (x. go\u015b\u0107)<\/td>\n<\/tr>\n<\/tbody>\n<\/table>\n<p><strong>\u00a0<\/strong><\/p>\n<p><strong>NIEDZIELA: 03.04<\/strong><\/p>\n<table width=\"699\">\n<tbody>\n<tr>\n<td width=\"76\"><strong>6.00<\/strong><\/td>\n<td width=\"624\">1.\u00a0\u00a0\u00a0\u00a0\u00a0 + Adam Cag od brata z rodzin\u0105<\/p>\n<p>2.\u00a0\u00a0\u00a0\u00a0\u00a0 O zdrowie i Bo\u017ce b\u0142ogos\u0142awie\u0144stwo dla si\u00f3str z r\u00f3\u017cy Marii Mr\u00f3z i ich rodzin oraz za zmar\u0142e siostry (x. go\u015b\u0107)<\/td>\n<\/tr>\n<tr>\n<td width=\"76\"><strong>9.00<\/strong><\/td>\n<td width=\"624\">+ Stanis\u0142aw Bry\u015b w 7 r. \u015bmierci<\/td>\n<\/tr>\n<tr>\n<td width=\"76\"><strong>10.30<\/strong><\/td>\n<td width=\"624\">+ Adam Cag<\/td>\n<\/tr>\n<tr>\n<td width=\"76\"><strong>12.00<\/strong><\/td>\n<td width=\"624\">1.\u00a0\u00a0\u00a0\u00a0\u00a0 + Edward \u017bes\u0142awski (3)<\/p>\n<p>2.\u00a0\u00a0\u00a0\u00a0\u00a0 W intencji Oliwiera w 2 r. urodzin i o zdrowie dla Amelki (x. go\u015b\u0107)<\/td>\n<\/tr>\n<tr>\n<td width=\"76\"><strong>16.00<\/strong><\/td>\n<td width=\"624\">+ Jan Kostrzewa od c\u00f3rki z rodzin\u0105<\/td>\n<\/tr>\n<tr>\n<td width=\"76\"><strong>18.00<\/strong><\/td>\n<td width=\"624\">+ Adam Gawe\u0142 w 7 r. \u015bmierci<\/td>\n<\/tr>\n<\/tbody>\n<\/table>\n<p><strong>\u00a0<\/strong><\/p>\n","protected":false},"excerpt":{"rendered":"<p>&#8230;<\/p>\n","protected":false},"author":1,"featured_media":144,"comment_status":"closed","ping_status":"open","sticky":false,"template":"","format":"standard","meta":{"ngg_post_thumbnail":0,"footnotes":""},"categories":[4],"tags":[],"class_list":["post-4653","post","type-post","status-publish","format-standard","has-post-thumbnail","hentry","category-intencje"],"_links":{"self":[{"href":"https:\/\/mbsniezna.rzeszow.pl\/index.php\/wp-json\/wp\/v2\/posts\/4653","targetHints":{"allow":["GET"]}}],"collection":[{"href":"https:\/\/mbsniezna.rzeszow.pl\/index.php\/wp-json\/wp\/v2\/posts"}],"about":[{"href":"https:\/\/mbsniezna.rzeszow.pl\/index.php\/wp-json\/wp\/v2\/types\/post"}],"author":[{"embeddable":true,"href":"https:\/\/mbsniezna.rzeszow.pl\/index.php\/wp-json\/wp\/v2\/users\/1"}],"replies":[{"embeddable":true,"href":"https:\/\/mbsniezna.rzeszow.pl\/index.php\/wp-json\/wp\/v2\/comments?post=4653"}],"version-history":[{"count":1,"href":"https:\/\/mbsniezna.rzeszow.pl\/index.php\/wp-json\/wp\/v2\/posts\/4653\/revisions"}],"predecessor-version":[{"id":4654,"href":"https:\/\/mbsniezna.rzeszow.pl\/index.php\/wp-json\/wp\/v2\/posts\/4653\/revisions\/4654"}],"wp:featuredmedia":[{"embeddable":true,"href":"https:\/\/mbsniezna.rzeszow.pl\/index.php\/wp-json\/wp\/v2\/media\/144"}],"wp:attachment":[{"href":"https:\/\/mbsniezna.rzeszow.pl\/index.php\/wp-json\/wp\/v2\/media?parent=4653"}],"wp:term":[{"taxonomy":"category","embeddable":true,"href":"https:\/\/mbsniezna.rzeszow.pl\/index.php\/wp-json\/wp\/v2\/categories?post=4653"},{"taxonomy":"post_tag","embeddable":true,"href":"https:\/\/mbsniezna.rzeszow.pl\/index.php\/wp-json\/wp\/v2\/tags?post=4653"}],"curies":[{"name":"wp","href":"https:\/\/api.w.org\/{rel}","templated":true}]}}