{"id":4703,"date":"2016-05-14T23:13:35","date_gmt":"2016-05-14T21:13:35","guid":{"rendered":"https:\/\/mbsniezna.rzeszow.pl\/?p=4703"},"modified":"2016-05-14T23:13:35","modified_gmt":"2016-05-14T21:13:35","slug":"intencje-mszalne-16-05-2015-22-05-2016-r","status":"publish","type":"post","link":"https:\/\/mbsniezna.rzeszow.pl\/index.php\/2016\/05\/14\/intencje-mszalne-16-05-2015-22-05-2016-r\/","title":{"rendered":"Intencje Mszalne 16.05.2015 \u2013 22.05.2016 r."},"content":{"rendered":"<p><strong>Poniedzia\u0142ek: 16.05<\/strong><\/p>\n<table width=\"699\">\n<tbody>\n<tr>\n<td width=\"76\"><strong>7.00<\/strong><\/td>\n<td width=\"624\">+ Zdzis\u0142aw Wac\u0142awek (16)<\/td>\n<\/tr>\n<tr>\n<td width=\"76\"><strong>9.00<\/strong><\/td>\n<td width=\"624\">+ Emil, Zbigniew Jopek w 20 r. \u015bmierci<\/td>\n<\/tr>\n<tr>\n<td width=\"76\"><strong>18.00<\/strong><\/td>\n<td width=\"624\">1.\u00a0\u00a0\u00a0\u00a0\u00a0\u00a0 + Zofia<\/p>\n<p>2.\u00a0\u00a0\u00a0\u00a0\u00a0\u00a0 W intencji ks. Krzysztofa w 20 lecie kap\u0142a\u0144stwa i w intencji ksi\u0119\u017cy pracuj\u0105cych w naszej parafii<\/td>\n<\/tr>\n<\/tbody>\n<\/table>\n<p>&nbsp;<\/p>\n<p><strong>Wtorek: 17.05<\/strong><\/p>\n<table width=\"699\">\n<tbody>\n<tr>\n<td width=\"76\"><strong>7.00<\/strong><\/td>\n<td width=\"624\">1.\u00a0\u00a0\u00a0\u00a0\u00a0\u00a0 + Zdzis\u0142aw Wac\u0142awek (17)<\/p>\n<p>2.\u00a0\u00a0\u00a0\u00a0\u00a0\u00a0 + Stanis\u0142aw Michalski od Kazimierza Pa\u015bkiewicza z rodzin\u0105<\/td>\n<\/tr>\n<tr>\n<td width=\"76\"><strong>18.00<\/strong><\/td>\n<td width=\"624\">1.\u00a0\u00a0\u00a0\u00a0\u00a0\u00a0 + Antoni Ku\u015bnierz w 18 r. \u015bmierci<\/p>\n<p>2.\u00a0\u00a0\u00a0\u00a0\u00a0\u00a0 + W\u0142adys\u0142aw Kozik<\/p>\n<p>3.\u00a0\u00a0\u00a0\u00a0\u00a0\u00a0 + Adam Cag od rodziny Giba\u0142a<\/td>\n<\/tr>\n<\/tbody>\n<\/table>\n<p>&nbsp;<\/p>\n<p><strong>\u015aroda: 18.05<\/strong><\/p>\n<table width=\"699\">\n<tbody>\n<tr>\n<td width=\"76\"><strong>7.00<\/strong><\/td>\n<td width=\"624\">1.\u00a0\u00a0\u00a0\u00a0\u00a0\u00a0 + Zdzis\u0142aw Wac\u0142awek (18)<\/p>\n<p>2.\u00a0\u00a0\u00a0\u00a0\u00a0\u00a0 + W\u0142adys\u0142aw Mita\u0142 od siostry Kazimiery z rodzin\u0105<\/p>\n<p>3.\u00a0\u00a0\u00a0\u00a0\u00a0\u00a0 + Mieczys\u0142aw Pa\u015bko od Janusza z rodzin\u0105<\/td>\n<\/tr>\n<tr>\n<td width=\"76\"><strong>18.00<\/strong><\/td>\n<td width=\"624\">1.\u00a0\u00a0\u00a0\u00a0\u00a0\u00a0 + Augustyn, Tadeusz, Aniela Kalita<\/p>\n<p>2.\u00a0\u00a0\u00a0\u00a0\u00a0\u00a0 W intencji Patrycji w 18 urodziny i Mateusza w 7 urodziny<\/td>\n<\/tr>\n<\/tbody>\n<\/table>\n<p>&nbsp;<\/p>\n<p><strong>Czwartek: 19.05<\/strong><\/p>\n<table width=\"699\">\n<tbody>\n<tr>\n<td width=\"76\"><strong>7.00<\/strong><\/td>\n<td width=\"624\">1.\u00a0\u00a0\u00a0\u00a0\u00a0\u00a0 + Zdzis\u0142aw Wac\u0142awek (19)<\/p>\n<p>2.\u00a0\u00a0\u00a0\u00a0\u00a0\u00a0 + Anna Nitka od s\u0105siad\u00f3w z ul. Sportowc\u00f3w<\/p>\n<p>3.\u00a0\u00a0\u00a0\u00a0\u00a0\u00a0 + Antonina Kuczmarz od wnuka \u0141ukasza z rodzin\u0105<\/td>\n<\/tr>\n<tr>\n<td width=\"76\"><strong>18.00<\/strong><\/td>\n<td width=\"624\">1.\u00a0\u00a0\u00a0\u00a0\u00a0\u00a0 + Janusz, \u0141ukasz, Helena, Antoni oraz zmarli z rodziny<\/p>\n<p>2.\u00a0\u00a0\u00a0\u00a0\u00a0\u00a0 + Czes\u0142aw, W\u0142adys\u0142aw, Zofia Pa\u0142ka<\/td>\n<\/tr>\n<\/tbody>\n<\/table>\n<p><strong>\u00a0<\/strong><\/p>\n<p><strong>Pi\u0105tek: 20.05<\/strong><\/p>\n<table width=\"699\">\n<tbody>\n<tr>\n<td width=\"76\"><strong>7.00<\/strong><\/td>\n<td width=\"624\">1.\u00a0\u00a0\u00a0\u00a0\u00a0\u00a0 + Zdzis\u0142aw Wac\u0142awek (20)<\/p>\n<p>2.\u00a0\u00a0\u00a0\u00a0\u00a0\u00a0 + Wies\u0142aw Dudek od rodziny Pa\u015bkiewicz\u00f3w<\/td>\n<\/tr>\n<tr>\n<td width=\"76\"><strong>18.00<\/strong><\/td>\n<td width=\"624\">1.\u00a0\u00a0\u00a0\u00a0\u00a0\u00a0 + Zofia, J\u00f3zef Jopek<\/p>\n<p>2.\u00a0\u00a0\u00a0\u00a0\u00a0\u00a0 W intencji ksi\u0119\u017cy pracuj\u0105cych w parafii<\/td>\n<\/tr>\n<\/tbody>\n<\/table>\n<p><strong>\u00a0<\/strong><\/p>\n<p><strong>Sobota: 21.05<\/strong><\/p>\n<table width=\"699\">\n<tbody>\n<tr>\n<td width=\"76\"><strong>7.00<\/strong><\/td>\n<td width=\"624\">1.\u00a0\u00a0\u00a0\u00a0\u00a0\u00a0 + Zdzis\u0142aw Wac\u0142awek (21)<\/td>\n<\/tr>\n<tr>\n<td width=\"76\"><strong>18.00<\/strong><\/td>\n<td width=\"624\">1.\u00a0\u00a0\u00a0\u00a0\u00a0\u00a0 O Bo\u017ce b\u0142ogos\u0142awie\u0144stwo dla Alana<\/p>\n<p>2.\u00a0\u00a0\u00a0\u00a0\u00a0\u00a0 O potrzebne do nawr\u00f3cenia \u0142aski dla Zbigniewa oraz o Bo\u017ce b\u0142ogos\u0142awie\u0144stwo<\/p>\n<p>3.\u00a0\u00a0\u00a0\u00a0\u00a0\u00a0 + Krzysztof, Antoni, Bronis\u0142aw Cag<\/td>\n<\/tr>\n<\/tbody>\n<\/table>\n<p><strong>\u00a0<\/strong><\/p>\n<p><strong>NIEDZIELA: 22.05<\/strong><\/p>\n<table width=\"699\">\n<tbody>\n<tr>\n<td width=\"76\"><strong>7.00<\/strong><\/td>\n<td width=\"624\">W intencji si\u00f3str z r\u00f3\u017cy El\u017cbiety G\u0142odowskiej oraz za zmar\u0142e siostry i + Ann\u0119 Nitka<\/td>\n<\/tr>\n<tr>\n<td width=\"76\"><strong>9.00<\/strong><\/td>\n<td width=\"624\">+ Zdzis\u0142aw Wac\u0142awek (22)<\/td>\n<\/tr>\n<tr>\n<td width=\"76\"><strong>10.30<\/strong><\/td>\n<td width=\"624\">+ Bronis\u0142aw Pa\u0142ka oraz zmarli z rodziny Jack\u00f3w i Pa\u0142k\u00f3w<\/td>\n<\/tr>\n<tr>\n<td width=\"76\"><strong>12.00<\/strong><\/td>\n<td width=\"624\">1.\u00a0\u00a0\u00a0\u00a0\u00a0\u00a0 + Maria, W\u0142adys\u0142aw, Eugeniusz<\/p>\n<p>2.\u00a0\u00a0\u00a0\u00a0\u00a0\u00a0 W intencji Liliany w 1 r. urodzin<\/p>\n<p>3.\u00a0\u00a0\u00a0\u00a0\u00a0\u00a0 W intencji ks. Krzysztofa w 20 lecie \u017cycia kap\u0142a\u0144skiego<\/td>\n<\/tr>\n<tr>\n<td width=\"76\"><strong>16.00<\/strong><\/td>\n<td width=\"624\">+ Alfred Pa\u015bko w 8 r. \u015bmierci<\/td>\n<\/tr>\n<tr>\n<td width=\"76\"><strong>18.00<\/strong><\/td>\n<td width=\"624\">+ Zofia i Stanis\u0142aw Szczypek<\/td>\n<\/tr>\n<\/tbody>\n<\/table>\n<p><strong>\u00a0<\/strong><\/p>\n","protected":false},"excerpt":{"rendered":"<p>&#8230;<\/p>\n","protected":false},"author":1,"featured_media":4411,"comment_status":"closed","ping_status":"open","sticky":false,"template":"","format":"standard","meta":{"ngg_post_thumbnail":0,"footnotes":""},"categories":[4],"tags":[],"class_list":["post-4703","post","type-post","status-publish","format-standard","has-post-thumbnail","hentry","category-intencje"],"_links":{"self":[{"href":"https:\/\/mbsniezna.rzeszow.pl\/index.php\/wp-json\/wp\/v2\/posts\/4703","targetHints":{"allow":["GET"]}}],"collection":[{"href":"https:\/\/mbsniezna.rzeszow.pl\/index.php\/wp-json\/wp\/v2\/posts"}],"about":[{"href":"https:\/\/mbsniezna.rzeszow.pl\/index.php\/wp-json\/wp\/v2\/types\/post"}],"author":[{"embeddable":true,"href":"https:\/\/mbsniezna.rzeszow.pl\/index.php\/wp-json\/wp\/v2\/users\/1"}],"replies":[{"embeddable":true,"href":"https:\/\/mbsniezna.rzeszow.pl\/index.php\/wp-json\/wp\/v2\/comments?post=4703"}],"version-history":[{"count":1,"href":"https:\/\/mbsniezna.rzeszow.pl\/index.php\/wp-json\/wp\/v2\/posts\/4703\/revisions"}],"predecessor-version":[{"id":4704,"href":"https:\/\/mbsniezna.rzeszow.pl\/index.php\/wp-json\/wp\/v2\/posts\/4703\/revisions\/4704"}],"wp:featuredmedia":[{"embeddable":true,"href":"https:\/\/mbsniezna.rzeszow.pl\/index.php\/wp-json\/wp\/v2\/media\/4411"}],"wp:attachment":[{"href":"https:\/\/mbsniezna.rzeszow.pl\/index.php\/wp-json\/wp\/v2\/media?parent=4703"}],"wp:term":[{"taxonomy":"category","embeddable":true,"href":"https:\/\/mbsniezna.rzeszow.pl\/index.php\/wp-json\/wp\/v2\/categories?post=4703"},{"taxonomy":"post_tag","embeddable":true,"href":"https:\/\/mbsniezna.rzeszow.pl\/index.php\/wp-json\/wp\/v2\/tags?post=4703"}],"curies":[{"name":"wp","href":"https:\/\/api.w.org\/{rel}","templated":true}]}}