{"id":4707,"date":"2016-05-21T23:19:14","date_gmt":"2016-05-21T21:19:14","guid":{"rendered":"https:\/\/mbsniezna.rzeszow.pl\/?p=4707"},"modified":"2016-05-21T23:19:14","modified_gmt":"2016-05-21T21:19:14","slug":"ogloszenia-niedziela-trojcy-swietej-22-05-2016-r","status":"publish","type":"post","link":"https:\/\/mbsniezna.rzeszow.pl\/index.php\/2016\/05\/21\/ogloszenia-niedziela-trojcy-swietej-22-05-2016-r\/","title":{"rendered":"Og\u0142oszenia &#8211; Niedziela Tr\u00f3jcy \u015awi\u0119tej, 22.05.2016 r."},"content":{"rendered":"<p>OG\u0141OSZENIA \u2013 NIEDZIELA TR\u00d3JCY \u015aWI\u0118TEJ, 22 MAJA 2016 R.<\/p>\n<p>1.\tDzisiaj og\u00f3lnopolska zbi\u00f3rka do puszek na pomoc poszkodowanym przez trz\u0119sienie ziemi w Ekwadorze. O 15.30 nabo\u017ce\u0144stwo majowe.<\/p>\n<p>2.\tW czwartek uroczysto\u015b\u0107 Bo\u017cego Cia\u0142a. Porz\u0105dek Mszy \u015bw. niedzielny. Procesja eucharystyczna do czterech o\u0142tarzy b\u0119dzie po Mszy \u015bw. o 12.00 na ul. Budziwojskiej od ko\u015bcio\u0142a do Domu Kultury \u201eBudziw\u00f3j\u201d. Prosimy o przyprowadzenie ma\u0142ych dzieci do sypania kwiat\u00f3w i dzwonienia, komunijne  z kl. III, tak\u017ce te spoza naszej szko\u0142y,  prosimy o przybycie w strojach, stra\u017cak\u00f3w prosimy do chor\u0105gwi i do baldachimu. Zapraszamy te\u017c lektor\u00f3w, ministrant\u00f3w, schol\u0119, ch\u00f3r oraz zesp\u00f3\u0142 \u201eBudziwojce\u201d w strojach. Panie z ch\u00f3ru i dziewczyny ze scholii prosimy do obraz\u00f3w i feretron\u00f3w. Prosimy, aby samochodami nie zastawia\u0107 trasy procesji.<\/p>\n<p>3.\tW \u015brod\u0119 na 17.00 prosimy m\u0119\u017cczyzn z wyznaczonych rejon\u00f3w do ustawienia o\u0142tarzy i brz\u00f3zek \u2013 kontakt z panem Janem Ziemb\u0105; natomiast w Bo\u017ce Cia\u0142o na 9.15 prosimy kobiety z rejon\u00f3w w celu doko\u0144czenia ubierania  o\u0142tarzy &#8211; kontakt z siostr\u0105 zakrystiank\u0105 \u2013 potrzebne rzeczy b\u0119d\u0105 z\u0142o\u017cone w salce w dolnym ko\u015bciele.<\/p>\n<p>4.\tProcesja centralna w Rzeszowie po Mszy \u015bw. o 9.00 przed ko\u015bcio\u0142em farnym.<\/p>\n<p>5.\tW Bo\u017ce Cia\u0142o odb\u0119dzie si\u0119 koncert \u201eJednego Serca jednego Ducha\u201d od godz. 19.00 w Parku Sybirak\u00f3w na Baran\u00f3wce. Zob.: http:\/\/www.jednegoserca.pl\/.<\/p>\n<p>6.\tOd pi\u0105tku oktawa Bo\u017cego Cia\u0142a. W dni powszednie procesja eucharystyczna po Mszy wieczornej a w niedziel\u0119 na nieszporach o 15.30. Zapraszamy dzieci do sypania kwiat\u00f3w i dzwonienia oraz dzieci komunijne w strojach.<\/p>\n<p>7.\tW dniach 27-28 maja odb\u0119dzie si\u0119 ewangelizacja miasta Rzeszowa \u201eFina\u0142 Festiwalu Wiary\u201d. Zob.: http:\/\/festiwalwiary.pl\/.<\/p>\n<p>8.\tW niedziel\u0119 po Mszy \u015bw. o 12.00 na placu ko\u015bcielnym b\u0119dzie wykonany taniec uwielbienia Boga Mi\u0142osiernego. Zapraszamy. R\u00f3\u017caniec r\u00f3\u017ca Zofii Pa\u0142ka.<\/p>\n<p>9.\tW przysz\u0142\u0105 niedziel\u0119 w 1 rocznic\u0119 \u015bwi\u0119ce\u0144 ks. Damian Ziemba odprawi Msz\u0119 \u015bw. za swoich dobroczy\u0144c\u00f3w, kt\u00f3rzy dopomogli mu w doj\u015bciu do kap\u0142a\u0144stwa i organizacji prymicji.<\/p>\n<p>10.\tSpotkania: Kandydaci na ministrant\u00f3w w poniedzia\u0142ek o 17.00; ministranci w poniedzia\u0142ek o 18.00; lektorzy we wtorek o 18.00.<\/p>\n<p>11.\tZapowiedzi: Bart\u0142omiej Zembro\u0144 \u2013 Justyna Miciuda (I); Kawa &#8211; B\u0142o\u0144ska (II).<\/p>\n<p>12.\tB\u00f3g zap\u0142a\u0107 za ofiary na sprz\u0105tanie i wystr\u00f3j ko\u015bcio\u0142a, w tym tygodniu z szereg\u00f3wki nr 106 z ul. Jana Paw\u0142a II prosimy rodziny: El\u017cbiety Muszy\u0144skiej, Patrycji Juraszczyk, Lidii Flagier, Pauliny Jachim, Klaudii Lata\u0142a, Jolanty Mikitka, Pauliny Gmiterek, Natalii Nowak, Agnieszki Ba\u0107, Anny Knap, Anny Kmiotek.<\/p>\n<p>13.\tB\u00f3g zap\u0142a\u0107 za ofiary na Bo\u017ce Cia\u0142o. Z\u0142o\u017cono 2150 z\u0142. Zakupiono 4 dywany do o\u0142tarzy (wymiar 2&#215;3 m) za 1400 z\u0142, 16 kwiat\u00f3w doniczkowych (550 z\u0142), pozosta\u0142o 200 z\u0142, kt\u00f3re przekazano do kasy parafialnej.<\/p>\n<p>14.\tB\u00f3g zap\u0142a\u0107 za sk\u0142adk\u0119 inwestycyjn\u0105 z ostatniej niedzieli. Z\u0142o\u017cono \u0142\u0105cznie 10070 z\u0142 (bilon \u2013 2200 z\u0142, banknoty luzem \u2013 2300 z\u0142, banknoty w 64 kopertach \u2013 5570 z\u0142). <\/p>\n<p>15.\tKo\u0142o Gospody\u0144 i Ch\u00f3r \u201eFontes\u201d realizuj\u0105 projekt \u201eSpotkania z piosenk\u0105 biesiadn\u0105\u201d, kt\u00f3re odbywa\u0107 si\u0119 b\u0119d\u0105 w Domu Kultury \u201eCountry\u201d w dniach 23,24,27,30 maja w godz. 19-20.0. Szczeg\u00f3\u0142y na plakacie.<\/p>\n","protected":false},"excerpt":{"rendered":"<p>&#8230;<\/p>\n","protected":false},"author":1,"featured_media":4336,"comment_status":"closed","ping_status":"open","sticky":false,"template":"","format":"standard","meta":{"ngg_post_thumbnail":0,"footnotes":""},"categories":[14],"tags":[],"class_list":["post-4707","post","type-post","status-publish","format-standard","has-post-thumbnail","hentry","category-ogloszenia_duszp"],"_links":{"self":[{"href":"https:\/\/mbsniezna.rzeszow.pl\/index.php\/wp-json\/wp\/v2\/posts\/4707","targetHints":{"allow":["GET"]}}],"collection":[{"href":"https:\/\/mbsniezna.rzeszow.pl\/index.php\/wp-json\/wp\/v2\/posts"}],"about":[{"href":"https:\/\/mbsniezna.rzeszow.pl\/index.php\/wp-json\/wp\/v2\/types\/post"}],"author":[{"embeddable":true,"href":"https:\/\/mbsniezna.rzeszow.pl\/index.php\/wp-json\/wp\/v2\/users\/1"}],"replies":[{"embeddable":true,"href":"https:\/\/mbsniezna.rzeszow.pl\/index.php\/wp-json\/wp\/v2\/comments?post=4707"}],"version-history":[{"count":1,"href":"https:\/\/mbsniezna.rzeszow.pl\/index.php\/wp-json\/wp\/v2\/posts\/4707\/revisions"}],"predecessor-version":[{"id":4708,"href":"https:\/\/mbsniezna.rzeszow.pl\/index.php\/wp-json\/wp\/v2\/posts\/4707\/revisions\/4708"}],"wp:featuredmedia":[{"embeddable":true,"href":"https:\/\/mbsniezna.rzeszow.pl\/index.php\/wp-json\/wp\/v2\/media\/4336"}],"wp:attachment":[{"href":"https:\/\/mbsniezna.rzeszow.pl\/index.php\/wp-json\/wp\/v2\/media?parent=4707"}],"wp:term":[{"taxonomy":"category","embeddable":true,"href":"https:\/\/mbsniezna.rzeszow.pl\/index.php\/wp-json\/wp\/v2\/categories?post=4707"},{"taxonomy":"post_tag","embeddable":true,"href":"https:\/\/mbsniezna.rzeszow.pl\/index.php\/wp-json\/wp\/v2\/tags?post=4707"}],"curies":[{"name":"wp","href":"https:\/\/api.w.org\/{rel}","templated":true}]}}