{"id":4712,"date":"2016-05-23T16:30:37","date_gmt":"2016-05-23T14:30:37","guid":{"rendered":"https:\/\/mbsniezna.rzeszow.pl\/?p=4712"},"modified":"2016-05-23T16:30:37","modified_gmt":"2016-05-23T14:30:37","slug":"cala-polska-tanczy-dla-jpii-i-sniezynki-maryi-tez","status":"publish","type":"post","link":"https:\/\/mbsniezna.rzeszow.pl\/index.php\/2016\/05\/23\/cala-polska-tanczy-dla-jpii-i-sniezynki-maryi-tez\/","title":{"rendered":"Ca\u0142a Polska ta\u0144czy dla JPII &#8211; i \u015anie\u017cynki Maryi te\u017c!"},"content":{"rendered":"<p style=\"text-align: justify;\">Ka\u017cdego roku t\u0142umy ludzi spotykaj\u0105 si\u0119 na placach i ulicach miast, aby wsp\u00f3lnie \u2013 ta\u0144cem i muzyk\u0105 \u2013 wychwala\u0107 Pana. \u015awi\u0119tuj\u0105c, chcemy zaznaczy\u0107 nasz\u0105\u00a0<strong>pami\u0119\u0107 o Janie Pawle II<\/strong>. B\u0142ogos\u0142awi\u0142 dzie\u0142u Lednicy od samego pocz\u0105tku, dlatego data akcji FISHMOB jest zawsze bliska dniu rocznicy jego urodzin \u2013 18 maja.\u00a0Ma\u0142a delegacja scholi \u015anie\u017cynki Maryi wraz z Rodzicami uczestniczy\u0142a w Fishmobie u Ojc\u00f3w Pijar\u00f3w w Rzeszowie.<\/p>\n<p>By\u0142 to czas rado\u015bci i wdzi\u0119czno\u015bci za \u017cycie JP II.<\/p>\n<p>Zapraszamy do galerii zdj\u0119\u0107!<\/p>\n<p><a href=\"https:\/\/picasaweb.google.com\/106669765492843203549\/6287849113488900193?authkey=Gv1sRgCLzj_-Tmj5fSmwE\">https:\/\/picasaweb.google.com\/106669765492843203549\/6287849113488900193?authkey=Gv1sRgCLzj_-Tmj5fSmwE<\/a><\/p>\n<p>Magdalena Bia\u0142orudzka<\/p>\n","protected":false},"excerpt":{"rendered":"<p>&#8230;<\/p>\n","protected":false},"author":1,"featured_media":4713,"comment_status":"closed","ping_status":"open","sticky":false,"template":"","format":"standard","meta":{"ngg_post_thumbnail":0,"footnotes":""},"categories":[18,5],"tags":[],"class_list":["post-4712","post","type-post","status-publish","format-standard","has-post-thumbnail","hentry","category-galerie_2016","category-komunikaty"],"_links":{"self":[{"href":"https:\/\/mbsniezna.rzeszow.pl\/index.php\/wp-json\/wp\/v2\/posts\/4712","targetHints":{"allow":["GET"]}}],"collection":[{"href":"https:\/\/mbsniezna.rzeszow.pl\/index.php\/wp-json\/wp\/v2\/posts"}],"about":[{"href":"https:\/\/mbsniezna.rzeszow.pl\/index.php\/wp-json\/wp\/v2\/types\/post"}],"author":[{"embeddable":true,"href":"https:\/\/mbsniezna.rzeszow.pl\/index.php\/wp-json\/wp\/v2\/users\/1"}],"replies":[{"embeddable":true,"href":"https:\/\/mbsniezna.rzeszow.pl\/index.php\/wp-json\/wp\/v2\/comments?post=4712"}],"version-history":[{"count":1,"href":"https:\/\/mbsniezna.rzeszow.pl\/index.php\/wp-json\/wp\/v2\/posts\/4712\/revisions"}],"predecessor-version":[{"id":4714,"href":"https:\/\/mbsniezna.rzeszow.pl\/index.php\/wp-json\/wp\/v2\/posts\/4712\/revisions\/4714"}],"wp:featuredmedia":[{"embeddable":true,"href":"https:\/\/mbsniezna.rzeszow.pl\/index.php\/wp-json\/wp\/v2\/media\/4713"}],"wp:attachment":[{"href":"https:\/\/mbsniezna.rzeszow.pl\/index.php\/wp-json\/wp\/v2\/media?parent=4712"}],"wp:term":[{"taxonomy":"category","embeddable":true,"href":"https:\/\/mbsniezna.rzeszow.pl\/index.php\/wp-json\/wp\/v2\/categories?post=4712"},{"taxonomy":"post_tag","embeddable":true,"href":"https:\/\/mbsniezna.rzeszow.pl\/index.php\/wp-json\/wp\/v2\/tags?post=4712"}],"curies":[{"name":"wp","href":"https:\/\/api.w.org\/{rel}","templated":true}]}}