{"id":4735,"date":"2016-06-18T22:53:16","date_gmt":"2016-06-18T20:53:16","guid":{"rendered":"https:\/\/mbsniezna.rzeszow.pl\/?p=4735"},"modified":"2016-06-18T22:57:11","modified_gmt":"2016-06-18T20:57:11","slug":"intencje-mszalne-20-06-2015-26-06-2016-r","status":"publish","type":"post","link":"https:\/\/mbsniezna.rzeszow.pl\/index.php\/2016\/06\/18\/intencje-mszalne-20-06-2015-26-06-2016-r\/","title":{"rendered":"Intencje Mszalne 20.06.2016 \u2013 26.06.2016 r."},"content":{"rendered":"<p><strong>Poniedzia\u0142ek: 20.06<\/strong><\/p>\n<table width=\"699\">\n<tbody>\n<tr>\n<td width=\"76\"><strong>7.00<\/strong><\/td>\n<td width=\"624\">1.\u00a0\u00a0\u00a0\u00a0 + Eugenia Ostrowska (20)<\/td>\n<\/tr>\n<tr>\n<td width=\"76\"><strong>18.00<\/strong><\/td>\n<td width=\"624\">1.\u00a0\u00a0\u00a0\u00a0 + Janusz Borowiec \u00a0(9 r.) od mamy<\/p>\n<p>2.\u00a0\u00a0\u00a0\u00a0 + Emilia Kruczek od chrzestnej z rodzin\u0105<\/p>\n<p>3.\u00a0\u00a0\u00a0\u00a0 + Wiktoria i Mieczys\u0142aw Grzebyk (x. go\u015b\u0107)<\/td>\n<\/tr>\n<\/tbody>\n<\/table>\n<p><strong>Wtorek: 21.06<\/strong><\/p>\n<table width=\"699\">\n<tbody>\n<tr>\n<td width=\"76\"><strong>7.00<\/strong><\/td>\n<td width=\"624\">1.\u00a0\u00a0\u00a0\u00a0 + Eugenia Ostrowska (21)<\/td>\n<\/tr>\n<tr>\n<td width=\"76\"><strong>18.00<\/strong><\/td>\n<td width=\"624\">1.\u00a0\u00a0\u00a0\u00a0 + Stanis\u0142awa i Jan Dryja<\/p>\n<p>2.\u00a0\u00a0\u00a0\u00a0 + Stanis\u0142aw Michalski od rodziny Syno\u015b<\/td>\n<\/tr>\n<\/tbody>\n<\/table>\n<p><strong>\u015aroda: 22.06<\/strong><\/p>\n<table width=\"699\">\n<tbody>\n<tr>\n<td width=\"76\"><strong>7.00<\/strong><\/td>\n<td width=\"624\">1.\u00a0\u00a0\u00a0\u00a0 + Eugenia Ostrowska (22)<\/p>\n<p>2.\u00a0\u00a0\u00a0\u00a0 O zdrowie i potrzebne \u0142aski dla Jana<\/td>\n<\/tr>\n<tr>\n<td width=\"76\"><strong>18.00<\/strong><\/td>\n<td width=\"624\">1.\u00a0\u00a0\u00a0\u00a0 + Eugenia Kom\u00f3rek (5 r.)<\/p>\n<p>2.\u00a0\u00a0\u00a0\u00a0 + Wiktoria Piekarz od c\u00f3rki Danuty z rodzin\u0105 (x. go\u015b\u0107)<\/td>\n<\/tr>\n<\/tbody>\n<\/table>\n<p><strong>Czwartek: 23.06<\/strong><\/p>\n<table width=\"699\">\n<tbody>\n<tr>\n<td width=\"76\"><strong>7.00<\/strong><\/td>\n<td width=\"624\">1.\u00a0\u00a0\u00a0\u00a0 + Eugenia Ostrowska (23)<\/td>\n<\/tr>\n<tr>\n<td width=\"76\"><strong>18.00<\/strong><\/td>\n<td width=\"624\">1.\u00a0\u00a0\u00a0\u00a0 + Jan, Maria, Edward Pa\u015bkiewicz<\/p>\n<p>2.\u00a0\u00a0\u00a0\u00a0 Dzi\u0119kczynna za szcz\u0119\u015bliwe rozwi\u0105zanie i o Bo\u017ce b\u0142og. \u00a0dla rodziny<\/td>\n<\/tr>\n<\/tbody>\n<\/table>\n<p><strong>Pi\u0105tek: 24.06<\/strong><\/p>\n<table width=\"699\">\n<tbody>\n<tr>\n<td width=\"76\"><strong>7.00<\/strong><\/td>\n<td width=\"624\">1.\u00a0\u00a0\u00a0\u00a0 + Eugenia Ostrowska (24)<\/td>\n<\/tr>\n<tr>\n<td width=\"76\"><strong>8.00<\/strong><\/p>\n<p><strong>18.00<\/strong><\/td>\n<td width=\"624\">1.\u00a0\u00a0\u00a0\u00a0 W intencji uczni\u00f3w, nauczycieli, wychowawc\u00f3w i rodzic\u00f3w<\/p>\n<p>1+ Jan Cioch oraz zmarli z rodziny (x. go\u015b\u0107)<\/p>\n<p>2.\u00a0\u00a0\u00a0\u00a0 +Jan<\/td>\n<\/tr>\n<\/tbody>\n<\/table>\n<p><strong>Sobota: 25.06<\/strong><\/p>\n<table width=\"699\">\n<tbody>\n<tr>\n<td width=\"76\"><strong>7.00<\/strong><\/td>\n<td width=\"624\">1.\u00a0\u00a0\u00a0\u00a0 + Eugenia Ostrowska (25)<\/td>\n<\/tr>\n<tr>\n<td width=\"76\"><strong>18.00<\/strong><\/td>\n<td width=\"624\">1.\u00a0\u00a0\u00a0\u00a0 + Jan, Stanis\u0142awa Dryja, + Jan Tebich<\/p>\n<p>2.\u00a0\u00a0\u00a0\u00a0 + Jan Warcho\u0142 i jego rodzice<\/td>\n<\/tr>\n<\/tbody>\n<\/table>\n<p><strong>NIEDZIELA: 26.06<\/strong><\/p>\n<table width=\"699\">\n<tbody>\n<tr>\n<td width=\"76\"><strong>7.00<\/strong><\/td>\n<td width=\"624\">+ W\u0142adys\u0142aw Dr\u0105\u017cek<\/td>\n<\/tr>\n<tr>\n<td width=\"76\"><strong>9.00<\/strong><\/td>\n<td width=\"624\">+ Eugenia Ostrowska (26)<\/td>\n<\/tr>\n<tr>\n<td width=\"76\"><strong>10.30<\/strong><\/td>\n<td width=\"624\">1.\u00a0\u00a0\u00a0\u00a0 + Jan Stanis\u0142aw Szczoczarz (x. go\u015b\u0107)<\/p>\n<p>2.\u00a0\u00a0\u00a0\u00a0 \u00a0Dzi\u0119kczynna z pro\u015bb\u0105 o Bo\u017ce b\u0142og. w 45 r. \u015blubu Zofii i Edwarda<\/td>\n<\/tr>\n<tr>\n<td width=\"76\"><strong>12.00<\/strong><\/td>\n<td width=\"624\">Dzi\u0119kczynna z pro\u015bb\u0105 o Bo\u017ce b\u0142og. dla Teresy i Wies\u0142awa \u00a0w 25 r. \u015blubu<\/td>\n<\/tr>\n<tr>\n<td width=\"76\"><strong>16.00<\/strong><\/td>\n<td width=\"624\">Dzi\u0119kczynna z pro\u015bb\u0105 o Bo\u017ce b\u0142og. dla Izabeli i Roberta w15 lecie \u015blubu<\/td>\n<\/tr>\n<tr>\n<td width=\"76\"><strong>18.00<\/strong><\/td>\n<td width=\"624\">+ Emilia Kruczek od siostry Moniki<\/td>\n<\/tr>\n<\/tbody>\n<\/table>\n<p><strong>\u00a0<\/strong><\/p>\n","protected":false},"excerpt":{"rendered":"<p>&#8230;<\/p>\n","protected":false},"author":1,"featured_media":4412,"comment_status":"closed","ping_status":"open","sticky":false,"template":"","format":"standard","meta":{"ngg_post_thumbnail":0,"footnotes":""},"categories":[4],"tags":[],"class_list":["post-4735","post","type-post","status-publish","format-standard","has-post-thumbnail","hentry","category-intencje"],"_links":{"self":[{"href":"https:\/\/mbsniezna.rzeszow.pl\/index.php\/wp-json\/wp\/v2\/posts\/4735","targetHints":{"allow":["GET"]}}],"collection":[{"href":"https:\/\/mbsniezna.rzeszow.pl\/index.php\/wp-json\/wp\/v2\/posts"}],"about":[{"href":"https:\/\/mbsniezna.rzeszow.pl\/index.php\/wp-json\/wp\/v2\/types\/post"}],"author":[{"embeddable":true,"href":"https:\/\/mbsniezna.rzeszow.pl\/index.php\/wp-json\/wp\/v2\/users\/1"}],"replies":[{"embeddable":true,"href":"https:\/\/mbsniezna.rzeszow.pl\/index.php\/wp-json\/wp\/v2\/comments?post=4735"}],"version-history":[{"count":2,"href":"https:\/\/mbsniezna.rzeszow.pl\/index.php\/wp-json\/wp\/v2\/posts\/4735\/revisions"}],"predecessor-version":[{"id":4741,"href":"https:\/\/mbsniezna.rzeszow.pl\/index.php\/wp-json\/wp\/v2\/posts\/4735\/revisions\/4741"}],"wp:featuredmedia":[{"embeddable":true,"href":"https:\/\/mbsniezna.rzeszow.pl\/index.php\/wp-json\/wp\/v2\/media\/4412"}],"wp:attachment":[{"href":"https:\/\/mbsniezna.rzeszow.pl\/index.php\/wp-json\/wp\/v2\/media?parent=4735"}],"wp:term":[{"taxonomy":"category","embeddable":true,"href":"https:\/\/mbsniezna.rzeszow.pl\/index.php\/wp-json\/wp\/v2\/categories?post=4735"},{"taxonomy":"post_tag","embeddable":true,"href":"https:\/\/mbsniezna.rzeszow.pl\/index.php\/wp-json\/wp\/v2\/tags?post=4735"}],"curies":[{"name":"wp","href":"https:\/\/api.w.org\/{rel}","templated":true}]}}