{"id":4737,"date":"2016-06-18T22:55:00","date_gmt":"2016-06-18T20:55:00","guid":{"rendered":"https:\/\/mbsniezna.rzeszow.pl\/?p=4737"},"modified":"2016-06-18T22:55:00","modified_gmt":"2016-06-18T20:55:00","slug":"ogloszenia-xii-niedziela-zwykla-19-06-2016-r","status":"publish","type":"post","link":"https:\/\/mbsniezna.rzeszow.pl\/index.php\/2016\/06\/18\/ogloszenia-xii-niedziela-zwykla-19-06-2016-r\/","title":{"rendered":"Og\u0142oszenia &#8211; XII Niedziela Zwyk\u0142a, 19.06.2016 r."},"content":{"rendered":"<p>OG\u0141OSZENIA \u2013 XII NIEDZIELA ZWYK\u0141A, 19 CZERWCA 2016 R.<\/p>\n<p>1. Dzisiaj o 15.30 nabo\u017ce\u0144stwo do Bo\u017cego Serca.<\/p>\n<p>2. W poniedzia\u0142ek o 17.00 zbi\u00f3rka kandydat\u00f3w na ministrant\u00f3w.<\/p>\n<p>3. W tygodniu Msze \u015bw. o 7.00 i 18.00 z Litani\u0105 do Serca Pana Jezusa.<\/p>\n<p>4. We wtorek nabo\u017ce\u0144stwo do \u015bw. Antoniego.<\/p>\n<p>5. W \u015brod\u0119 Nowenna do Matki Bo\u017cej Nieustaj\u0105cej Pomocy. Zapraszamy wszystkich, kt\u00f3rzy s\u0105 czcicielami Cudownego Medalika.<\/p>\n<p>6. W czwartek od 17.15 adoracja Naj\u015bwi\u0119tszego Sakramentu i spowied\u017a dzieci i m\u0142odzie\u017cy na zako\u0144czenie roku szkolnego.<\/p>\n<p>7. W pi\u0105tek uroczysto\u015b\u0107 Narodzenia \u015bw. Jana Chrzciciela \u2013 nie ma postu pi\u0105tkowego, o 8.00 Msza \u015bw. na zako\u0144czenie roku szkolnego, zapraszamy dzieci z przedszkola i z naszej szko\u0142y, zapraszamy dyrekcj\u0119, nauczycieli i wychowawc\u00f3w oraz rodzic\u00f3w. Wieczorem nabo\u017ce\u0144stwo do Bo\u017cego Mi\u0142osierdzia. Modli\u0107 si\u0119 b\u0119dziemy, aby nasze nogi nios\u0142y mi\u0142osierdzie bli\u017anim. B\u0119dzie namaszczenie Balsamem Mi\u0142osierdzia.<\/p>\n<p>8. Dzisiaj i w przysz\u0142\u0105 niedziel\u0119 w katedrze s\u0105 zapisy na piesz\u0105 pielgrzymk\u0119 do Cz\u0119stochowy. R\u00f3\u017caniec r\u00f3\u017ca Marii Mr\u00f3z.<\/p>\n<p>9. Zapowiedzi: Mateusz Wojto\u0144-Justyna Ci\u0105pa\u0142a, Krzysztof Borecki-Natalia Pysz (II).<\/p>\n<p>10. B\u00f3g zap\u0142a\u0107 za ofiary na kwiaty i sprz\u0105tanie ko\u015bcio\u0142a, w tym tygodniu z ul. Miejskiej prosimy rodziny: Ma\u0142gorzaty Stanis\u0142awskiej, Jadwigi Janusz, Doroty Jakubczyk, Beaty Kopeckiej, Bogus\u0142awy W\u00f3r, Janusza Bury, Doroty Kempanowskiej, Marii Muzyka, Doroty Nowak, Barbary G\u0142owiak, Barbary Bia\u0142og\u0142owskiej.<\/p>\n<p>11. B\u00f3g zap\u0142a\u0107 za dzisiejsz\u0105 sk\u0142adk\u0119 inwestycyjn\u0105. Do marmurowych ozd\u00f3b przy obrazach dojd\u0105 jeszcze ozdoby mosi\u0119\u017cne oraz szkatu\u0142y na relikwie \u015bw. Antoniego o \u015bw. Jana Paw\u0142a II.<\/p>\n<p>12. Dzisiaj Dni Osiedla Budziw\u00f3j przy Domu Kultury \u201eCountry\u201d w godzinach od 16.00 do 23.300. Wiele atrakcji dla dzieci. Wieczorem zabawa taneczna.<\/p>\n<p>13. Bardzo serdecznie dzi\u0119kujemy pani Barbarze Rajczyk za \u015bwiadectwo o misjach w Indiach. Pani b\u0119dzie zbiera\u0107 ofiary na misje przed ko\u015bcio\u0142em.<\/p>\n","protected":false},"excerpt":{"rendered":"<p>&#8230;<\/p>\n","protected":false},"author":1,"featured_media":4507,"comment_status":"closed","ping_status":"open","sticky":false,"template":"","format":"standard","meta":{"ngg_post_thumbnail":0,"footnotes":""},"categories":[14],"tags":[],"class_list":["post-4737","post","type-post","status-publish","format-standard","has-post-thumbnail","hentry","category-ogloszenia_duszp"],"_links":{"self":[{"href":"https:\/\/mbsniezna.rzeszow.pl\/index.php\/wp-json\/wp\/v2\/posts\/4737","targetHints":{"allow":["GET"]}}],"collection":[{"href":"https:\/\/mbsniezna.rzeszow.pl\/index.php\/wp-json\/wp\/v2\/posts"}],"about":[{"href":"https:\/\/mbsniezna.rzeszow.pl\/index.php\/wp-json\/wp\/v2\/types\/post"}],"author":[{"embeddable":true,"href":"https:\/\/mbsniezna.rzeszow.pl\/index.php\/wp-json\/wp\/v2\/users\/1"}],"replies":[{"embeddable":true,"href":"https:\/\/mbsniezna.rzeszow.pl\/index.php\/wp-json\/wp\/v2\/comments?post=4737"}],"version-history":[{"count":1,"href":"https:\/\/mbsniezna.rzeszow.pl\/index.php\/wp-json\/wp\/v2\/posts\/4737\/revisions"}],"predecessor-version":[{"id":4738,"href":"https:\/\/mbsniezna.rzeszow.pl\/index.php\/wp-json\/wp\/v2\/posts\/4737\/revisions\/4738"}],"wp:featuredmedia":[{"embeddable":true,"href":"https:\/\/mbsniezna.rzeszow.pl\/index.php\/wp-json\/wp\/v2\/media\/4507"}],"wp:attachment":[{"href":"https:\/\/mbsniezna.rzeszow.pl\/index.php\/wp-json\/wp\/v2\/media?parent=4737"}],"wp:term":[{"taxonomy":"category","embeddable":true,"href":"https:\/\/mbsniezna.rzeszow.pl\/index.php\/wp-json\/wp\/v2\/categories?post=4737"},{"taxonomy":"post_tag","embeddable":true,"href":"https:\/\/mbsniezna.rzeszow.pl\/index.php\/wp-json\/wp\/v2\/tags?post=4737"}],"curies":[{"name":"wp","href":"https:\/\/api.w.org\/{rel}","templated":true}]}}