{"id":4747,"date":"2016-06-26T00:41:00","date_gmt":"2016-06-25T22:41:00","guid":{"rendered":"https:\/\/mbsniezna.rzeszow.pl\/?p=4747"},"modified":"2016-06-26T00:41:30","modified_gmt":"2016-06-25T22:41:30","slug":"ogloszenia-xiii-niedziela-zwykla-26-06-2016-r","status":"publish","type":"post","link":"https:\/\/mbsniezna.rzeszow.pl\/index.php\/2016\/06\/26\/ogloszenia-xiii-niedziela-zwykla-26-06-2016-r\/","title":{"rendered":"Og\u0142oszenia &#8211; XIII Niedziela Zwyk\u0142a, 26.06.2016 r."},"content":{"rendered":"<p>OG\u0141OSZENIA \u2013 XIII NIEDZIELA ZWYK\u0141A, 26 CZERWCA 2016 R.<\/p>\n<p>1.\tDzisiaj o 15.30 nabo\u017ce\u0144stwo do Serca Bo\u017cego.<\/p>\n<p>2.\tW tygodniu Msze \u015bw. o 7.00 i 18.00.<\/p>\n<p>3.\tJutro liturgiczne wspomnienie Matki Bo\u017cej Nieustaj\u0105cej Pomocy. O 7.30 wyjazd lektor\u00f3w na kajaki do Obroczy.<\/p>\n<p>4.\tWe wtorek Nabo\u017ce\u0144stwo do \u015bw. Antoniego.<\/p>\n<p>5.\tW \u015brod\u0119 Uroczysto\u015b\u0107 \u015bwi\u0119tych Aposto\u0142\u00f3w Piotra i Paw\u0142a. Msze \u015bw. b\u0119d\u0105: 7.00, 9.00, 18.00 \u2013 zapraszamy, taca na rzecz Stolicy Apostolskiej.<\/p>\n<p>6.\tW czwartek od 17.15  adoracja Naj\u015bwi\u0119tszego Sakramentu i okazja do spowiedzi. Na stoliczku b\u0119dzie wy\u0142o\u017cona ksi\u0105\u017ceczka \u201eP\u00f3\u0142 godziny przed Naj\u015bwi\u0119tszym Sakramentem\u201d, kt\u00f3r\u0105 uczestnicy adoracji mog\u0105 sobie zabra\u0107 na w\u0142asno\u015b\u0107 jako pomoc w modlitwie.<\/p>\n<p>7.\tI pi\u0105tek miesi\u0105ca: 6.30 spowied\u017a, 9.00 \u2013 wyjazd do chorych, 17.00 spowied\u017a, 18.00 Msza \u015bw. i nabo\u017ce\u0144stwo do Serca Pana Jezusa. Z tej racji, \u017ce w pi\u0105tek nie b\u0119dzie wszystkich ksi\u0119\u017cy prosimy, aby spowiada\u0107 si\u0119 ca\u0142y tydzie\u0144.<\/p>\n<p>8.\tMiesi\u0105c lipiec naznaczony jest czci\u0105 najdro\u017cszej Krwi Pana Jezusa, litania po Mszy \u015bw. porannej.<\/p>\n<p>9.\tI sobota miesi\u0105ca, po Mszy wieczornej r\u00f3\u017caniec fatimski.<\/p>\n<p>10.\tW niedziel\u0119 po prymarii zmiana tajemnic r\u00f3\u017ca\u0144cowych. O 12.00 Msza \u015bw. w intencji s. Magdaleny.<\/p>\n<p>11.\tZapowiedzi: Mateusz Wojto\u0144-Justyna Ci\u0105pa\u0142a, Krzysztof Borecki-Natalia Pysz (III).<\/p>\n<p>12.\tB\u00f3g zap\u0142a\u0107 za ofiary na sprz\u0105tanie ko\u015bcio\u0142a, w tym tygodniu z ul. Miejskiej prosimy rodziny: Magdaleny Lisowicz, Marty Wa\u015bko, Adrianny Marcinek, Jadwigi Jakubowskiej, Marii Ch\u0142anda, Gra\u017cyny Michalskiej, Barbary Michalskiej, Eugenii Kot, Marii Sarna, El\u017cbiety Matu\u0142a, Urszuli Madera .<\/p>\n<p>13.\tB\u00f3g zap\u0142a\u0107 za sk\u0142adk\u0119 inwestycyjn\u0105 z ubieg\u0142ej niedzieli. Z\u0142o\u017cono 10 180 z\u0142 (1800 z\u0142 \u2013 banknoty luzem, 2100 \u2013 bilon, 6280 \u2013 banknoty w 75 kopertach). Dzi\u0119kujemy za ofiary sk\u0142adane w inne niedziele i wp\u0142acane na konto parafialne.<\/p>\n<p>14.\tNa stoliczku za \u0142awkami wy\u0142o\u017cona jest darmowa gazeta \u201eChiT \u2013 Chrystus i Ty\u201d (200 szt.) po\u015bwiecona \u015awiatowym Dniom M\u0142odzie\u017cy.<\/p>\n<p>15.\tJutro nasza siostra Magdalena w Cz\u0119stochowie b\u0119dzie sk\u0142ada\u0107 wieczyste \u015bluby zakonne. Pom\u00f3dlmy si\u0119 w jej intencji: \u201ePod Twoj\u0105 obron\u0119\u2026\u201d.<\/p>\n","protected":false},"excerpt":{"rendered":"<p>&#8230;<\/p>\n","protected":false},"author":1,"featured_media":129,"comment_status":"closed","ping_status":"open","sticky":false,"template":"","format":"standard","meta":{"ngg_post_thumbnail":0,"footnotes":""},"categories":[14],"tags":[],"class_list":["post-4747","post","type-post","status-publish","format-standard","has-post-thumbnail","hentry","category-ogloszenia_duszp"],"_links":{"self":[{"href":"https:\/\/mbsniezna.rzeszow.pl\/index.php\/wp-json\/wp\/v2\/posts\/4747","targetHints":{"allow":["GET"]}}],"collection":[{"href":"https:\/\/mbsniezna.rzeszow.pl\/index.php\/wp-json\/wp\/v2\/posts"}],"about":[{"href":"https:\/\/mbsniezna.rzeszow.pl\/index.php\/wp-json\/wp\/v2\/types\/post"}],"author":[{"embeddable":true,"href":"https:\/\/mbsniezna.rzeszow.pl\/index.php\/wp-json\/wp\/v2\/users\/1"}],"replies":[{"embeddable":true,"href":"https:\/\/mbsniezna.rzeszow.pl\/index.php\/wp-json\/wp\/v2\/comments?post=4747"}],"version-history":[{"count":1,"href":"https:\/\/mbsniezna.rzeszow.pl\/index.php\/wp-json\/wp\/v2\/posts\/4747\/revisions"}],"predecessor-version":[{"id":4748,"href":"https:\/\/mbsniezna.rzeszow.pl\/index.php\/wp-json\/wp\/v2\/posts\/4747\/revisions\/4748"}],"wp:featuredmedia":[{"embeddable":true,"href":"https:\/\/mbsniezna.rzeszow.pl\/index.php\/wp-json\/wp\/v2\/media\/129"}],"wp:attachment":[{"href":"https:\/\/mbsniezna.rzeszow.pl\/index.php\/wp-json\/wp\/v2\/media?parent=4747"}],"wp:term":[{"taxonomy":"category","embeddable":true,"href":"https:\/\/mbsniezna.rzeszow.pl\/index.php\/wp-json\/wp\/v2\/categories?post=4747"},{"taxonomy":"post_tag","embeddable":true,"href":"https:\/\/mbsniezna.rzeszow.pl\/index.php\/wp-json\/wp\/v2\/tags?post=4747"}],"curies":[{"name":"wp","href":"https:\/\/api.w.org\/{rel}","templated":true}]}}