{"id":4771,"date":"2016-07-26T18:22:55","date_gmt":"2016-07-26T16:22:55","guid":{"rendered":"https:\/\/mbsniezna.rzeszow.pl\/?p=4771"},"modified":"2016-07-26T18:24:45","modified_gmt":"2016-07-26T16:24:45","slug":"4771","status":"publish","type":"post","link":"https:\/\/mbsniezna.rzeszow.pl\/index.php\/2016\/07\/26\/4771\/","title":{"rendered":"M\u0142odzi \u015aDM w naszej parafii"},"content":{"rendered":"<p>W niedziel\u0119 o godz. 12.00 w naszym ko\u015bciele odby\u0142a si\u0119 Msza \u015bw. z udzia\u0142em\u00a0m\u0142odzie\u017cy zagranicznej (95 os\u00f3b) z Chin i Egiptu. Ewangelia i homilia\u00a0g\u0142oszone by\u0142y po polsku, chi\u0144sku i arabsku. Po Mszy \u015bw. by\u0142o wsp\u00f3lne\u00a0p\u00f3\u0142godzinne \u015bpiewanie pie\u015bni, kt\u00f3re wyzwoli\u0142o u m\u0142odych wielki entuzjazm.<\/p>\n<p>Galeria zdj\u0119\u0107:<\/p>\n<p><a href=\"https:\/\/picasaweb.google.com\/106669765492843203549\/6310860450274315841?authkey=Gv1sRgCP3V_M63xuC5oQE&amp;feat=directlink\">https:\/\/picasaweb.google.com\/106669765492843203549\/6310860450274315841?authkey=Gv1sRgCP3V_M63xuC5oQE&amp;feat=directlink<\/a><\/p>\n","protected":false},"excerpt":{"rendered":"<p>&#8230;<\/p>\n","protected":false},"author":1,"featured_media":4772,"comment_status":"closed","ping_status":"open","sticky":false,"template":"","format":"standard","meta":{"ngg_post_thumbnail":0,"footnotes":""},"categories":[13],"tags":[],"class_list":["post-4771","post","type-post","status-publish","format-standard","has-post-thumbnail","hentry","category-newsy"],"_links":{"self":[{"href":"https:\/\/mbsniezna.rzeszow.pl\/index.php\/wp-json\/wp\/v2\/posts\/4771","targetHints":{"allow":["GET"]}}],"collection":[{"href":"https:\/\/mbsniezna.rzeszow.pl\/index.php\/wp-json\/wp\/v2\/posts"}],"about":[{"href":"https:\/\/mbsniezna.rzeszow.pl\/index.php\/wp-json\/wp\/v2\/types\/post"}],"author":[{"embeddable":true,"href":"https:\/\/mbsniezna.rzeszow.pl\/index.php\/wp-json\/wp\/v2\/users\/1"}],"replies":[{"embeddable":true,"href":"https:\/\/mbsniezna.rzeszow.pl\/index.php\/wp-json\/wp\/v2\/comments?post=4771"}],"version-history":[{"count":2,"href":"https:\/\/mbsniezna.rzeszow.pl\/index.php\/wp-json\/wp\/v2\/posts\/4771\/revisions"}],"predecessor-version":[{"id":4774,"href":"https:\/\/mbsniezna.rzeszow.pl\/index.php\/wp-json\/wp\/v2\/posts\/4771\/revisions\/4774"}],"wp:featuredmedia":[{"embeddable":true,"href":"https:\/\/mbsniezna.rzeszow.pl\/index.php\/wp-json\/wp\/v2\/media\/4772"}],"wp:attachment":[{"href":"https:\/\/mbsniezna.rzeszow.pl\/index.php\/wp-json\/wp\/v2\/media?parent=4771"}],"wp:term":[{"taxonomy":"category","embeddable":true,"href":"https:\/\/mbsniezna.rzeszow.pl\/index.php\/wp-json\/wp\/v2\/categories?post=4771"},{"taxonomy":"post_tag","embeddable":true,"href":"https:\/\/mbsniezna.rzeszow.pl\/index.php\/wp-json\/wp\/v2\/tags?post=4771"}],"curies":[{"name":"wp","href":"https:\/\/api.w.org\/{rel}","templated":true}]}}