{"id":4775,"date":"2016-07-30T21:05:54","date_gmt":"2016-07-30T19:05:54","guid":{"rendered":"https:\/\/mbsniezna.rzeszow.pl\/?p=4775"},"modified":"2016-07-30T21:10:09","modified_gmt":"2016-07-30T19:10:09","slug":"intencje-mszalne-01-08-2015-07-08-2016-r","status":"publish","type":"post","link":"https:\/\/mbsniezna.rzeszow.pl\/index.php\/2016\/07\/30\/intencje-mszalne-01-08-2015-07-08-2016-r\/","title":{"rendered":"Intencje Mszalne 01.08.2016 \u2013 07.08.2016 r."},"content":{"rendered":"<p><strong>Poniedzia\u0142ek: 01.08<\/strong><\/p>\n<table width=\"699\">\n<tbody>\n<tr>\n<td width=\"76\"><strong>7.00<\/strong><\/td>\n<td width=\"624\">1.\u00a0\u00a0\u00a0\u00a0\u00a0\u00a0 O szcz\u0119\u015bliwe rozwi\u0105zanie oraz zdrowie dla matki i dziecka<\/p>\n<p>2.\u00a0\u00a0\u00a0\u00a0\u00a0\u00a0 + Stanis\u0142aw Michalski od rodziny z Hermanowej (x. go\u015b\u0107)<\/td>\n<\/tr>\n<tr>\n<td width=\"76\"><strong>18.00<\/strong><\/td>\n<td width=\"624\">1.\u00a0\u00a0\u00a0\u00a0\u00a0\u00a0 + Emilia O\u017cy\u0142o (1) &#8211; rozpocz\u0119cie Mszy gregoria\u0144skich (x. go\u015b\u0107)<\/p>\n<p>2.\u00a0\u00a0\u00a0\u00a0\u00a0\u00a0 + Zofia W\u00f3jcik od s\u0105siad\u00f3w (x. go\u015b\u0107)<\/p>\n<p>3.\u00a0\u00a0\u00a0\u00a0\u00a0\u00a0 + Stanis\u0142aw \u015alawski od pracownik\u00f3w\u00a0 UM i Opieki Spo\u0142ecznej w Tyczynie<\/p>\n<p>4.\u00a0\u00a0\u00a0\u00a0\u00a0\u00a0 + Mieczys\u0142aw Pa\u015bko od pracownik\u00f3w przedszkola nr 32 w Rzeszowie &#8211; zako\u0144czenie Mszy pogrzebowych<\/td>\n<\/tr>\n<\/tbody>\n<\/table>\n<p>&nbsp;<\/p>\n<p><strong>Wtorek: 02.08<\/strong><\/p>\n<table width=\"699\">\n<tbody>\n<tr>\n<td width=\"76\"><strong>7.00<\/strong><\/td>\n<td width=\"624\">1.\u00a0\u00a0\u00a0\u00a0\u00a0\u00a0 W intencji Marii (x. go\u015b\u0107)<\/p>\n<p>2.\u00a0\u00a0\u00a0\u00a0\u00a0\u00a0 O zdrowie dla Stefanii (x. go\u015b\u0107)<\/p>\n<p>3.\u00a0\u00a0\u00a0\u00a0\u00a0\u00a0 + Anna Nitka od rodziny Kruk\u00f3w<\/td>\n<\/tr>\n<tr>\n<td width=\"76\"><strong>18.00<\/strong><\/td>\n<td width=\"624\">1.\u00a0\u00a0\u00a0\u00a0\u00a0\u00a0 + Emilia O\u017cy\u0142o (2)<\/p>\n<p>2.\u00a0\u00a0\u00a0\u00a0\u00a0\u00a0 + Krystyna S\u0142owik w 6 r. \u015bmierci (x. go\u015b\u0107)<\/td>\n<\/tr>\n<\/tbody>\n<\/table>\n<p>&nbsp;<\/p>\n<p><strong>\u015aroda: 03.08<\/strong><\/p>\n<table width=\"699\">\n<tbody>\n<tr>\n<td width=\"76\"><strong>7.00<\/strong><\/td>\n<td width=\"624\">1.\u00a0\u00a0\u00a0\u00a0\u00a0\u00a0 + Stanis\u0142aw \u015alawski (x. go\u015b\u0107)<\/p>\n<p>2.\u00a0\u00a0\u00a0\u00a0\u00a0\u00a0 + Albina Prokop od rodziny Trafid\u0142o (x. go\u015b\u0107)<\/p>\n<p>3.\u00a0\u00a0\u00a0\u00a0\u00a0\u00a0 + Janina S\u0142owik od rodziny Cynk\u00f3w z Krakowa (x. go\u015b\u0107)<\/p>\n<p>4.\u00a0\u00a0\u00a0\u00a0\u00a0\u00a0 + Kazimierz Pa\u015bkiewicz od rodziny Pa\u015bkiewicz\u00f3w<\/td>\n<\/tr>\n<tr>\n<td width=\"76\"><strong>18.00<\/strong><\/td>\n<td width=\"624\">1.\u00a0\u00a0\u00a0\u00a0\u00a0\u00a0 + Emilia O\u017cy\u0142o (3)<\/p>\n<p>2.\u00a0\u00a0\u00a0\u00a0\u00a0\u00a0 + Stanis\u0142aw \u015alawski od rodziny Fieni\u00f3w<\/td>\n<\/tr>\n<\/tbody>\n<\/table>\n<p>&nbsp;<\/p>\n<p><strong>Czwartek: 04.08<\/strong><\/p>\n<table width=\"699\">\n<tbody>\n<tr>\n<td width=\"76\"><strong>7.00<\/strong><\/td>\n<td width=\"624\">1.\u00a0\u00a0\u00a0\u00a0\u00a0\u00a0 + Teresa Szczygie\u0142 od m\u0119\u017ca w 1 r. \u015bmierci<\/p>\n<p>2.\u00a0\u00a0\u00a0\u00a0\u00a0\u00a0 + Tomasz Pr\u0119dki od Danuty Giero\u0144 z rodzin\u0105 (x. go\u015b\u0107)<\/td>\n<\/tr>\n<tr>\n<td width=\"76\"><strong>18.00<\/strong><\/td>\n<td width=\"624\">1.\u00a0\u00a0\u00a0\u00a0\u00a0\u00a0 + Emilia O\u017cy\u0142o (4)<\/p>\n<p>2.\u00a0\u00a0\u00a0\u00a0\u00a0\u00a0 O szcz\u0119\u015bliwe rozwi\u0105zanie dla Karoliny<\/p>\n<p>3.\u00a0\u00a0\u00a0\u00a0\u00a0\u00a0 + Stanis\u0142aw Warzocha od Renaty Dykiel z rodzin\u0105 (x. go\u015b\u0107)<\/td>\n<\/tr>\n<\/tbody>\n<\/table>\n<p><strong>\u00a0<\/strong><\/p>\n<p><strong>Pi\u0105tek: 05.08<\/strong><\/p>\n<table width=\"699\">\n<tbody>\n<tr>\n<td width=\"76\"><strong>7.00<\/strong><\/td>\n<td width=\"624\">1.\u00a0\u00a0\u00a0\u00a0\u00a0\u00a0 + Emilia O\u017cy\u0142o (5)<\/td>\n<\/tr>\n<tr>\n<td width=\"76\"><strong>9.00<\/strong><\/td>\n<td width=\"624\">1.\u00a0\u00a0\u00a0\u00a0\u00a0\u00a0 + Maria, W\u0142adys\u0142aw, Tadeusz Chy\u0142a<\/p>\n<p>2.\u00a0\u00a0\u00a0\u00a0\u00a0\u00a0 + Stanis\u0142aw \u015alawski od r\u00f3\u017cy Marii Mr\u00f3z<\/td>\n<\/tr>\n<tr>\n<td width=\"76\"><strong>11.00<\/strong><\/td>\n<td width=\"624\">1.\u00a0\u00a0\u00a0\u00a0\u00a0\u00a0 + Czes\u0142awa, J\u00f3zef Burdasz<\/td>\n<\/tr>\n<tr>\n<td width=\"76\"><strong>18.00<\/strong><\/td>\n<td width=\"624\">1.\u00a0\u00a0\u00a0\u00a0\u00a0\u00a0 W intencji parafian \u017cywych i zmar\u0142ych<\/p>\n<p>2.\u00a0\u00a0\u00a0\u00a0\u00a0\u00a0 + Anna Domino<\/p>\n<p>3.\u00a0\u00a0\u00a0\u00a0\u00a0\u00a0 + Irena Borowiec od rodziny Kozik\u00f3w<\/td>\n<\/tr>\n<\/tbody>\n<\/table>\n<p><strong>\u00a0<\/strong><\/p>\n<p><strong>Sobota: 06.08<\/strong><\/p>\n<table width=\"699\">\n<tbody>\n<tr>\n<td width=\"76\"><strong>7.00<\/strong><\/td>\n<td width=\"624\">1.\u00a0\u00a0\u00a0\u00a0\u00a0\u00a0 + J\u00f3zefa (k), Katarzyna, Antoni Kuc<\/td>\n<\/tr>\n<tr>\n<td width=\"76\"><strong>18.00<\/strong><\/td>\n<td width=\"624\">1.\u00a0\u00a0\u00a0\u00a0\u00a0\u00a0 + Emilia O\u017cy\u0142o (6)<\/p>\n<p>2.\u00a0\u00a0\u00a0\u00a0\u00a0\u00a0 + Stanis\u0142aw Szetela od rodziny Nowak\u00f3w<\/td>\n<\/tr>\n<\/tbody>\n<\/table>\n<p><strong>\u00a0<\/strong><\/p>\n<p><strong>NIEDZIELA: 07.08<\/strong><\/p>\n<table width=\"699\">\n<tbody>\n<tr>\n<td width=\"76\"><strong>7.00<\/strong><\/td>\n<td width=\"624\">W intencji \u017cywych i zmar\u0142ych braci r\u00f3\u017ca\u0144cowych z r\u00f3\u017cy Eugeniusza Nitka<\/td>\n<\/tr>\n<tr>\n<td width=\"76\"><strong>9.00<\/strong><\/td>\n<td width=\"624\">+ Emilia O\u017cy\u0142o (7)<\/td>\n<\/tr>\n<tr>\n<td width=\"76\"><strong>10.30<\/strong><\/td>\n<td width=\"624\">+ Henryk i Genowefa Myrda<\/td>\n<\/tr>\n<tr>\n<td width=\"76\"><strong>12.00<\/strong><\/td>\n<td width=\"624\">1.\u00a0\u00a0\u00a0\u00a0\u00a0\u00a0 + Adam i Seweryn Dudek w 20 r. \u015bmierci (x. go\u015b\u0107)<\/p>\n<p>2.\u00a0\u00a0\u00a0\u00a0\u00a0\u00a0 W intencji Mary Wagner<\/td>\n<\/tr>\n<tr>\n<td width=\"76\"><strong>16.00<\/strong><\/td>\n<td width=\"624\">+ Stefania, W\u0142adys\u0142aw i Eugeniusz Nowiccy<\/td>\n<\/tr>\n<tr>\n<td width=\"76\"><strong>18.00<\/strong><\/td>\n<td width=\"624\">+ Stanis\u0142aw \u015alawski od Jerzego i Zofii Kalita<\/td>\n<\/tr>\n<\/tbody>\n<\/table>\n","protected":false},"excerpt":{"rendered":"<p>&#8230;<\/p>\n","protected":false},"author":1,"featured_media":144,"comment_status":"closed","ping_status":"open","sticky":false,"template":"","format":"standard","meta":{"ngg_post_thumbnail":0,"footnotes":""},"categories":[4],"tags":[],"class_list":["post-4775","post","type-post","status-publish","format-standard","has-post-thumbnail","hentry","category-intencje"],"_links":{"self":[{"href":"https:\/\/mbsniezna.rzeszow.pl\/index.php\/wp-json\/wp\/v2\/posts\/4775","targetHints":{"allow":["GET"]}}],"collection":[{"href":"https:\/\/mbsniezna.rzeszow.pl\/index.php\/wp-json\/wp\/v2\/posts"}],"about":[{"href":"https:\/\/mbsniezna.rzeszow.pl\/index.php\/wp-json\/wp\/v2\/types\/post"}],"author":[{"embeddable":true,"href":"https:\/\/mbsniezna.rzeszow.pl\/index.php\/wp-json\/wp\/v2\/users\/1"}],"replies":[{"embeddable":true,"href":"https:\/\/mbsniezna.rzeszow.pl\/index.php\/wp-json\/wp\/v2\/comments?post=4775"}],"version-history":[{"count":3,"href":"https:\/\/mbsniezna.rzeszow.pl\/index.php\/wp-json\/wp\/v2\/posts\/4775\/revisions"}],"predecessor-version":[{"id":4780,"href":"https:\/\/mbsniezna.rzeszow.pl\/index.php\/wp-json\/wp\/v2\/posts\/4775\/revisions\/4780"}],"wp:featuredmedia":[{"embeddable":true,"href":"https:\/\/mbsniezna.rzeszow.pl\/index.php\/wp-json\/wp\/v2\/media\/144"}],"wp:attachment":[{"href":"https:\/\/mbsniezna.rzeszow.pl\/index.php\/wp-json\/wp\/v2\/media?parent=4775"}],"wp:term":[{"taxonomy":"category","embeddable":true,"href":"https:\/\/mbsniezna.rzeszow.pl\/index.php\/wp-json\/wp\/v2\/categories?post=4775"},{"taxonomy":"post_tag","embeddable":true,"href":"https:\/\/mbsniezna.rzeszow.pl\/index.php\/wp-json\/wp\/v2\/tags?post=4775"}],"curies":[{"name":"wp","href":"https:\/\/api.w.org\/{rel}","templated":true}]}}