{"id":4830,"date":"2016-10-02T07:27:13","date_gmt":"2016-10-02T05:27:13","guid":{"rendered":"https:\/\/mbsniezna.rzeszow.pl\/?p=4830"},"modified":"2016-10-02T08:39:55","modified_gmt":"2016-10-02T06:39:55","slug":"xxvii-niedziela-zwykla-ogloszenia-duszpasterskie","status":"publish","type":"post","link":"https:\/\/mbsniezna.rzeszow.pl\/index.php\/2016\/10\/02\/xxvii-niedziela-zwykla-ogloszenia-duszpasterskie\/","title":{"rendered":"XXVII Niedziela Zwyk\u0142a &#8211; og\u0142oszenia duszpasterskie"},"content":{"rendered":"<p>XXVII NIEDZIELA ZWYK\u0141A \u2013 OG\u0141OSZENIA DUSZPASTERSKIE, 2 PA\u0179DZIERNIKA 2016 R.<\/p>\n<p>1.\tDzisiaj na ka\u017cdej Mszy \u015bw. aspersja, odnowienie przyrzecze\u0144 chrzcielnych, po prymarii zmiana tajemnic, na Mszy \u015bw. o 12.00 po\u015bwi\u0119cenie r\u00f3\u017ca\u0144c\u00f3w dzieciom komunijnym, o 15.30 nabo\u017ce\u0144stwo r\u00f3\u017ca\u0144cowe.<\/p>\n<p>2.\tW tygodniu zapraszamy na nabo\u017ce\u0144stwo r\u00f3\u017ca\u0144cowe, kt\u00f3re b\u0119dzie po Mszy \u015bw. o 18.00, a w czwartek przed Msz\u0105 \u015bw.<\/p>\n<p>3.\tJutro o 4.00 rano z centrum wyjazd pielgrzymki do Cz\u0119stochowy, jest jeszcze kilka miejsc w autobusie drugim. Powr\u00f3t ok. 22.00. Program w Cz\u0119stochowie: 11.00 \u2013 Msza \u015bw. w kaplicy obrazu M.B. Cz\u0119stochowskiej, 14.00 \u2013 Droga Krzy\u017cowa na Wa\u0142ach, 16.00 \u2013 R\u00f3\u017caniec w kaplicy, 17.00 \u2013 wyjazd.<\/p>\n<p>4.\tWe wtorek \u015bw. Franciszka z Asy\u017cu.<\/p>\n<p>5.\tW \u015brod\u0119 \u015bw. s. Faustyny.<\/p>\n<p>6.\tI czwartek miesi\u0105ca, dzie\u0144 modlitwy o powo\u0142ania, o 17.15 adoracja z okazj\u0105 do spowiedzi \u2013 prosimy uczni\u00f3w z I i II klasy gimnazjum.<\/p>\n<p>7.\tI pi\u0105tek miesi\u0105ca, spowied\u017a od 6.30, 7.00 Msza \u015bw. z nabo\u017ce\u0144stwem do Serca Pana Jezusa, o 9.00 wyjazd do chorych, od 17.00 spowied\u017a \u2013 prosimy uczni\u00f3w III klasy gimnazjum i dzieci IV klasy szko\u0142y podstawowej., o 18.00 Msza \u015bw. i r\u00f3\u017caniec. <\/p>\n<p>8.\tW pi\u0105tek b\u0119dziemy rozwa\u017ca\u0107 uczynek mi\u0142osierdzia \u201eNieumiej\u0119tnych poucza\u0107\u201d oraz zyskiwa\u0107 odpust przez odm\u00f3wienie \u201eKoronki\u201d.<\/p>\n<p>9.\tW sobot\u0119 odb\u0119dzie si\u0119 pielgrzymka uczni\u00f3w III klasy gimnazjum do Siedlisk, gdzie zapoznaj\u0105 si\u0119 z osob\u0119 m\u0119czennika za r\u00f3\u017caniec b\u0142. ks. J\u00f3zefa Kowalskiego i otrzymaj\u0105 r\u00f3\u017ca\u0144ce. Pocz\u0105tek spotkania o 9.00 w ko\u015bciele w Siedliskach. Prosimy rodzic\u00f3w o dowiezienie m\u0142odzie\u017cy.<\/p>\n<p>10.\tW przysz\u0142\u0105 niedziel\u0119 Dzie\u0144 Papieski, zbi\u00f3rka do puszek na \u201eDzie\u0142o Nowego Tysi\u0105clecia\u201dna kszta\u0142cenie utalentowanej m\u0142odzie\u017cy. R\u00f3\u017caniec r\u00f3\u017ca El\u017cbiety G\u0142odowskiej.<\/p>\n<p>11.\tSpotkania: ministranci \u2013 poniedzia\u0142ek o 18.00, lektorzy \u2013 wtorek o 18.00, kandydaci do bierzmowania \u2013 \u015broda o 19.00, oaza w pi\u0105tek \u2013 m\u0142odsza o 16.30, starsza o 18.00, m\u0142odzie\u017c \u2013 sobota o 19.00.<\/p>\n<p>12.\tB\u00f3g zap\u0142a\u0107 za ofiary na sprz\u0105tanie ko\u015bcio\u0142a, w tym tygodniu prosimy z ul. Lotosowej rodziny: El\u017cbiety Pa\u015bko, Klaudii Kyc, Barbary Wiczkowskiej, Danuty Ka\u0142uckiej, Wioletty Smo\u0142kowicz oraz z ul. Alternatywy rodziny: Jolanty Florek, Doroty Wi\u015bniewskiej, Ma\u0142gorzaty Cebe\u0144ko, Klaudii Cebe\u0144ko, Katarzyny Gajor, Doroty Pomianek, Natalii Floras, Zofii Tarka, El\u017cbiety Praso\u0142, Les\u0142awy D\u0105browskiej.<\/p>\n<p>13.\tW sobot\u0119 15 pa\u017adziernika zapraszamy na  rodzinny wyjazd w Bieszczady \u2013 wyj\u015bcie na Bukowe Berdo. Koszt  80 z\u0142 (autobus, bilety wst\u0119pu na szlak, obiad, ubezpieczenie).<\/p>\n<p>14.\tDzisiaj zbi\u00f3rka do puszek na Seminarium Duchowne w Rzeszowie. Na I rok formacji przyj\u0119to 20 kleryk\u00f3w.<\/p>\n<p>OG\u0141OSZENIA DIECEZJALNE<\/p>\n<p>1.Zapraszamy  na Rzeszowsk\u0105 Procesj\u0119 R\u00f3\u017ca\u0144cow\u0105 w dniu 2 pa\u017adziernika. Procesja rozpocznie si\u0119 pod Krzy\u017cem na Placu \u015areniawit\u00f3w o godz. 15.00, zako\u0144czy si\u0119 Msz\u0105 \u015bw. o godz. 16.30 u OO. Bernardyn\u00f3w.<\/p>\n<p>2.Szko\u0142a Nowej Ewangelizacji zaprasza na Kurs Nowe \u017bycie w DD Tabor w dniach 7-9 pa\u017adziernika. Zapisy i informacje: www.sne.rzeszow.pl lub u ks. Piotra Gnata, dyrektora SNE (tel. 509 554 335). <\/p>\n<p>3.W niedziel\u0119, 9 pa\u017adziernika, b\u0119dziemy prze\u017cywa\u0107 XVI Dzie\u0144 Papieski pod has\u0142em \u201eB\u0105d\u017acie \u015bwiadkami  mi\u0142osierdzia\u201d. G\u0142\u00f3wne uroczysto\u015bci odb\u0119d\u0105 si\u0119 w Katedrze Rzeszowskiej i Parku Papieskim: 12.30 &#8211; gry i zabawy dla dzieci; 15.00 &#8211; Msza \u015bw. i modlitwa o Bo\u017ce Mi\u0142osierdzie dla \u015bwiata, 16.30 &#8211; Koncert papieski. <\/p>\n","protected":false},"excerpt":{"rendered":"<p>&#8230;<\/p>\n","protected":false},"author":1,"featured_media":4506,"comment_status":"closed","ping_status":"open","sticky":false,"template":"","format":"standard","meta":{"ngg_post_thumbnail":0,"footnotes":""},"categories":[14],"tags":[],"class_list":["post-4830","post","type-post","status-publish","format-standard","has-post-thumbnail","hentry","category-ogloszenia_duszp"],"_links":{"self":[{"href":"https:\/\/mbsniezna.rzeszow.pl\/index.php\/wp-json\/wp\/v2\/posts\/4830","targetHints":{"allow":["GET"]}}],"collection":[{"href":"https:\/\/mbsniezna.rzeszow.pl\/index.php\/wp-json\/wp\/v2\/posts"}],"about":[{"href":"https:\/\/mbsniezna.rzeszow.pl\/index.php\/wp-json\/wp\/v2\/types\/post"}],"author":[{"embeddable":true,"href":"https:\/\/mbsniezna.rzeszow.pl\/index.php\/wp-json\/wp\/v2\/users\/1"}],"replies":[{"embeddable":true,"href":"https:\/\/mbsniezna.rzeszow.pl\/index.php\/wp-json\/wp\/v2\/comments?post=4830"}],"version-history":[{"count":1,"href":"https:\/\/mbsniezna.rzeszow.pl\/index.php\/wp-json\/wp\/v2\/posts\/4830\/revisions"}],"predecessor-version":[{"id":4831,"href":"https:\/\/mbsniezna.rzeszow.pl\/index.php\/wp-json\/wp\/v2\/posts\/4830\/revisions\/4831"}],"wp:featuredmedia":[{"embeddable":true,"href":"https:\/\/mbsniezna.rzeszow.pl\/index.php\/wp-json\/wp\/v2\/media\/4506"}],"wp:attachment":[{"href":"https:\/\/mbsniezna.rzeszow.pl\/index.php\/wp-json\/wp\/v2\/media?parent=4830"}],"wp:term":[{"taxonomy":"category","embeddable":true,"href":"https:\/\/mbsniezna.rzeszow.pl\/index.php\/wp-json\/wp\/v2\/categories?post=4830"},{"taxonomy":"post_tag","embeddable":true,"href":"https:\/\/mbsniezna.rzeszow.pl\/index.php\/wp-json\/wp\/v2\/tags?post=4830"}],"curies":[{"name":"wp","href":"https:\/\/api.w.org\/{rel}","templated":true}]}}