{"id":4832,"date":"2016-10-08T22:04:28","date_gmt":"2016-10-08T20:04:28","guid":{"rendered":"https:\/\/mbsniezna.rzeszow.pl\/?p=4832"},"modified":"2016-10-08T22:04:28","modified_gmt":"2016-10-08T20:04:28","slug":"intencje-mszalne-10-10-2016-16-10-2016-r","status":"publish","type":"post","link":"https:\/\/mbsniezna.rzeszow.pl\/index.php\/2016\/10\/08\/intencje-mszalne-10-10-2016-16-10-2016-r\/","title":{"rendered":"Intencje Mszalne 10.10.2016 \u2013 16.10.2016 r."},"content":{"rendered":"<p><strong>Poniedzia\u0142ek: 10.10<\/strong><\/p>\n<table width=\"699\">\n<tbody>\n<tr>\n<td width=\"76\"><strong>7.00<\/strong><\/td>\n<td width=\"624\">1.\u00a0\u00a0\u00a0\u00a0\u00a0\u00a0 + Zdzis\u0142aw Kurpyta (10)<\/p>\n<p>2.\u00a0\u00a0\u00a0\u00a0\u00a0\u00a0 W intencji pielgrzym\u00f3w do Cz\u0119stochowy (x. go\u015b\u0107)<\/td>\n<\/tr>\n<tr>\n<td width=\"76\"><strong>18.00<\/strong><\/td>\n<td width=\"624\">1.\u00a0\u00a0\u00a0\u00a0\u00a0\u00a0 + Zofia Brzezi\u0144ska w 30 r. \u015bmierci (x. go\u015b\u0107)<\/p>\n<p>2.\u00a0\u00a0\u00a0\u00a0\u00a0\u00a0 + J\u00f3zef, Maria \u015alemp, + J\u00f3zef Borowiec, + Maria Ladzi\u0144ska<\/p>\n<p>3.\u00a0\u00a0\u00a0\u00a0\u00a0\u00a0 + Albina Kyc od siostrze\u0144ca Adama Cios z rodzin\u0105<\/p>\n<p>4.\u00a0\u00a0\u00a0\u00a0\u00a0\u00a0 + Tomasz Pr\u0119dki od koleg\u00f3w i kole\u017canek syna Mieczys\u0142awa z Zelmeru<\/td>\n<\/tr>\n<\/tbody>\n<\/table>\n<p><strong>Wtorek: 11.10<\/strong><\/p>\n<table width=\"699\">\n<tbody>\n<tr>\n<td width=\"76\"><strong>7.00<\/strong><\/td>\n<td width=\"624\">1.\u00a0\u00a0\u00a0\u00a0\u00a0\u00a0 + Zdzis\u0142aw Kurpyta (11)<\/p>\n<p>2.\u00a0\u00a0\u00a0\u00a0\u00a0\u00a0 + Tomasz Pr\u0119dki od koleg\u00f3w i kole\u017canek syna Mieczys\u0142awa z Zelmeru (x. go\u015b\u0107)<\/td>\n<\/tr>\n<tr>\n<td width=\"76\"><strong>18.00<\/strong><\/td>\n<td width=\"624\">1.\u00a0\u00a0\u00a0\u00a0\u00a0\u00a0 + Mieczys\u0142aw Fie\u0144 (x. go\u015b\u0107)<\/p>\n<p>2.\u00a0\u00a0\u00a0\u00a0\u00a0\u00a0 + Zofia, Edward, Les\u0142aw Pa\u015bko<\/p>\n<p>3.\u00a0\u00a0\u00a0\u00a0\u00a0\u00a0 W intencji pielgrzym\u00f3w do Cz\u0119stochowy<\/p>\n<p>4.\u00a0\u00a0\u00a0\u00a0\u00a0\u00a0 + Stanis\u0142aw Szetela od bratowej Anny Szetela z rodzin\u0105<\/td>\n<\/tr>\n<\/tbody>\n<\/table>\n<p><strong>\u015aroda: 12.10<\/strong><\/p>\n<table width=\"699\">\n<tbody>\n<tr>\n<td width=\"76\"><strong>7.00<\/strong><\/td>\n<td width=\"624\">1.\u00a0\u00a0\u00a0\u00a0\u00a0\u00a0 + Zdzis\u0142aw Kurpyta (12)<\/td>\n<\/tr>\n<tr>\n<td width=\"76\"><strong>18.00<\/strong><\/td>\n<td width=\"624\">1.\u00a0\u00a0\u00a0\u00a0\u00a0\u00a0 + Antoni G\u0142odowski (x. go\u015bc)<\/p>\n<p>2.\u00a0\u00a0\u00a0\u00a0\u00a0\u00a0 + W\u0142adys\u0142aw Ferenc w 2 r. \u015bmierci (x. go\u015b\u0107)<\/p>\n<p>3.\u00a0\u00a0\u00a0\u00a0\u00a0\u00a0 W intencji pielgrzym\u00f3w do Cz\u0119stochowy<\/p>\n<p>4.\u00a0\u00a0\u00a0\u00a0\u00a0\u00a0 + Albina Kyc od rodziny Kazimierza Hada\u0142y<\/td>\n<\/tr>\n<\/tbody>\n<\/table>\n<p><strong>Czwartek: 13.10<\/strong><\/p>\n<table width=\"699\">\n<tbody>\n<tr>\n<td width=\"76\"><strong>7.00<\/strong><\/td>\n<td width=\"624\">1.\u00a0\u00a0\u00a0\u00a0\u00a0\u00a0 + Zdzis\u0142aw Kurpyta (13)<\/p>\n<p>2.\u00a0\u00a0\u00a0\u00a0\u00a0\u00a0 + Tomasz Pr\u0119dki od koleg\u00f3w i kole\u017canek syna Mieczys\u0142awa z Zelmeru &#8211; zak. Mszy pogrzebowych (x. go\u015b\u0107)<\/p>\n<p>3.\u00a0\u00a0\u00a0\u00a0\u00a0\u00a0 + Albina Kyc od rodziny Kap\u0142on\u00f3w &#8211; zak. Mszy pogrzebowych<\/td>\n<\/tr>\n<tr>\n<td width=\"76\"><strong>18.00<\/strong><\/td>\n<td width=\"624\">1.\u00a0\u00a0\u00a0\u00a0\u00a0\u00a0 + Edward, Stanis\u0142aw, Anna i Karol Mazur (x. go\u015b\u0107)<\/p>\n<p>2.\u00a0\u00a0\u00a0\u00a0\u00a0\u00a0 + Krzysztof Wojtachnia w 3 r. \u015bmierci<\/p>\n<p>3.\u00a0\u00a0\u00a0\u00a0\u00a0\u00a0 + Ks. Kazimierz \u017bydzik od pielgrzym\u00f3w do Cz\u0119stochowy<\/td>\n<\/tr>\n<\/tbody>\n<\/table>\n<p><strong>Pi\u0105tek: 14.10<\/strong><\/p>\n<table width=\"699\">\n<tbody>\n<tr>\n<td width=\"76\"><strong>7.00<\/strong><\/td>\n<td width=\"624\">1.\u00a0\u00a0\u00a0\u00a0\u00a0\u00a0 + Zdzis\u0142aw Kurpyta (14)<\/td>\n<\/tr>\n<tr>\n<td width=\"76\"><strong>18.00<\/strong><\/td>\n<td width=\"624\">1.\u00a0\u00a0\u00a0\u00a0\u00a0\u00a0 + Adela Kalandyk w 8 r. \u015bmierci (x. go\u015b\u0107)<\/p>\n<p>2.\u00a0\u00a0\u00a0\u00a0\u00a0\u00a0 + Krystyna, Jan, Katarzyna Szyd\u0142owscy (x. go\u015bc)<\/p>\n<p>3.\u00a0\u00a0\u00a0\u00a0\u00a0\u00a0 + Les\u0142aw Gawron w 8 r. \u015bmierci<\/p>\n<p>4.\u00a0\u00a0\u00a0\u00a0\u00a0\u00a0 + Danuta Mazur od swat\u00f3w Miku\u0142\u00f3w z rodzin\u0105<\/td>\n<\/tr>\n<\/tbody>\n<\/table>\n<p><strong>Sobota: 15.10<\/strong><\/p>\n<table width=\"699\">\n<tbody>\n<tr>\n<td width=\"76\"><strong>7.00<\/strong><\/td>\n<td width=\"624\">1.\u00a0\u00a0\u00a0\u00a0\u00a0\u00a0 + Zdzis\u0142aw Kurpyta (15)<\/td>\n<\/tr>\n<tr>\n<td width=\"76\"><strong>18.00<\/strong><\/td>\n<td width=\"624\">1.\u00a0\u00a0\u00a0\u00a0\u00a0\u00a0 + Teresa Szczygie\u0142 (x. go\u015b\u0107)<\/p>\n<p>2.\u00a0\u00a0\u00a0\u00a0\u00a0\u00a0 + Eugenia Kom\u00f3rek<\/p>\n<p>3.\u00a0\u00a0\u00a0\u00a0\u00a0\u00a0 \u00a0W intencji Szymona w 18 urodziny<\/td>\n<\/tr>\n<\/tbody>\n<\/table>\n<p><strong>NIEDZIELA: 16.10<\/strong><\/p>\n<table width=\"699\">\n<tbody>\n<tr>\n<td width=\"76\"><strong>7.00<\/strong><\/td>\n<td width=\"624\">+ Henryk Jakubiec<\/td>\n<\/tr>\n<tr>\n<td width=\"76\"><strong>9.00<\/strong><\/td>\n<td width=\"624\">1.\u00a0\u00a0\u00a0\u00a0\u00a0\u00a0 Dzi\u0119kczynna z pro\u015bb\u0105 o Bo\u017ce b\u0142ogos\u0142awie\u0144stwo dla Anastazji i Janusza w 25 lecie ma\u0142\u017ce\u0144stwa<\/p>\n<p>2.\u00a0\u00a0\u00a0\u00a0\u00a0\u00a0 + Stefania \u017bmuda od Patrycji i Johna Godrich (x. go\u015b\u0107)<\/td>\n<\/tr>\n<tr>\n<td width=\"76\"><strong>10.30<\/strong><\/td>\n<td width=\"624\">+ Edward Domo\u0144 w 16 r. \u015bmierci<\/td>\n<\/tr>\n<tr>\n<td width=\"76\"><strong>12.00<\/strong><\/td>\n<td width=\"624\">W intencji parafian \u017cywych i zmar\u0142ych \u2013 ks. Biskup<\/td>\n<\/tr>\n<tr>\n<td width=\"76\"><strong>16.00<\/strong><\/td>\n<td width=\"624\">+ Albina i Antoni Go\u015b<\/td>\n<\/tr>\n<tr>\n<td width=\"76\"><strong>18.00<\/strong><\/td>\n<td width=\"624\">+ Zdzis\u0142aw Kurpyta (16)<\/td>\n<\/tr>\n<\/tbody>\n<\/table>\n","protected":false},"excerpt":{"rendered":"<p>&#8230;<\/p>\n","protected":false},"author":1,"featured_media":4338,"comment_status":"closed","ping_status":"open","sticky":false,"template":"","format":"standard","meta":{"ngg_post_thumbnail":0,"footnotes":""},"categories":[4],"tags":[],"class_list":["post-4832","post","type-post","status-publish","format-standard","has-post-thumbnail","hentry","category-intencje"],"_links":{"self":[{"href":"https:\/\/mbsniezna.rzeszow.pl\/index.php\/wp-json\/wp\/v2\/posts\/4832","targetHints":{"allow":["GET"]}}],"collection":[{"href":"https:\/\/mbsniezna.rzeszow.pl\/index.php\/wp-json\/wp\/v2\/posts"}],"about":[{"href":"https:\/\/mbsniezna.rzeszow.pl\/index.php\/wp-json\/wp\/v2\/types\/post"}],"author":[{"embeddable":true,"href":"https:\/\/mbsniezna.rzeszow.pl\/index.php\/wp-json\/wp\/v2\/users\/1"}],"replies":[{"embeddable":true,"href":"https:\/\/mbsniezna.rzeszow.pl\/index.php\/wp-json\/wp\/v2\/comments?post=4832"}],"version-history":[{"count":1,"href":"https:\/\/mbsniezna.rzeszow.pl\/index.php\/wp-json\/wp\/v2\/posts\/4832\/revisions"}],"predecessor-version":[{"id":4833,"href":"https:\/\/mbsniezna.rzeszow.pl\/index.php\/wp-json\/wp\/v2\/posts\/4832\/revisions\/4833"}],"wp:featuredmedia":[{"embeddable":true,"href":"https:\/\/mbsniezna.rzeszow.pl\/index.php\/wp-json\/wp\/v2\/media\/4338"}],"wp:attachment":[{"href":"https:\/\/mbsniezna.rzeszow.pl\/index.php\/wp-json\/wp\/v2\/media?parent=4832"}],"wp:term":[{"taxonomy":"category","embeddable":true,"href":"https:\/\/mbsniezna.rzeszow.pl\/index.php\/wp-json\/wp\/v2\/categories?post=4832"},{"taxonomy":"post_tag","embeddable":true,"href":"https:\/\/mbsniezna.rzeszow.pl\/index.php\/wp-json\/wp\/v2\/tags?post=4832"}],"curies":[{"name":"wp","href":"https:\/\/api.w.org\/{rel}","templated":true}]}}