{"id":4980,"date":"2017-01-22T12:50:50","date_gmt":"2017-01-22T11:50:50","guid":{"rendered":"https:\/\/mbsniezna.rzeszow.pl\/?p=4980"},"modified":"2017-01-22T12:50:50","modified_gmt":"2017-01-22T11:50:50","slug":"ogloszenia-na-iii-niedziele-zwykla-22-01-2017-r","status":"publish","type":"post","link":"https:\/\/mbsniezna.rzeszow.pl\/index.php\/2017\/01\/22\/ogloszenia-na-iii-niedziele-zwykla-22-01-2017-r\/","title":{"rendered":"Og\u0142oszenia na III Niedziel\u0119 Zwyk\u0142\u0105, 22.01.2017 r."},"content":{"rendered":"<p>III NIEDZIELA ZWYK\u0141A \u2013 OG\u0141OSZENIA, 22 STYCZNIA 2017 R.<\/p>\n<p>1.\tDzisiaj o 15.00 w Domu Kultury \u201eBudziw\u00f3j\u201d \u201eRodzinne kol\u0119dowanie\u201d.<\/p>\n<p>2.\tW tygodniu Msza \u015bw. o 7.00 i 18.00.<\/p>\n<p>3.\tWe wtorek nabo\u017ce\u0144stwo do \u015bw. Antoniego.<\/p>\n<p>4.\tWe \u015brod\u0119 Nowenna do Matki Bo\u017cej.<\/p>\n<p>5.\tW czwartek od 17.15 adoracja i okazja do spowiedzi.<\/p>\n<p>6.\tW pi\u0105tek nabo\u017ce\u0144stwo do Bo\u017cego Mi\u0142osierdzia.<\/p>\n<p>7.\tKalendarz liturgiczny: wtorek \u2013 \u015bw. Franciszka Salezego, \u015broda \u2013 nawr\u00f3cenie \u015bw. Paw\u0142a Aposto\u0142a, czwartek \u2013 \u015bw. Tymoteusza i Tytusa, pi\u0105tek \u2013 \u015bw. Jerzego Matulewicza, sobota \u2013 \u015bw. Tomasza z Akwinu.<\/p>\n<p>8.\tB\u00f3g zap\u0142a\u0107 za sk\u0142adk\u0119 inwestycyjn\u0105  z ubieg\u0142ej niedzieli, kt\u00f3ra wynios\u0142a 8 270 z\u0142.<\/p>\n<p>9.\tB\u00f3g zap\u0142a\u0107 za ofiary na sprz\u0105tanie ko\u015bcio\u0142a. W tym tygodniu z ul. Por\u0105bki prosimy rodziny: Edyty Lasota, Ma\u0142gorzaty Dudek, Marii Myrda, Gra\u017cyny Borowiec, Alicji B\u0142o\u0144skiej, Joanny Gawron, Kazimiery Gawron, Stanis\u0142awa Burz, J\u00f3zefy K\u0105kol, Ma\u0142gorzaty Dareckiej.<\/p>\n<p>10.\tW poniedzia\u0142ek i czwartek  o 9.00 w siedzibie OST w Tyczynie szklenia dla rolnik\u00f3w na temat produkcji ro\u015blin wysokobia\u0142kowych i ozdobnych.<\/p>\n<p>11.\tDobieg\u0142a ko\u0144ca kol\u0119dowa wizyta rodzin. B\u00f3g zap\u0142a\u0107 za serdeczne i go\u015bcinne przyj\u0119cie, za otwarto\u015b\u0107, za zainteresowanie sprawami parafii. B\u00f3g zap\u0142a\u0107 za sk\u0142adane w ko\u015bciele ofiary kol\u0119dowe. Wszystkie sprawy waszego \u017cycia, zw\u0142aszcza te zwi\u0105zane ze zdrowiem i \u017cyciem rodzinno-ma\u0142\u017ce\u0144skim obiecujemy powierza\u0107 Bogu w naszych kap\u0142a\u0144skich modlitwach.<\/p>\n","protected":false},"excerpt":{"rendered":"<p>&#8230;<\/p>\n","protected":false},"author":1,"featured_media":4506,"comment_status":"closed","ping_status":"open","sticky":false,"template":"","format":"standard","meta":{"ngg_post_thumbnail":0,"footnotes":""},"categories":[14],"tags":[],"class_list":["post-4980","post","type-post","status-publish","format-standard","has-post-thumbnail","hentry","category-ogloszenia_duszp"],"_links":{"self":[{"href":"https:\/\/mbsniezna.rzeszow.pl\/index.php\/wp-json\/wp\/v2\/posts\/4980","targetHints":{"allow":["GET"]}}],"collection":[{"href":"https:\/\/mbsniezna.rzeszow.pl\/index.php\/wp-json\/wp\/v2\/posts"}],"about":[{"href":"https:\/\/mbsniezna.rzeszow.pl\/index.php\/wp-json\/wp\/v2\/types\/post"}],"author":[{"embeddable":true,"href":"https:\/\/mbsniezna.rzeszow.pl\/index.php\/wp-json\/wp\/v2\/users\/1"}],"replies":[{"embeddable":true,"href":"https:\/\/mbsniezna.rzeszow.pl\/index.php\/wp-json\/wp\/v2\/comments?post=4980"}],"version-history":[{"count":1,"href":"https:\/\/mbsniezna.rzeszow.pl\/index.php\/wp-json\/wp\/v2\/posts\/4980\/revisions"}],"predecessor-version":[{"id":4981,"href":"https:\/\/mbsniezna.rzeszow.pl\/index.php\/wp-json\/wp\/v2\/posts\/4980\/revisions\/4981"}],"wp:featuredmedia":[{"embeddable":true,"href":"https:\/\/mbsniezna.rzeszow.pl\/index.php\/wp-json\/wp\/v2\/media\/4506"}],"wp:attachment":[{"href":"https:\/\/mbsniezna.rzeszow.pl\/index.php\/wp-json\/wp\/v2\/media?parent=4980"}],"wp:term":[{"taxonomy":"category","embeddable":true,"href":"https:\/\/mbsniezna.rzeszow.pl\/index.php\/wp-json\/wp\/v2\/categories?post=4980"},{"taxonomy":"post_tag","embeddable":true,"href":"https:\/\/mbsniezna.rzeszow.pl\/index.php\/wp-json\/wp\/v2\/tags?post=4980"}],"curies":[{"name":"wp","href":"https:\/\/api.w.org\/{rel}","templated":true}]}}