{"id":4987,"date":"2017-01-29T08:35:29","date_gmt":"2017-01-29T07:35:29","guid":{"rendered":"https:\/\/mbsniezna.rzeszow.pl\/?p=4987"},"modified":"2017-01-29T08:38:28","modified_gmt":"2017-01-29T07:38:28","slug":"intencje-mszalne-30-01-2017-05-02-2017-r","status":"publish","type":"post","link":"https:\/\/mbsniezna.rzeszow.pl\/index.php\/2017\/01\/29\/intencje-mszalne-30-01-2017-05-02-2017-r\/","title":{"rendered":"Intencje Mszalne 30.01.2017 \u2013 05.02.2017 r."},"content":{"rendered":"<p><strong>Poniedzia\u0142ek: 30.01<\/strong><\/p>\n<table width=\"699\">\n<tbody>\n<tr>\n<td width=\"76\"><strong>7.00<\/strong><\/td>\n<td width=\"624\">1.&nbsp;&nbsp;&nbsp;&nbsp;&nbsp; + Jan Grodecki od Magdaleny i Krzysztofa<\/td>\n<\/tr>\n<tr>\n<td width=\"76\"><strong>18.00<\/strong><\/td>\n<td width=\"624\">1.&nbsp;&nbsp;&nbsp;&nbsp;&nbsp; + Stanis\u0142aw Ba\u0142a i + Zofia Budak<\/p>\n<p>2.&nbsp;&nbsp;&nbsp;&nbsp;&nbsp; + Teresa Depa od siostrzenicy Kasi z rodzin\u0105<\/p>\n<p>3.&nbsp;&nbsp;&nbsp;&nbsp;&nbsp; + Eugeniusz Pa\u015bko od rodziny Cz\u0119czk\u00f3w (x. go\u015b\u0107)<\/td>\n<\/tr>\n<\/tbody>\n<\/table>\n<p>&nbsp;<\/p>\n<p><strong>Wtorek: 31.01<\/strong><\/p>\n<table width=\"699\">\n<tbody>\n<tr>\n<td width=\"76\"><strong>7.00<\/strong><\/td>\n<td width=\"624\">1.&nbsp;&nbsp;&nbsp;&nbsp;&nbsp; + Teresa Depa od siostry Anny<\/td>\n<\/tr>\n<tr>\n<td width=\"76\"><strong>18.00<\/strong><\/td>\n<td width=\"624\">1.&nbsp;&nbsp;&nbsp;&nbsp;&nbsp; + Stanis\u0142aw Musia\u0142 od s\u0105siad\u00f3w z ul. Herbowej i Chmielnej<\/p>\n<p>2.&nbsp;&nbsp;&nbsp;&nbsp;&nbsp; + Kazimiera i Augustyn Piekie\u0142ek oraz + Stanis\u0142awa (k) i Bronis\u0142aw Dziedzic<\/p>\n<p>3.&nbsp;&nbsp;&nbsp;&nbsp;&nbsp; + Genowefa Kozik od rodziny Skib\u00f3w (x. go\u015b\u0107)<\/td>\n<\/tr>\n<\/tbody>\n<\/table>\n<p>&nbsp;<\/p>\n<p><strong>\u015aroda: 01.02<\/strong><\/p>\n<table width=\"699\">\n<tbody>\n<tr>\n<td width=\"76\"><strong>7.00<\/strong><\/td>\n<td width=\"624\">1.&nbsp;&nbsp;&nbsp;&nbsp;&nbsp; + Dorota R\u00f3g w 18 r. \u015bmierci<\/td>\n<\/tr>\n<tr>\n<td width=\"76\"><strong>18.00<\/strong><\/td>\n<td width=\"624\">1.&nbsp;&nbsp;&nbsp;&nbsp;&nbsp; + Stanis\u0142aw Goszty\u0142a (1) \u2013 rozpocz\u0119cie &nbsp;Mszy gregoria\u0144skich<\/p>\n<p>2.&nbsp;&nbsp;&nbsp;&nbsp;&nbsp; + Alicja Kotowicz od pracownik\u00f3w Podkarpackiego Biura Planowania Przestrzennego<\/p>\n<p>3.&nbsp;&nbsp;&nbsp;&nbsp;&nbsp; + Emil Kuczmarz od kolegi Czes\u0142awa i Stefana (x. go\u015b\u0107)<\/td>\n<\/tr>\n<\/tbody>\n<\/table>\n<p>&nbsp;<\/p>\n<p><strong>Czwartek: 02.02<\/strong><\/p>\n<table width=\"699\">\n<tbody>\n<tr>\n<td width=\"76\"><strong>7.00<\/strong><\/td>\n<td width=\"624\">1.&nbsp;&nbsp;&nbsp;&nbsp;&nbsp; + Stanis\u0142aw Goszty\u0142a (2)<\/td>\n<\/tr>\n<tr>\n<td width=\"76\"><strong>9.00<\/strong><\/td>\n<td width=\"624\">+ Wies\u0142aw Domino w 5 r. \u015bmierci<\/td>\n<\/tr>\n<tr>\n<td width=\"76\"><strong>18.00<\/strong><\/td>\n<td width=\"624\">1.&nbsp;&nbsp;&nbsp;&nbsp;&nbsp; O Bo\u017ce b\u0142ogos\u0142awie\u0144stwo dla Sary w 18 urodziny<\/p>\n<p>2.&nbsp;&nbsp;&nbsp;&nbsp;&nbsp; + Maria Czyrek (x. go\u015b\u0107)<\/td>\n<\/tr>\n<\/tbody>\n<\/table>\n<p><strong>&nbsp;<\/strong><\/p>\n<p><strong>Pi\u0105tek: 03.02<\/strong><\/p>\n<table width=\"699\">\n<tbody>\n<tr>\n<td width=\"76\"><strong>7.00<\/strong><\/td>\n<td width=\"624\">1.&nbsp;&nbsp;&nbsp;&nbsp;&nbsp; + Stanis\u0142aw Goszty\u0142a (3)<\/td>\n<\/tr>\n<tr>\n<td width=\"76\"><strong>18.00<\/strong><\/td>\n<td width=\"624\">1.&nbsp;&nbsp;&nbsp;&nbsp;&nbsp; Wynagradzaj\u0105ca SPJ za grzechy \u015bwiata od Heleny Pa\u015bkiewicz<\/p>\n<p>2.&nbsp;&nbsp;&nbsp;&nbsp;&nbsp; + J\u00f3zef Konkol od synowej Agnieszki z m\u0119\u017cem<\/td>\n<\/tr>\n<\/tbody>\n<\/table>\n<p><strong>&nbsp;<\/strong><\/p>\n<p><strong>Sobota: 04.02<\/strong><\/p>\n<table width=\"699\">\n<tbody>\n<tr>\n<td width=\"76\"><strong>7.00<\/strong><\/td>\n<td width=\"624\">1.&nbsp;&nbsp;&nbsp;&nbsp;&nbsp; + Stanis\u0142aw Goszty\u0142a (4)<\/td>\n<\/tr>\n<tr>\n<td width=\"76\"><strong>18.00<\/strong><\/td>\n<td width=\"624\">1.&nbsp;&nbsp;&nbsp;&nbsp;&nbsp; + Teresa Depa od matki chrzestnej<\/p>\n<p>2.&nbsp;&nbsp;&nbsp;&nbsp;&nbsp; + Maria Kmiotek od J\u00f3zefa Kyc z rodzin\u0105<\/p>\n<p>3.&nbsp;&nbsp;&nbsp;&nbsp;&nbsp; + Jan Grodecki od kuzyna Zbigniewa z rodzin\u0105 (x. go\u015b\u0107)<\/td>\n<\/tr>\n<\/tbody>\n<\/table>\n<p><strong>&nbsp;<\/strong><\/p>\n<p><strong>NIEDZIELA: 05.02<\/strong><\/p>\n<table width=\"699\">\n<tbody>\n<tr>\n<td width=\"76\"><strong>7.00<\/strong><\/td>\n<td width=\"624\">1.&nbsp;&nbsp;&nbsp;&nbsp;&nbsp; + Teresa Depa od kuzynki Anny (x. rodak)<\/p>\n<p>2.&nbsp;&nbsp;&nbsp;&nbsp;&nbsp; + Maria i Longin Pa\u015bko<\/td>\n<\/tr>\n<tr>\n<td width=\"76\"><strong>9.00<\/strong><\/td>\n<td width=\"624\">+ Stefania i W\u0142adys\u0142aw Piszcz<\/td>\n<\/tr>\n<tr>\n<td width=\"76\"><strong>10.30<\/strong><\/td>\n<td width=\"624\">+ Alfred Ro\u017ckiewicz 3 r. \u015bmierci<\/td>\n<\/tr>\n<tr>\n<td width=\"76\"><strong>12.00<\/strong><\/td>\n<td width=\"624\">+ Marian Borowiec<\/td>\n<\/tr>\n<tr>\n<td width=\"76\"><strong>16.00<\/strong><\/td>\n<td width=\"624\">+ Eugenia i J\u00f3zef Matu\u0142a<\/td>\n<\/tr>\n<tr>\n<td width=\"76\"><strong>18.00<\/strong><\/td>\n<td width=\"624\">+ Stanis\u0142aw Goszty\u0142a (5)<\/td>\n<\/tr>\n<\/tbody>\n<\/table>\n<p><strong>&nbsp;<\/strong><\/p>\n<p>&nbsp;<\/p>\n<p>&nbsp;<\/p>\n","protected":false},"excerpt":{"rendered":"<p>&#8230;<\/p>\n","protected":false},"author":1,"featured_media":144,"comment_status":"closed","ping_status":"open","sticky":false,"template":"","format":"standard","meta":{"ngg_post_thumbnail":0,"footnotes":""},"categories":[4],"tags":[],"class_list":["post-4987","post","type-post","status-publish","format-standard","has-post-thumbnail","hentry","category-intencje"],"_links":{"self":[{"href":"https:\/\/mbsniezna.rzeszow.pl\/index.php\/wp-json\/wp\/v2\/posts\/4987","targetHints":{"allow":["GET"]}}],"collection":[{"href":"https:\/\/mbsniezna.rzeszow.pl\/index.php\/wp-json\/wp\/v2\/posts"}],"about":[{"href":"https:\/\/mbsniezna.rzeszow.pl\/index.php\/wp-json\/wp\/v2\/types\/post"}],"author":[{"embeddable":true,"href":"https:\/\/mbsniezna.rzeszow.pl\/index.php\/wp-json\/wp\/v2\/users\/1"}],"replies":[{"embeddable":true,"href":"https:\/\/mbsniezna.rzeszow.pl\/index.php\/wp-json\/wp\/v2\/comments?post=4987"}],"version-history":[{"count":1,"href":"https:\/\/mbsniezna.rzeszow.pl\/index.php\/wp-json\/wp\/v2\/posts\/4987\/revisions"}],"predecessor-version":[{"id":4988,"href":"https:\/\/mbsniezna.rzeszow.pl\/index.php\/wp-json\/wp\/v2\/posts\/4987\/revisions\/4988"}],"wp:featuredmedia":[{"embeddable":true,"href":"https:\/\/mbsniezna.rzeszow.pl\/index.php\/wp-json\/wp\/v2\/media\/144"}],"wp:attachment":[{"href":"https:\/\/mbsniezna.rzeszow.pl\/index.php\/wp-json\/wp\/v2\/media?parent=4987"}],"wp:term":[{"taxonomy":"category","embeddable":true,"href":"https:\/\/mbsniezna.rzeszow.pl\/index.php\/wp-json\/wp\/v2\/categories?post=4987"},{"taxonomy":"post_tag","embeddable":true,"href":"https:\/\/mbsniezna.rzeszow.pl\/index.php\/wp-json\/wp\/v2\/tags?post=4987"}],"curies":[{"name":"wp","href":"https:\/\/api.w.org\/{rel}","templated":true}]}}