{"id":5018,"date":"2017-03-06T18:39:04","date_gmt":"2017-03-06T17:39:04","guid":{"rendered":"https:\/\/mbsniezna.rzeszow.pl\/?p=5018"},"modified":"2017-03-06T18:39:04","modified_gmt":"2017-03-06T17:39:04","slug":"intencje-mszalne-06-03-2017-12-03-2017-r","status":"publish","type":"post","link":"https:\/\/mbsniezna.rzeszow.pl\/index.php\/2017\/03\/06\/intencje-mszalne-06-03-2017-12-03-2017-r\/","title":{"rendered":"Intencje mszalne 06.03.2017 \u2013 12.03.2017 r."},"content":{"rendered":"<p><strong>Poniedzia\u0142ek: 06.03<\/strong><\/p>\n<table width=\"699\">\n<tbody>\n<tr>\n<td width=\"76\"><strong>7.00<\/strong><\/td>\n<td width=\"624\">1.&nbsp;&nbsp;&nbsp;&nbsp;&nbsp; + J\u00f3zef Konkol (6)<\/td>\n<\/tr>\n<tr>\n<td width=\"76\"><strong>18.00<\/strong><\/td>\n<td width=\"624\">1.&nbsp;&nbsp;&nbsp;&nbsp;&nbsp; + J\u00f3zef Naw\u00f3j w 4 r. \u015bmierci oraz zmarli z rodziny Naw\u00f3j<\/p>\n<p>2.&nbsp;&nbsp;&nbsp;&nbsp;&nbsp; + Wies\u0142awa (k) Trojan<\/p>\n<p>3.&nbsp;&nbsp;&nbsp;&nbsp;&nbsp; + Jan Grodecki od Zofii i Kazimierza z Jasionki (x. go\u015b\u0107)<\/p>\n<p>4.&nbsp;&nbsp;&nbsp;&nbsp;&nbsp; + Genowefa Kozik od brata<\/td>\n<\/tr>\n<\/tbody>\n<\/table>\n<p><strong>Wtorek: 07.03<\/strong><\/p>\n<table width=\"699\">\n<tbody>\n<tr>\n<td width=\"76\"><strong>7.00<\/strong><\/td>\n<td width=\"624\">1.&nbsp;&nbsp;&nbsp;&nbsp;&nbsp; + J\u00f3zef Konkol (7)<\/p>\n<p>2.&nbsp;&nbsp;&nbsp;&nbsp;&nbsp; + Jan Grodecki od rodziny Jopk\u00f3w i Kowalskich<\/p>\n<p>3.&nbsp;&nbsp;&nbsp;&nbsp;&nbsp; + Genowefa Kozik od rodziny Pa\u015bk\u00f3w i Pa\u015bkiewicz\u00f3w (x. go\u015b\u0107)<\/td>\n<\/tr>\n<tr>\n<td width=\"76\"><strong>18.00<\/strong><\/td>\n<td width=\"624\">1.&nbsp;&nbsp;&nbsp;&nbsp;&nbsp; + J\u00f3zef i Aniela Konkol (x. go\u015b\u0107)<\/p>\n<p>2.&nbsp;&nbsp;&nbsp;&nbsp;&nbsp; + Teresa Szczygie\u0142 i Stanis\u0142aw Kotula (x. go\u015b\u0107)<\/p>\n<p>3.&nbsp;&nbsp;&nbsp;&nbsp;&nbsp; + Alicja Kotowicz od s\u0105siad\u00f3w z ul. Por\u0105bki i Jesionowej<\/td>\n<\/tr>\n<\/tbody>\n<\/table>\n<p>&nbsp;<strong>\u015aroda: 08.03 <\/strong><\/p>\n<table width=\"699\">\n<tbody>\n<tr>\n<td width=\"76\"><strong>7.00<\/strong><\/td>\n<td width=\"624\">1.&nbsp;&nbsp;&nbsp;&nbsp;&nbsp; + J\u00f3zef Konkol (8)<\/p>\n<p>2.&nbsp;&nbsp;&nbsp;&nbsp;&nbsp; + Maria Kmiotek od Konrada z rodzin\u0105 (x. go\u015b\u0107)<\/td>\n<\/tr>\n<tr>\n<td width=\"76\"><strong>18.00<\/strong><\/td>\n<td width=\"624\">1.&nbsp;&nbsp;&nbsp;&nbsp;&nbsp; + Mieczys\u0142aw Szyde\u0142ko w 11 r. \u015bmierci<\/p>\n<p>2.&nbsp;&nbsp;&nbsp;&nbsp;&nbsp; O zdrowie i szcz\u0119\u015bliwy powr\u00f3t do domu<\/p>\n<p>3.&nbsp;&nbsp;&nbsp;&nbsp;&nbsp; + Emil Kuczmarz od swat\u00f3w z B\u0142\u0119dowej Tyczy\u0144skiej (x. go\u015b\u0107)<\/td>\n<\/tr>\n<\/tbody>\n<\/table>\n<p><strong>Czwartek: 09.03<\/strong><\/p>\n<table width=\"699\">\n<tbody>\n<tr>\n<td width=\"76\"><strong>7.00<\/strong><\/td>\n<td width=\"624\">1.&nbsp;&nbsp;&nbsp;&nbsp;&nbsp; + J\u00f3zef Konkol (9)<\/p>\n<p>2.&nbsp;&nbsp;&nbsp;&nbsp;&nbsp; + Emil Kuczmarz od rodziny Krowiak\u00f3w<\/p>\n<p>3.&nbsp;&nbsp;&nbsp;&nbsp;&nbsp; + Emil G\u0142odowski od \u017cony, dzieci i wnuk\u00f3w (x. go\u015b\u0107)<\/td>\n<\/tr>\n<tr>\n<td width=\"76\"><strong>18.00<\/strong><\/td>\n<td width=\"624\">1.&nbsp;&nbsp;&nbsp;&nbsp;&nbsp; + S\u0142awomir i J\u00f3zef (x. go\u015b\u0107)<\/p>\n<p>2.&nbsp;&nbsp;&nbsp;&nbsp;&nbsp; + Stanis\u0142aw Kotula<\/td>\n<\/tr>\n<\/tbody>\n<\/table>\n<p><strong>Pi\u0105tek: 10.03<\/strong><\/p>\n<table width=\"699\">\n<tbody>\n<tr>\n<td width=\"76\"><strong>7.00<\/strong><\/td>\n<td width=\"624\">1.&nbsp;&nbsp;&nbsp;&nbsp;&nbsp; + J\u00f3zef Konkol (10)<\/td>\n<\/tr>\n<tr>\n<td width=\"76\"><strong>18.00<\/strong><\/td>\n<td width=\"624\">1.&nbsp;&nbsp;&nbsp;&nbsp;&nbsp; + Bogdan i J\u00f3zef Szcz\u0119ch<\/p>\n<p>2.&nbsp;&nbsp;&nbsp;&nbsp;&nbsp; W intencji Miko\u0142aja i Anny w 1 r. urodzin (x. go\u015b\u0107)<\/p>\n<p>3.&nbsp;&nbsp;&nbsp;&nbsp;&nbsp; + Emil G\u0142odowski od \u017cony, dzieci i wnuk\u00f3w (x. go\u015b\u0107)<\/td>\n<\/tr>\n<\/tbody>\n<\/table>\n<p><strong>Sobota: 11.02<\/strong><\/p>\n<table width=\"699\">\n<tbody>\n<tr>\n<td width=\"76\"><strong>7.00<\/strong><\/td>\n<td width=\"624\">1.&nbsp;&nbsp;&nbsp;&nbsp;&nbsp; + J\u00f3zef Konkol (11)<\/p>\n<p>2.&nbsp;&nbsp;&nbsp;&nbsp;&nbsp; + Stanis\u0142aw \u015alawski od Powiatowego O\u015brodka Dokumentacji Geodezyjnej i Kartograficznej w Rzeszowie (x. go\u015b\u0107)<\/td>\n<\/tr>\n<tr>\n<td width=\"76\"><strong>18.00<\/strong><\/td>\n<td width=\"624\">1.&nbsp;&nbsp;&nbsp;&nbsp;&nbsp;&nbsp; + Anna Bober<\/p>\n<p>2.&nbsp;&nbsp;&nbsp;&nbsp;&nbsp;&nbsp; + Julia, W\u0142adys\u0142aw, Eugeniusz i Jerzy<\/p>\n<p>3.&nbsp;&nbsp;&nbsp;&nbsp;&nbsp;&nbsp; + Maria Szczygie\u0142 od syna Kazimierza (x. go\u015b\u0107)<\/p>\n<p>4.&nbsp;&nbsp;&nbsp;&nbsp;&nbsp;&nbsp; + J\u00f3zef Biegus od szwagra z rodzin\u0105 (x. go\u015b\u0107)<\/td>\n<\/tr>\n<\/tbody>\n<\/table>\n<p><strong>NIEDZIELA: 12.02<\/strong><\/p>\n<table width=\"699\">\n<tbody>\n<tr>\n<td width=\"76\"><strong>7.00<\/strong><\/td>\n<td width=\"624\">1.&nbsp;&nbsp;&nbsp;&nbsp;&nbsp; + J\u00f3zef Konkol (12)<\/td>\n<\/tr>\n<tr>\n<td width=\"76\"><strong>9.00<\/strong><\/td>\n<td width=\"624\">1.&nbsp;&nbsp;&nbsp;&nbsp;&nbsp; + Stanis\u0142aw Szetela od s\u0105siad\u00f3w (x. rodak)<\/p>\n<p>2.&nbsp;&nbsp;&nbsp;&nbsp;&nbsp; + S\u0142awomir Pa\u015bkiewicz w 11 r. \u015bmierci oraz zmarli z rodziny<\/td>\n<\/tr>\n<tr>\n<td width=\"76\"><strong>10.30<\/strong><\/td>\n<td width=\"624\">+ Eugeniusz Mirowski<\/td>\n<\/tr>\n<tr>\n<td width=\"76\"><strong>12.00<\/strong><\/td>\n<td width=\"624\">1.&nbsp;&nbsp;&nbsp;&nbsp;&nbsp; W intencji \u0141ukasza w 18 urodziny<\/td>\n<\/tr>\n<tr>\n<td width=\"76\"><strong>16.00<\/strong><\/td>\n<td width=\"624\">+ Dariusz w 14 r. \u015bmierci oraz zmarli z rodziny<\/td>\n<\/tr>\n<tr>\n<td width=\"76\"><strong>18.00<\/strong><\/td>\n<td width=\"624\">+ Katarzyna i W\u0142adys\u0142aw Lasota oraz + Alfred Pr\u0119dki<\/td>\n<\/tr>\n<\/tbody>\n<\/table>\n","protected":false},"excerpt":{"rendered":"<p>&#8230;<\/p>\n","protected":false},"author":1,"featured_media":4411,"comment_status":"closed","ping_status":"open","sticky":false,"template":"","format":"standard","meta":{"ngg_post_thumbnail":0,"footnotes":""},"categories":[4],"tags":[],"class_list":["post-5018","post","type-post","status-publish","format-standard","has-post-thumbnail","hentry","category-intencje"],"_links":{"self":[{"href":"https:\/\/mbsniezna.rzeszow.pl\/index.php\/wp-json\/wp\/v2\/posts\/5018","targetHints":{"allow":["GET"]}}],"collection":[{"href":"https:\/\/mbsniezna.rzeszow.pl\/index.php\/wp-json\/wp\/v2\/posts"}],"about":[{"href":"https:\/\/mbsniezna.rzeszow.pl\/index.php\/wp-json\/wp\/v2\/types\/post"}],"author":[{"embeddable":true,"href":"https:\/\/mbsniezna.rzeszow.pl\/index.php\/wp-json\/wp\/v2\/users\/1"}],"replies":[{"embeddable":true,"href":"https:\/\/mbsniezna.rzeszow.pl\/index.php\/wp-json\/wp\/v2\/comments?post=5018"}],"version-history":[{"count":1,"href":"https:\/\/mbsniezna.rzeszow.pl\/index.php\/wp-json\/wp\/v2\/posts\/5018\/revisions"}],"predecessor-version":[{"id":5019,"href":"https:\/\/mbsniezna.rzeszow.pl\/index.php\/wp-json\/wp\/v2\/posts\/5018\/revisions\/5019"}],"wp:featuredmedia":[{"embeddable":true,"href":"https:\/\/mbsniezna.rzeszow.pl\/index.php\/wp-json\/wp\/v2\/media\/4411"}],"wp:attachment":[{"href":"https:\/\/mbsniezna.rzeszow.pl\/index.php\/wp-json\/wp\/v2\/media?parent=5018"}],"wp:term":[{"taxonomy":"category","embeddable":true,"href":"https:\/\/mbsniezna.rzeszow.pl\/index.php\/wp-json\/wp\/v2\/categories?post=5018"},{"taxonomy":"post_tag","embeddable":true,"href":"https:\/\/mbsniezna.rzeszow.pl\/index.php\/wp-json\/wp\/v2\/tags?post=5018"}],"curies":[{"name":"wp","href":"https:\/\/api.w.org\/{rel}","templated":true}]}}