{"id":5033,"date":"2017-03-12T15:17:58","date_gmt":"2017-03-12T14:17:58","guid":{"rendered":"https:\/\/mbsniezna.rzeszow.pl\/?p=5033"},"modified":"2017-03-12T15:17:58","modified_gmt":"2017-03-12T14:17:58","slug":"intencje-mszalne-13-03-2017-19-03-2017-r","status":"publish","type":"post","link":"https:\/\/mbsniezna.rzeszow.pl\/index.php\/2017\/03\/12\/intencje-mszalne-13-03-2017-19-03-2017-r\/","title":{"rendered":"Intencje mszalne 13.03.2017 \u2013 19.03.2017 r."},"content":{"rendered":"<p><strong>Poniedzia\u0142ek: 13.03<\/strong><\/p>\n<table width=\"699\">\n<tbody>\n<tr>\n<td width=\"76\"><strong>7.00<\/strong><\/td>\n<td width=\"624\">1.&nbsp;&nbsp;&nbsp;&nbsp;&nbsp;&nbsp; + Pawe\u0142 \u017burek<\/p>\n<p>2.&nbsp;&nbsp;&nbsp;&nbsp;&nbsp;&nbsp; + Jan Grodecki od kole\u017canek i koleg\u00f3w z Zak\u0142adu Gazowniczego w Rzeszowie (x. go\u015b\u0107)<\/td>\n<\/tr>\n<tr>\n<td width=\"76\"><strong>18.00<\/strong><\/td>\n<td width=\"624\">1.&nbsp;&nbsp;&nbsp;&nbsp;&nbsp;&nbsp; + J\u00f3zef Konkol (13)<\/p>\n<p>2.&nbsp;&nbsp;&nbsp;&nbsp;&nbsp;&nbsp; + J\u00f3zef Kom\u00f3rek<\/p>\n<p>3.&nbsp;&nbsp;&nbsp;&nbsp;&nbsp;&nbsp; + Genowefa Kozik od Agnieszki Ladzi\u0144skiej z rodzin\u0105 (x. go\u015b\u0107)<\/p>\n<p>4.&nbsp;&nbsp;&nbsp;&nbsp;&nbsp;&nbsp; + Alicja Kotowicz od s\u0105siad\u00f3w z ul. Por\u0105bki i Jesionowej (x. go\u015b\u0107)<\/td>\n<\/tr>\n<\/tbody>\n<\/table>\n<p><strong>Wtorek: 14.03<\/strong><\/p>\n<table width=\"699\">\n<tbody>\n<tr>\n<td width=\"76\"><strong>7.00<\/strong><\/td>\n<td width=\"624\">1.&nbsp;&nbsp;&nbsp;&nbsp;&nbsp;&nbsp; W intencji pielgrzym\u00f3w do \u0141agiewnik i ich rodzin<\/p>\n<p>2.&nbsp;&nbsp;&nbsp;&nbsp;&nbsp;&nbsp; + Emil Kuczmarz od s\u0105siad\u00f3w Prokop\u00f3w z Boguchwa\u0142y (x. go\u015b\u0107)<\/p>\n<p>3.&nbsp;&nbsp;&nbsp;&nbsp;&nbsp;&nbsp; + Maria Kmiotek od siostry Danuty (x. go\u015b\u0107)<\/td>\n<\/tr>\n<tr>\n<td width=\"76\"><strong>18.00<\/strong><\/td>\n<td width=\"624\">1.&nbsp;&nbsp;&nbsp;&nbsp;&nbsp;&nbsp; + J\u00f3zef Konkol (14)<\/p>\n<p>2.&nbsp;&nbsp;&nbsp;&nbsp;&nbsp;&nbsp; + Helena i Jan Dudek oraz + Stanis\u0142awa (k), Zofia, Wojciech Kowalscy (x. go\u015b\u0107)<\/p>\n<p>3.&nbsp;&nbsp;&nbsp;&nbsp;&nbsp;&nbsp; + Jan Grodecki od koleg\u00f3w i kole\u017canek z Zak\u0142adu Gazowniczego w Rzeszowie<\/td>\n<\/tr>\n<\/tbody>\n<\/table>\n<p><strong>\u015aroda: 15.03 <\/strong><\/p>\n<table width=\"699\">\n<tbody>\n<tr>\n<td width=\"76\"><strong>7.00<\/strong><\/td>\n<td width=\"624\">1.&nbsp;&nbsp;&nbsp;&nbsp;&nbsp;&nbsp; W intencji pielgrzym\u00f3w do \u0141agiewnik i ich rodzin<\/p>\n<p>2.&nbsp;&nbsp;&nbsp;&nbsp;&nbsp;&nbsp; + Genowefa Kozik od rodziny Witk\u00f3w (x. go\u015b\u0107)<\/p>\n<p>3.&nbsp;&nbsp;&nbsp;&nbsp;&nbsp;&nbsp; + Alicja Kotowicz od rodziny Koz\u00f3w z Gwo\u017anicy (x. go\u015b\u0107)<\/td>\n<\/tr>\n<tr>\n<td width=\"76\"><strong>18.00<\/strong><\/td>\n<td width=\"624\">1.&nbsp;&nbsp;&nbsp;&nbsp;&nbsp;&nbsp; + J\u00f3zef Konkol (15)<\/p>\n<p>2.&nbsp;&nbsp;&nbsp;&nbsp;&nbsp;&nbsp; Dzi\u0119kczynna z pro\u015bb\u0105&nbsp; o Bo\u017ce b\u0142ogos\u0142awie\u0144stwo dla Tymoteusza w 6 urodziny<\/p>\n<p>3.&nbsp;&nbsp;&nbsp;&nbsp;&nbsp;&nbsp; + Emil Kuczmarz od szwagierki Ireny z rodzin\u0105<\/p>\n<p>4.&nbsp;&nbsp;&nbsp;&nbsp;&nbsp;&nbsp; + Emil G\u0142odowski od \u017cony, dzieci i wnuk\u00f3w (x. go\u015b\u0107)<\/td>\n<\/tr>\n<\/tbody>\n<\/table>\n<p><strong>Czwartek: 16.03<\/strong><\/p>\n<table width=\"699\">\n<tbody>\n<tr>\n<td width=\"76\"><strong>7.00<\/strong><\/td>\n<td width=\"624\">1.&nbsp;&nbsp;&nbsp;&nbsp;&nbsp;&nbsp; O szcz\u0119\u015bliwe rozwi\u0105zanie dla Anny (x. go\u015b\u0107)<\/p>\n<p>2.&nbsp;&nbsp;&nbsp;&nbsp;&nbsp;&nbsp; + Genowefa Kozik od rodziny Nowickich ze Straszydla<\/p>\n<p>3.&nbsp;&nbsp;&nbsp;&nbsp;&nbsp;&nbsp; + Alicja Kotowicz od rodziny Gajdosz\u00f3w z Tarnowa<\/p>\n<p>4.&nbsp;&nbsp;&nbsp;&nbsp;&nbsp;&nbsp; + Emil Kuczmarz od s\u0105siad\u00f3w B\u0142o\u0144skich (x. go\u015b\u0107)<\/td>\n<\/tr>\n<tr>\n<td width=\"76\"><strong>18.00<\/strong><\/td>\n<td width=\"624\">1.&nbsp;&nbsp;&nbsp;&nbsp;&nbsp;&nbsp; + J\u00f3zef Konkol (16)<\/p>\n<p>2.&nbsp;&nbsp;&nbsp;&nbsp;&nbsp;&nbsp; + Izabela Lampart<\/p>\n<p>3.&nbsp;&nbsp;&nbsp;&nbsp;&nbsp;&nbsp; + Mieczys\u0142aw G\u0142odowski w 4 r. \u015bmierci (x. go\u015b\u0107)<\/td>\n<\/tr>\n<\/tbody>\n<\/table>\n<p><strong>Pi\u0105tek: 17.03<\/strong><\/p>\n<table width=\"699\">\n<tbody>\n<tr>\n<td width=\"76\"><strong>7.00<\/strong><\/td>\n<td width=\"624\">1.&nbsp;&nbsp;&nbsp;&nbsp;&nbsp;&nbsp; O zdrowie dla Jadwigi<\/p>\n<p>2.&nbsp;&nbsp;&nbsp;&nbsp;&nbsp;&nbsp; + Emil G\u0142odowski od kole\u017canek i koleg\u00f3w z pracy c\u00f3rki Doroty z firmy Coral (x. go\u015b\u0107)<\/p>\n<p>3.&nbsp;&nbsp;&nbsp;&nbsp;&nbsp;&nbsp; + Jan Grodecki od Marii G\u0142odowskiej (x. go\u015b\u0107)<\/td>\n<\/tr>\n<tr>\n<td width=\"76\"><strong>18.00<\/strong><\/td>\n<td width=\"624\">1.&nbsp;&nbsp;&nbsp;&nbsp;&nbsp;&nbsp; + J\u00f3zef Konkol (17)<\/p>\n<p>2.&nbsp;&nbsp;&nbsp;&nbsp;&nbsp;&nbsp; + Maria i Longin Pa\u015bko (x. go\u015b\u0107)<\/p>\n<p>3.&nbsp;&nbsp;&nbsp;&nbsp;&nbsp;&nbsp; zmarli z rodziny Misztal\u00f3w, + Stanis\u0142awa (k), Stanis\u0142aw, Krystyna, Wanda, Jan Snela<\/td>\n<\/tr>\n<\/tbody>\n<\/table>\n<p><strong>Sobota: 18.02<\/strong><\/p>\n<table width=\"699\">\n<tbody>\n<tr>\n<td width=\"76\"><strong>7.00<\/strong><\/td>\n<td width=\"624\">1.&nbsp;&nbsp;&nbsp;&nbsp;&nbsp;&nbsp; O zdrowie i Bo\u017ce b\u0142ogos\u0142awie\u0144stwo dla J\u00f3zefa (x. go\u015b\u0107)<\/p>\n<p>2.&nbsp;&nbsp;&nbsp;&nbsp;&nbsp;&nbsp; + Genowefa Kozik od kuzynki Krystyny ze Straszydla &#8211; zako\u0144czenie Mszy pogrzebowych<\/p>\n<p>3.&nbsp;&nbsp;&nbsp;&nbsp;&nbsp;&nbsp; + Maria Szczygie\u0142 od s\u0105siad\u00f3w (x. go\u015b\u0107)<\/td>\n<\/tr>\n<tr>\n<td width=\"76\"><strong>18.00<\/strong><\/td>\n<td width=\"624\">1.&nbsp;&nbsp;&nbsp;&nbsp;&nbsp;&nbsp; + J\u00f3zef Konkol (18)<\/p>\n<p>2.&nbsp;&nbsp;&nbsp;&nbsp;&nbsp;&nbsp; O Bo\u017ce b\u0142ogos\u0142awie\u0144stwo w 18 urodziny dla Weroniki (x. go\u015b\u0107)<\/p>\n<p>3.&nbsp;&nbsp;&nbsp;&nbsp;&nbsp;&nbsp; + J\u00f3zef, Marianna Waliccy<\/p>\n<p>4.&nbsp;&nbsp;&nbsp;&nbsp;&nbsp;&nbsp; + Emil Kuczmarz od rodziny z Hermanowej &#8211; zako\u0144czenie Mszy pogrzebowych<\/td>\n<\/tr>\n<\/tbody>\n<\/table>\n<p><strong>NIEDZIELA: 19.02<\/strong><\/p>\n<table width=\"699\">\n<tbody>\n<tr>\n<td width=\"76\"><strong>7.00<\/strong><\/td>\n<td width=\"624\">1.&nbsp;&nbsp;&nbsp;&nbsp;&nbsp;&nbsp; + J\u00f3zef Kuc oraz + J\u00f3zef i Czes\u0142awa Burdasz<\/td>\n<\/tr>\n<tr>\n<td width=\"76\"><strong>9.00<\/strong><\/td>\n<td width=\"624\">1.&nbsp;&nbsp;&nbsp;&nbsp;&nbsp;&nbsp; + Leszek Pi\u0119ta w 7 r. \u015bmierci<\/p>\n<p>2.&nbsp;&nbsp;&nbsp;&nbsp;&nbsp;&nbsp; + J\u00f3zef i Kazimierz Jacek (x. rodak)<\/td>\n<\/tr>\n<tr>\n<td width=\"76\"><strong>10.30<\/strong><\/td>\n<td width=\"624\">+ Bogdan i J\u00f3zef Szcz\u0119ch<\/td>\n<\/tr>\n<tr>\n<td width=\"76\"><strong>12.00<\/strong><\/td>\n<td width=\"624\">1.&nbsp;&nbsp;&nbsp;&nbsp;&nbsp;&nbsp; + Helena i Sylwester Kuk w 14 r. \u015bmierci (x. go\u015b\u0107)<\/td>\n<\/tr>\n<tr>\n<td width=\"76\"><strong>16.00<\/strong><\/td>\n<td width=\"624\">+ J\u00f3zef Konkol (19)<\/td>\n<\/tr>\n<tr>\n<td width=\"76\"><strong>18.00<\/strong><\/td>\n<td width=\"624\">+ Stanis\u0142aw Michalski w 2 r. \u015bmierci<\/td>\n<\/tr>\n<\/tbody>\n<\/table>\n","protected":false},"excerpt":{"rendered":"<p>&#8230;<\/p>\n","protected":false},"author":1,"featured_media":4333,"comment_status":"closed","ping_status":"open","sticky":false,"template":"","format":"standard","meta":{"ngg_post_thumbnail":0,"footnotes":""},"categories":[4],"tags":[],"class_list":["post-5033","post","type-post","status-publish","format-standard","has-post-thumbnail","hentry","category-intencje"],"_links":{"self":[{"href":"https:\/\/mbsniezna.rzeszow.pl\/index.php\/wp-json\/wp\/v2\/posts\/5033","targetHints":{"allow":["GET"]}}],"collection":[{"href":"https:\/\/mbsniezna.rzeszow.pl\/index.php\/wp-json\/wp\/v2\/posts"}],"about":[{"href":"https:\/\/mbsniezna.rzeszow.pl\/index.php\/wp-json\/wp\/v2\/types\/post"}],"author":[{"embeddable":true,"href":"https:\/\/mbsniezna.rzeszow.pl\/index.php\/wp-json\/wp\/v2\/users\/1"}],"replies":[{"embeddable":true,"href":"https:\/\/mbsniezna.rzeszow.pl\/index.php\/wp-json\/wp\/v2\/comments?post=5033"}],"version-history":[{"count":1,"href":"https:\/\/mbsniezna.rzeszow.pl\/index.php\/wp-json\/wp\/v2\/posts\/5033\/revisions"}],"predecessor-version":[{"id":5034,"href":"https:\/\/mbsniezna.rzeszow.pl\/index.php\/wp-json\/wp\/v2\/posts\/5033\/revisions\/5034"}],"wp:featuredmedia":[{"embeddable":true,"href":"https:\/\/mbsniezna.rzeszow.pl\/index.php\/wp-json\/wp\/v2\/media\/4333"}],"wp:attachment":[{"href":"https:\/\/mbsniezna.rzeszow.pl\/index.php\/wp-json\/wp\/v2\/media?parent=5033"}],"wp:term":[{"taxonomy":"category","embeddable":true,"href":"https:\/\/mbsniezna.rzeszow.pl\/index.php\/wp-json\/wp\/v2\/categories?post=5033"},{"taxonomy":"post_tag","embeddable":true,"href":"https:\/\/mbsniezna.rzeszow.pl\/index.php\/wp-json\/wp\/v2\/tags?post=5033"}],"curies":[{"name":"wp","href":"https:\/\/api.w.org\/{rel}","templated":true}]}}