{"id":5049,"date":"2017-04-01T22:55:15","date_gmt":"2017-04-01T20:55:15","guid":{"rendered":"https:\/\/mbsniezna.rzeszow.pl\/?p=5049"},"modified":"2017-04-01T22:55:15","modified_gmt":"2017-04-01T20:55:15","slug":"rekolekcje-parafialne-program","status":"publish","type":"post","link":"https:\/\/mbsniezna.rzeszow.pl\/index.php\/2017\/04\/01\/rekolekcje-parafialne-program\/","title":{"rendered":"Rekolekcje parafialne &#8211; program"},"content":{"rendered":"<p>B\u00d3G JEST MI\u0141O\u015aCI\u0104<br \/>\nRekolekcje wielkopostne<br \/>\nParafia M.B. \u015anie\u017cnej w Rzeszowie \u2013 Budziwoju<br \/>\n2-5 kwietnia 2017 r.<\/p>\n<p><strong>Niedziela 2 kwietnia<\/strong><br \/>\nNa ka\u017cdej Mszy \u015bw. aspersja i odnowienie przyrzecze\u0144 chrzcielnych<br \/>\nRocznica \u015bmierci \u015bw. Jana Paw\u0142a II<\/p>\n<p>6.30 \u2013 Droga Krzy\u017cowa<br \/>\n         &#8211; zmiana tajemnic r\u00f3\u017ca\u0144cowych<br \/>\n7.00 \u2013 Msza \u015bw. z nauk\u0105 rekolekcyjn\u0105<br \/>\n9.00 \u2013 Msza \u015bw. z nauk\u0105<br \/>\n10.30 \u2013 Msza \u015bw. z nauk\u0105<br \/>\n12.00 \u2013 Msza \u015bw. z nauk\u0105<br \/>\n16.00 \u2013 Msza \u015bw. z nauk\u0105<br \/>\n17.00 \u2013 Gorzkie \u017bale  z kazaniem pasyjnym,<br \/>\n           &#8211; zbi\u00f3rka na kwiaty do Bo\u017cego Grobu<br \/>\n18.00 \u2013 Msza \u015bw. z nauk\u0105<\/p>\n<p><strong>Poniedzia\u0142ek 3 kwietnia<\/strong><\/p>\n<p>8.30 &#8211;  r\u00f3\u017caniec r\u00f3\u017ca Teresy Basiura<br \/>\n9.00 \u2013 Msza \u015bw. z nauk\u0105<br \/>\n18.00 \u2013 Msza \u015bw. z nauk\u0105<\/p>\n<p><strong>Wtorek 4 kwietnia<\/strong><\/p>\n<p>8.30 \u2013 r\u00f3\u017caniec r\u00f3\u017ca Olgi Kotula<br \/>\n9.00 \u2013 Msza \u015bw. z nauk\u0105<br \/>\n18.00 \u2013 Msza \u015bw. z nauk\u0105<br \/>\n          &#8211; nabo\u017ce\u0144stwo do \u015bw. Antoniego<\/p>\n<p><strong>\u015aroda 5 kwietnia<\/strong><\/p>\n<p>8.30 \u2013 r\u00f3\u017caniec r\u00f3\u017ca El\u017cbiety G\u0142odowskiej<br \/>\n9.00 \u2013 Msza \u015bw. z nauk\u0105<br \/>\n18.00 \u2013 Msza \u015bw. z nauk\u0105<br \/>\n          &#8211; nabo\u017ce\u0144stwo do Matki Bo\u017cej Bolesnej<br \/>\n20.00 \u2013 spotkanie dla kandydat\u00f3w do bierzmowania z III klas gimnazjum wraz z rodzicami, na\u0142o\u017cenie krzy\u017cy<\/p>\n<p>Rekolekcje b\u0119dzie prowadzi\u0142 ks. Leszek Dopart<\/p>\n<p><strong>DROGA KRZY\u017bOWA ULICAMI OSIEDLA BUDZIW\u00d3J<\/strong><br \/>\n(na ul. Budziwojskiej od ko\u015bcio\u0142a do Domu Kultury)<\/p>\n<p>W pi\u0105tek 7 kwietnia godz. 20.00 \u2013 rozpocz\u0119cie i zako\u0144czenie w ko\u015bciele.<\/p>\n<p><strong>SPOWIED\u0179 SAKRAMENTALNA<\/strong><br \/>\nSobota 8 kwietnia<br \/>\n9.00 \u2013 nabo\u017ce\u0144stwo pokutne przygotowuj\u0105ce do spowiedzi<br \/>\n9.30 \u2013 12.00 &#8211;  spowied\u017a (przerwa 10.30-11.00)<br \/>\n15.30 \u2013 18.00 \u2013 spowied\u017a (przerwa 16.30 \u2013 17.00)<br \/>\nKomunia \u015bw. b\u0119dzie udzielana co 15 minut.<br \/>\nB\u0119dzie ponad 20 spowiednik\u00f3w \u2013 nie odk\u0142adajmy spowiedzi.<\/p>\n<p><strong>WYJAZD DO CHORYCH<\/strong><br \/>\n&#8211; w pi\u0105tek (7.04) zaopatrzymy chorych I- pi\u0105tkowych i pensjonariuszy Villa Seniora (nie trzeba zg\u0142asza\u0107)<br \/>\n&#8211; w sobot\u0119 (8.04) od 9.00 zaopatrzymy pozosta\u0142ych chorych, kt\u00f3rych prosimy wcze\u015bniej zg\u0142osi\u0107 w zakrystii<br \/>\nKsi\u0119dzu w domu zg\u0142aszamy chorych, kt\u00f3rzy chc\u0105 przyj\u0105\u0107 Komuni\u0119 \u015bw. w Poniedzia\u0142ek Wielkanocny \u2013 szafarze zanios\u0105 Komuni\u0119 \u015bw. po godz. 13.00.<\/p>\n","protected":false},"excerpt":{"rendered":"<p>&#8230;<\/p>\n","protected":false},"author":1,"featured_media":4627,"comment_status":"closed","ping_status":"open","sticky":false,"template":"","format":"standard","meta":{"ngg_post_thumbnail":0,"footnotes":""},"categories":[5],"tags":[],"class_list":["post-5049","post","type-post","status-publish","format-standard","has-post-thumbnail","hentry","category-komunikaty"],"_links":{"self":[{"href":"https:\/\/mbsniezna.rzeszow.pl\/index.php\/wp-json\/wp\/v2\/posts\/5049","targetHints":{"allow":["GET"]}}],"collection":[{"href":"https:\/\/mbsniezna.rzeszow.pl\/index.php\/wp-json\/wp\/v2\/posts"}],"about":[{"href":"https:\/\/mbsniezna.rzeszow.pl\/index.php\/wp-json\/wp\/v2\/types\/post"}],"author":[{"embeddable":true,"href":"https:\/\/mbsniezna.rzeszow.pl\/index.php\/wp-json\/wp\/v2\/users\/1"}],"replies":[{"embeddable":true,"href":"https:\/\/mbsniezna.rzeszow.pl\/index.php\/wp-json\/wp\/v2\/comments?post=5049"}],"version-history":[{"count":1,"href":"https:\/\/mbsniezna.rzeszow.pl\/index.php\/wp-json\/wp\/v2\/posts\/5049\/revisions"}],"predecessor-version":[{"id":5050,"href":"https:\/\/mbsniezna.rzeszow.pl\/index.php\/wp-json\/wp\/v2\/posts\/5049\/revisions\/5050"}],"wp:featuredmedia":[{"embeddable":true,"href":"https:\/\/mbsniezna.rzeszow.pl\/index.php\/wp-json\/wp\/v2\/media\/4627"}],"wp:attachment":[{"href":"https:\/\/mbsniezna.rzeszow.pl\/index.php\/wp-json\/wp\/v2\/media?parent=5049"}],"wp:term":[{"taxonomy":"category","embeddable":true,"href":"https:\/\/mbsniezna.rzeszow.pl\/index.php\/wp-json\/wp\/v2\/categories?post=5049"},{"taxonomy":"post_tag","embeddable":true,"href":"https:\/\/mbsniezna.rzeszow.pl\/index.php\/wp-json\/wp\/v2\/tags?post=5049"}],"curies":[{"name":"wp","href":"https:\/\/api.w.org\/{rel}","templated":true}]}}