{"id":5067,"date":"2017-04-29T22:24:46","date_gmt":"2017-04-29T20:24:46","guid":{"rendered":"https:\/\/mbsniezna.rzeszow.pl\/?p=5067"},"modified":"2017-04-29T22:24:46","modified_gmt":"2017-04-29T20:24:46","slug":"intencje-mszalne-01-05-2017-07-05-2017-r","status":"publish","type":"post","link":"https:\/\/mbsniezna.rzeszow.pl\/index.php\/2017\/04\/29\/intencje-mszalne-01-05-2017-07-05-2017-r\/","title":{"rendered":"Intencje mszalne 01.05.2017 \u2013 07.05.2017 r."},"content":{"rendered":"<p><strong>Poniedzia\u0142ek: 01.05<\/strong><\/p>\n<table width=\"699\">\n<tbody>\n<tr>\n<td width=\"76\"><strong>7.00<\/strong><\/td>\n<td width=\"624\">1.&nbsp;&nbsp;&nbsp;&nbsp; + Stanis\u0142aw Kotula od \u017cony<\/p>\n<p>2.&nbsp;&nbsp;&nbsp;&nbsp; + Maria Szczygie\u0142 (1) &#8211; rozp. Mszy gregoria\u0144skich<\/td>\n<\/tr>\n<tr>\n<td width=\"76\"><strong>18.00<\/strong><\/td>\n<td width=\"624\">1.&nbsp;&nbsp;&nbsp;&nbsp; + Stanis\u0142aw Ptasznik (30) &#8211; zak. Mszy gregoria\u0144skich<\/td>\n<\/tr>\n<\/tbody>\n<\/table>\n<p><strong>Wtorek: 02.05<\/strong><\/p>\n<table width=\"699\">\n<tbody>\n<tr>\n<td width=\"76\"><strong>7.00<\/strong><\/td>\n<td width=\"624\">1.&nbsp;&nbsp;&nbsp;&nbsp; + Stanis\u0142aw Ba\u0142a, + Stanis\u0142awa (k) W\u0105sacz<\/p>\n<p>2.&nbsp;&nbsp;&nbsp;&nbsp; + Maria Szczygie\u0142 (2)<\/td>\n<\/tr>\n<tr>\n<td width=\"76\"><strong>18.00<\/strong><\/td>\n<td width=\"624\">1.&nbsp;&nbsp;&nbsp;&nbsp; + Leopold Warzocha<\/td>\n<\/tr>\n<\/tbody>\n<\/table>\n<p><strong>\u015aroda: 03.05<\/strong><\/p>\n<table width=\"699\">\n<tbody>\n<tr>\n<td width=\"76\"><strong>7.00<\/strong><\/td>\n<td width=\"624\">1.&nbsp;&nbsp;&nbsp;&nbsp; W intencji \u017cyj\u0105cych i zmar\u0142ych si\u00f3str z r\u00f3\u017cy Zofii Pa\u0142ka<\/td>\n<\/tr>\n<tr>\n<td width=\"76\"><strong>9.00<\/strong><\/td>\n<td width=\"624\">1.&nbsp;&nbsp;&nbsp;&nbsp; + Maria w 4 r. \u015bmierci oraz zmarli z rodziny<\/p>\n<p>2.&nbsp;&nbsp;&nbsp;&nbsp; + Marian Jacek oraz zmarli z rodziny (x. rodak)<\/td>\n<\/tr>\n<tr>\n<td width=\"76\"><strong>10.30<\/strong><\/td>\n<td width=\"624\">1.&nbsp;&nbsp;&nbsp;&nbsp; + Stanis\u0142aw Dudek<\/p>\n<p>2.&nbsp;&nbsp;&nbsp;&nbsp; + Anna Dudek od siostry Doroty z rodzin\u0105<\/td>\n<\/tr>\n<tr>\n<td width=\"76\"><strong>12.00<\/strong><\/td>\n<td width=\"624\">1.&nbsp;&nbsp;&nbsp;&nbsp; + Maria Szczygie\u0142 (3)<\/td>\n<\/tr>\n<tr>\n<td width=\"76\"><strong>16.00<\/strong><\/td>\n<td width=\"624\">1.&nbsp;&nbsp;&nbsp;&nbsp; + J\u00f3zef Kotula oraz zmarli z rodziny Kotul\u00f3w i Pasierb\u00f3w (x. go\u015b\u0107)<\/td>\n<\/tr>\n<tr>\n<td width=\"76\"><strong>18.00<\/strong><\/td>\n<td width=\"624\">1.&nbsp;&nbsp;&nbsp;&nbsp; O Bo\u017ce b\u0142ogos\u0142awie\u0144stwo dla Karoliny na czas matur (x. go\u015b\u0107)<\/td>\n<\/tr>\n<\/tbody>\n<\/table>\n<p><strong>Czwartek: 04.05<\/strong><\/p>\n<table width=\"699\">\n<tbody>\n<tr>\n<td width=\"76\"><strong>7.00<\/strong><\/td>\n<td width=\"624\">1.&nbsp;&nbsp;&nbsp;&nbsp; + Stanis\u0142aw Kotula od c\u00f3rki<\/p>\n<p>2.&nbsp;&nbsp;&nbsp;&nbsp; + Maria Szczygie\u0142 (4)<\/td>\n<\/tr>\n<tr>\n<td width=\"76\"><strong>18.00<\/strong><\/td>\n<td width=\"624\">1.&nbsp;&nbsp;&nbsp;&nbsp; O zdanie matury dla Sylwii<\/td>\n<\/tr>\n<\/tbody>\n<\/table>\n<p><strong>Pi\u0105tek: 05.05<\/strong><\/p>\n<table width=\"699\">\n<tbody>\n<tr>\n<td width=\"76\"><strong>7.00<\/strong><\/td>\n<td width=\"624\">1.&nbsp;&nbsp;&nbsp;&nbsp; + Stanis\u0142aw Kotula (x. go\u015b\u0107)<\/p>\n<p>2.&nbsp;&nbsp;&nbsp;&nbsp; + Maria Szczygie\u0142 (5)<\/td>\n<\/tr>\n<tr>\n<td width=\"76\"><strong>18.00<\/strong><\/td>\n<td width=\"624\">1.&nbsp;&nbsp;&nbsp;&nbsp; Dzi\u0119kczynna od Danieli<\/p>\n<p>2.&nbsp;&nbsp;&nbsp;&nbsp; + Stanis\u0142awa (k) Borowiec w 3 r. \u015bmierci od Jerzego z rodzin\u0105<\/td>\n<\/tr>\n<\/tbody>\n<\/table>\n<p><strong>Sobota: 06.05<\/strong><\/p>\n<table width=\"699\">\n<tbody>\n<tr>\n<td width=\"76\"><strong>7.00<\/strong><\/td>\n<td width=\"624\">1.&nbsp;&nbsp;&nbsp;&nbsp; + Jan Lampart<\/p>\n<p>2.&nbsp;&nbsp;&nbsp;&nbsp; + Maria Pasierb od m\u0119\u017ca z dzie\u0107mi (x. go\u015b\u0107)<\/td>\n<\/tr>\n<tr>\n<td width=\"76\"><strong>18.00<\/strong><\/td>\n<td width=\"624\">1.&nbsp;&nbsp;&nbsp;&nbsp;&nbsp;&nbsp; + Stanis\u0142aw i Wiktoria Zych oraz zmarli z rodziny<\/p>\n<p>2.&nbsp;&nbsp;&nbsp;&nbsp;&nbsp;&nbsp; + Maria Szczygie\u0142 (6)<\/td>\n<\/tr>\n<\/tbody>\n<\/table>\n<p><strong>NIEDZIELA: 07.05<\/strong><\/p>\n<table width=\"699\">\n<tbody>\n<tr>\n<td width=\"76\"><strong>7.00<\/strong><\/td>\n<td width=\"624\">1.&nbsp;&nbsp;&nbsp;&nbsp; W intencji \u017cyj\u0105cych i zmar\u0142ych si\u00f3str z r\u00f3\u017cy Marii Pa\u0142ka<\/td>\n<\/tr>\n<tr>\n<td width=\"76\"><strong>9.00<\/strong><\/td>\n<td width=\"624\">1.&nbsp;&nbsp;&nbsp;&nbsp; + Maria Szczygie\u0142 (7)<\/p>\n<p>2.&nbsp;&nbsp;&nbsp;&nbsp; W intencji Agaty od ojca&nbsp; chrzestnego (x. rodak)<\/td>\n<\/tr>\n<tr>\n<td width=\"76\"><strong>10.30<\/strong><\/td>\n<td width=\"624\">1.&nbsp;&nbsp;&nbsp;&nbsp; + Stanis\u0142aw Pitera<\/td>\n<\/tr>\n<tr>\n<td width=\"76\"><strong>12.00<\/strong><\/td>\n<td width=\"624\">1.&nbsp;&nbsp;&nbsp;&nbsp; + Zofia i J\u00f3zef Bochenek<\/td>\n<\/tr>\n<tr>\n<td width=\"76\"><strong>16.00<\/strong><\/td>\n<td width=\"624\">+ Wanda, Jan i Aleksander B\u0142o\u0144ski<\/td>\n<\/tr>\n<tr>\n<td width=\"76\"><strong>18.00<\/strong><\/td>\n<td width=\"624\">+ Bronis\u0142aw Kos<\/td>\n<\/tr>\n<\/tbody>\n<\/table>\n","protected":false},"excerpt":{"rendered":"<p>&#8230;<\/p>\n","protected":false},"author":1,"featured_media":4333,"comment_status":"closed","ping_status":"open","sticky":false,"template":"","format":"standard","meta":{"ngg_post_thumbnail":0,"footnotes":""},"categories":[4],"tags":[],"class_list":["post-5067","post","type-post","status-publish","format-standard","has-post-thumbnail","hentry","category-intencje"],"_links":{"self":[{"href":"https:\/\/mbsniezna.rzeszow.pl\/index.php\/wp-json\/wp\/v2\/posts\/5067","targetHints":{"allow":["GET"]}}],"collection":[{"href":"https:\/\/mbsniezna.rzeszow.pl\/index.php\/wp-json\/wp\/v2\/posts"}],"about":[{"href":"https:\/\/mbsniezna.rzeszow.pl\/index.php\/wp-json\/wp\/v2\/types\/post"}],"author":[{"embeddable":true,"href":"https:\/\/mbsniezna.rzeszow.pl\/index.php\/wp-json\/wp\/v2\/users\/1"}],"replies":[{"embeddable":true,"href":"https:\/\/mbsniezna.rzeszow.pl\/index.php\/wp-json\/wp\/v2\/comments?post=5067"}],"version-history":[{"count":1,"href":"https:\/\/mbsniezna.rzeszow.pl\/index.php\/wp-json\/wp\/v2\/posts\/5067\/revisions"}],"predecessor-version":[{"id":5068,"href":"https:\/\/mbsniezna.rzeszow.pl\/index.php\/wp-json\/wp\/v2\/posts\/5067\/revisions\/5068"}],"wp:featuredmedia":[{"embeddable":true,"href":"https:\/\/mbsniezna.rzeszow.pl\/index.php\/wp-json\/wp\/v2\/media\/4333"}],"wp:attachment":[{"href":"https:\/\/mbsniezna.rzeszow.pl\/index.php\/wp-json\/wp\/v2\/media?parent=5067"}],"wp:term":[{"taxonomy":"category","embeddable":true,"href":"https:\/\/mbsniezna.rzeszow.pl\/index.php\/wp-json\/wp\/v2\/categories?post=5067"},{"taxonomy":"post_tag","embeddable":true,"href":"https:\/\/mbsniezna.rzeszow.pl\/index.php\/wp-json\/wp\/v2\/tags?post=5067"}],"curies":[{"name":"wp","href":"https:\/\/api.w.org\/{rel}","templated":true}]}}