{"id":5082,"date":"2017-05-14T20:26:49","date_gmt":"2017-05-14T18:26:49","guid":{"rendered":"https:\/\/mbsniezna.rzeszow.pl\/?p=5082"},"modified":"2017-05-14T20:26:49","modified_gmt":"2017-05-14T18:26:49","slug":"intencje-mszalne-15-05-2017-21-05-2017-r","status":"publish","type":"post","link":"https:\/\/mbsniezna.rzeszow.pl\/index.php\/2017\/05\/14\/intencje-mszalne-15-05-2017-21-05-2017-r\/","title":{"rendered":"Intencje mszalne 15.05.2017 \u2013 21.05.2017 r."},"content":{"rendered":"<p>&nbsp;<\/p>\n<p><strong>Poniedzia\u0142ek: 15.05<\/strong><\/p>\n<table width=\"699\">\n<tbody>\n<tr>\n<td width=\"76\"><strong>7.00<\/strong><\/td>\n<td width=\"624\">1.&nbsp;&nbsp;&nbsp;&nbsp; + Maria Szczygie\u0142 (15)<\/p>\n<p>2.&nbsp;&nbsp;&nbsp;&nbsp; O zdrowie dla Ignasia i o szcz\u0119\u015bliw\u0105 operacj\u0119<\/td>\n<\/tr>\n<tr>\n<td width=\"76\"><strong>18.00<\/strong><\/td>\n<td width=\"624\">1.&nbsp;&nbsp;&nbsp;&nbsp; W intencji bierzmowanych<\/td>\n<\/tr>\n<\/tbody>\n<\/table>\n<p><strong>Wtorek: 16.05<\/strong><\/p>\n<table width=\"699\">\n<tbody>\n<tr>\n<td width=\"76\"><strong>7.00<\/strong><\/td>\n<td width=\"624\">1.&nbsp;&nbsp;&nbsp;&nbsp; + Maria Szczygie\u0142 (16)<\/p>\n<p>2.&nbsp;&nbsp;&nbsp;&nbsp; + Justyna Grzebyk w 30 dzie\u0144 po \u015bmierci od wnuczki Iwony z rodzin\u0105<\/td>\n<\/tr>\n<tr>\n<td width=\"76\"><strong>18.00<\/strong><\/td>\n<td width=\"624\">1.&nbsp;&nbsp;&nbsp;&nbsp; + J\u00f3zef i Zofia Jopek<\/p>\n<p>2.&nbsp;&nbsp;&nbsp;&nbsp; + Zofia Ko\u0142wa i Zofia Grzebyk (x. go\u015b\u0107)<\/td>\n<\/tr>\n<\/tbody>\n<\/table>\n<p><strong>\u015aroda: 17.05<\/strong><\/p>\n<table width=\"699\">\n<tbody>\n<tr>\n<td width=\"76\"><strong>7.00<\/strong><\/td>\n<td width=\"624\">1.&nbsp;&nbsp;&nbsp;&nbsp; + Andrzej Trzci\u0144ski<\/p>\n<p>2.&nbsp;&nbsp;&nbsp;&nbsp; + Zdzis\u0142aw Szybka od \u017cony (x. go\u015b\u0107)<\/td>\n<\/tr>\n<tr>\n<td width=\"76\"><strong>9.00<\/strong><\/td>\n<td width=\"624\">1.&nbsp;&nbsp;&nbsp;&nbsp; + Emil i Zbigniew Jopek (x. go\u015b\u0107)<\/p>\n<p>2.&nbsp;&nbsp;&nbsp;&nbsp; + Maria Szczygie\u0142 (17)<\/p>\n<p>3.&nbsp;&nbsp;&nbsp;&nbsp; O zdrowie dla Andrzeja Chwaszcza, o uzdrowienie z choroby nowotworowej<\/td>\n<\/tr>\n<\/tbody>\n<\/table>\n<p><strong>Czwartek: 18.05<\/strong><\/p>\n<table width=\"699\">\n<tbody>\n<tr>\n<td width=\"76\"><strong>7.00<\/strong><\/td>\n<td width=\"624\">1.&nbsp;&nbsp;&nbsp;&nbsp; + Zdzis\u0142aw Szybka od rodziny z Uherzec<\/p>\n<p>2.&nbsp;&nbsp;&nbsp;&nbsp; + J\u00f3zef Konkol od rodziny Klimczak\u00f3w (x. go\u015b\u0107)<\/td>\n<\/tr>\n<tr>\n<td width=\"76\"><strong>18.00<\/strong><\/td>\n<td width=\"624\">1.&nbsp;&nbsp;&nbsp;&nbsp; + Augustyn, Aniela, Tadeusz Kalita<\/p>\n<p>2.&nbsp;&nbsp;&nbsp;&nbsp; + Maria Szczygie\u0142 (18)<\/td>\n<\/tr>\n<\/tbody>\n<\/table>\n<p><strong>Pi\u0105tek: 19.05<\/strong><\/p>\n<table width=\"699\">\n<tbody>\n<tr>\n<td width=\"76\"><strong>7.00<\/strong><\/td>\n<td width=\"624\">1.&nbsp;&nbsp;&nbsp;&nbsp; O zdrowie, Bo\u017ce b\u0142ogos\u0142awie\u0144stwo i potrzebne \u0142aski dla wnuczki Oli<\/td>\n<\/tr>\n<tr>\n<td width=\"76\"><strong>18.00<\/strong><\/td>\n<td width=\"624\">1.&nbsp;&nbsp;&nbsp;&nbsp; + Maria Szczygie\u0142 (19)<\/p>\n<p>2.&nbsp;&nbsp;&nbsp;&nbsp; + Krystyna Mazur od mamy (x. go\u015b\u0107)<\/p>\n<p>3.&nbsp;&nbsp;&nbsp;&nbsp; + Maria Kmiotek od c\u00f3rki Jolanty<\/td>\n<\/tr>\n<\/tbody>\n<\/table>\n<p><strong>Sobota: 20.05<\/strong><\/p>\n<table width=\"699\">\n<tbody>\n<tr>\n<td width=\"76\"><strong>7.00<\/strong><\/td>\n<td width=\"624\">1.&nbsp;&nbsp;&nbsp;&nbsp; + Janina i Marian Kotula (x.go\u015b\u0107)<\/p>\n<p>2.&nbsp;&nbsp;&nbsp;&nbsp; + Maria Szczygie\u0142 (20)<\/td>\n<\/tr>\n<tr>\n<td width=\"76\"><strong>18.00<\/strong><\/td>\n<td width=\"624\">1.&nbsp;&nbsp;&nbsp;&nbsp;&nbsp;&nbsp; O zdrowie i opiek\u0119 Matki Bo\u017cej dla Marii w 80 urodziny<\/p>\n<p>2.&nbsp;&nbsp;&nbsp;&nbsp;&nbsp;&nbsp; + Zofia Chmiel<\/td>\n<\/tr>\n<\/tbody>\n<\/table>\n<p><strong>NIEDZIELA: 21.05<\/strong><\/p>\n<table width=\"699\">\n<tbody>\n<tr>\n<td width=\"76\"><strong>7.00<\/strong><\/td>\n<td width=\"624\">1.&nbsp;&nbsp;&nbsp;&nbsp; + Maria Szczygie\u0142 (21)<\/td>\n<\/tr>\n<tr>\n<td width=\"76\"><strong>9.00<\/strong><\/td>\n<td width=\"624\">1.&nbsp;&nbsp;&nbsp;&nbsp; + Maria i Stanis\u0142aw Chmiel<\/p>\n<p>2.&nbsp;&nbsp;&nbsp;&nbsp; + J\u00f3zef Konkol od s\u0105siad\u00f3w (x.rodak)<\/td>\n<\/tr>\n<tr>\n<td width=\"76\"><strong>10.30<\/strong><\/td>\n<td width=\"624\">1.&nbsp;&nbsp;&nbsp;&nbsp; + Bronis\u0142aw Pa\u0142ka oraz zmarli z rodziny Jack\u00f3w i Pa\u0142ka<\/td>\n<\/tr>\n<tr>\n<td width=\"76\"><strong>12.00<\/strong><\/td>\n<td width=\"624\">1.&nbsp;&nbsp;&nbsp;&nbsp; I Komunia \u015awi\u0119ta<\/td>\n<\/tr>\n<tr>\n<td width=\"76\"><strong>16.00<\/strong><\/td>\n<td width=\"624\">Dzi\u0119kczynna z pro\u015bb\u0105 o Bo\u017ce b\u0142ogos\u0142awie\u0144stwo dla ca\u0142ej rodziny Marii Pa\u0142ka<\/td>\n<\/tr>\n<tr>\n<td width=\"76\"><strong>18.00<\/strong><\/td>\n<td width=\"624\">+ Jan i Stefania Pa\u0142ka oraz + Karol i Katarzyna Baran<\/td>\n<\/tr>\n<\/tbody>\n<\/table>\n<p><strong>&nbsp;<\/strong><\/p>\n","protected":false},"excerpt":{"rendered":"<p>&#8230;<\/p>\n","protected":false},"author":1,"featured_media":4412,"comment_status":"closed","ping_status":"open","sticky":false,"template":"","format":"standard","meta":{"ngg_post_thumbnail":0,"footnotes":""},"categories":[4],"tags":[],"class_list":["post-5082","post","type-post","status-publish","format-standard","has-post-thumbnail","hentry","category-intencje"],"_links":{"self":[{"href":"https:\/\/mbsniezna.rzeszow.pl\/index.php\/wp-json\/wp\/v2\/posts\/5082","targetHints":{"allow":["GET"]}}],"collection":[{"href":"https:\/\/mbsniezna.rzeszow.pl\/index.php\/wp-json\/wp\/v2\/posts"}],"about":[{"href":"https:\/\/mbsniezna.rzeszow.pl\/index.php\/wp-json\/wp\/v2\/types\/post"}],"author":[{"embeddable":true,"href":"https:\/\/mbsniezna.rzeszow.pl\/index.php\/wp-json\/wp\/v2\/users\/1"}],"replies":[{"embeddable":true,"href":"https:\/\/mbsniezna.rzeszow.pl\/index.php\/wp-json\/wp\/v2\/comments?post=5082"}],"version-history":[{"count":1,"href":"https:\/\/mbsniezna.rzeszow.pl\/index.php\/wp-json\/wp\/v2\/posts\/5082\/revisions"}],"predecessor-version":[{"id":5083,"href":"https:\/\/mbsniezna.rzeszow.pl\/index.php\/wp-json\/wp\/v2\/posts\/5082\/revisions\/5083"}],"wp:featuredmedia":[{"embeddable":true,"href":"https:\/\/mbsniezna.rzeszow.pl\/index.php\/wp-json\/wp\/v2\/media\/4412"}],"wp:attachment":[{"href":"https:\/\/mbsniezna.rzeszow.pl\/index.php\/wp-json\/wp\/v2\/media?parent=5082"}],"wp:term":[{"taxonomy":"category","embeddable":true,"href":"https:\/\/mbsniezna.rzeszow.pl\/index.php\/wp-json\/wp\/v2\/categories?post=5082"},{"taxonomy":"post_tag","embeddable":true,"href":"https:\/\/mbsniezna.rzeszow.pl\/index.php\/wp-json\/wp\/v2\/tags?post=5082"}],"curies":[{"name":"wp","href":"https:\/\/api.w.org\/{rel}","templated":true}]}}