{"id":5087,"date":"2017-05-21T09:42:31","date_gmt":"2017-05-21T07:42:31","guid":{"rendered":"https:\/\/mbsniezna.rzeszow.pl\/?p=5087"},"modified":"2017-05-21T09:42:31","modified_gmt":"2017-05-21T07:42:31","slug":"intencje-mszalne-22-05-2017-28-05-2017-r","status":"publish","type":"post","link":"https:\/\/mbsniezna.rzeszow.pl\/index.php\/2017\/05\/21\/intencje-mszalne-22-05-2017-28-05-2017-r\/","title":{"rendered":"Intencje mszalne 22.05.2017 \u2013 28.05.2017 r."},"content":{"rendered":"<p><strong>Poniedzia\u0142ek: 22.05<\/strong><\/p>\n<table width=\"699\">\n<tbody>\n<tr>\n<td width=\"76\"><strong>7.00<\/strong><\/td>\n<td width=\"624\">1.&nbsp;&nbsp;&nbsp;&nbsp;&nbsp; + Stanis\u0142aw, Tadeusz i Mieczys\u0142aw Kawalec<\/p>\n<p>2.&nbsp;&nbsp;&nbsp;&nbsp;&nbsp; O \u0142ask\u0119 uzdrowienia dla Krzysztofa (x. go\u015b\u0107)<\/td>\n<\/tr>\n<tr>\n<td width=\"76\"><strong>18.00<\/strong><\/td>\n<td width=\"624\">1.&nbsp;&nbsp;&nbsp;&nbsp;&nbsp; + Maria Zimierowicz od rodziny (x. go\u015b\u0107)<\/p>\n<p>2.&nbsp;&nbsp;&nbsp;&nbsp;&nbsp; + Maria Szczygie\u0142 (22)<\/p>\n<p>3.&nbsp;&nbsp;&nbsp;&nbsp;&nbsp; + Beata Praso\u0142 od si\u00f3str Edyty i Kasi z rodzin\u0105<\/td>\n<\/tr>\n<\/tbody>\n<\/table>\n<p><strong>&nbsp;<\/strong><\/p>\n<p><strong>Wtorek: 23.05<\/strong><\/p>\n<table width=\"699\">\n<tbody>\n<tr>\n<td width=\"76\"><strong>7.00<\/strong><\/td>\n<td width=\"624\">1.&nbsp;&nbsp;&nbsp;&nbsp;&nbsp; + Marian, Stanis\u0142aw, Teresa i Bronis\u0142awa Kotula<\/p>\n<p>2.&nbsp;&nbsp;&nbsp;&nbsp;&nbsp; + J\u00f3zef Konkol od przyjaci\u00f3\u0142ek wnuczki Ewy i \u0141ucji (x. go\u015b\u0107)<\/td>\n<\/tr>\n<tr>\n<td width=\"76\"><strong>18.00<\/strong><\/td>\n<td width=\"624\">1.&nbsp;&nbsp;&nbsp;&nbsp;&nbsp; + Maria Szczygie\u0142 (23)<\/p>\n<p>2.&nbsp;&nbsp;&nbsp;&nbsp;&nbsp; + Krystyna Mazur od siostry Zofii z rodzin\u0105 (x. go\u015b\u0107)<\/p>\n<p>3.&nbsp;&nbsp;&nbsp;&nbsp;&nbsp; + Czes\u0142aw Pa\u0142ka w 14 r. \u015bmierci<\/td>\n<\/tr>\n<\/tbody>\n<\/table>\n<p>&nbsp;<\/p>\n<p><strong>\u015aroda: 24.05<\/strong><\/p>\n<table width=\"699\">\n<tbody>\n<tr>\n<td width=\"76\"><strong>7.00<\/strong><\/td>\n<td width=\"624\">1.&nbsp;&nbsp;&nbsp;&nbsp;&nbsp; O spok\u00f3j duszy<\/p>\n<p>2.&nbsp;&nbsp;&nbsp;&nbsp;&nbsp; + Janina \u015al\u0105czka od c\u00f3rki z m\u0119\u017cem (x. go\u015b\u0107)<\/td>\n<\/tr>\n<tr>\n<td width=\"76\"><strong>9.00<\/strong><\/td>\n<td width=\"624\">1.&nbsp;&nbsp;&nbsp;&nbsp;&nbsp; + Maria Szczygie\u0142 (24)<\/p>\n<p>2.&nbsp;&nbsp;&nbsp;&nbsp;&nbsp; + Krystyna Mazur od Karoliny Kaleta z rodzin\u0105 (x. go\u015b\u0107)<\/p>\n<p>3.&nbsp;&nbsp;&nbsp;&nbsp;&nbsp; W intencji dzieci pierwszokomunijnych, ich rodzic\u00f3w, rodzic\u00f3w chrzestnych, dziadk\u00f3w i krewnych<\/td>\n<\/tr>\n<\/tbody>\n<\/table>\n<p>&nbsp;<\/p>\n<p><strong>Czwartek: 25.05<\/strong><\/p>\n<table width=\"699\">\n<tbody>\n<tr>\n<td width=\"76\"><strong>7.00<\/strong><\/td>\n<td width=\"624\">1.&nbsp;&nbsp;&nbsp;&nbsp;&nbsp; + Maria Szczygie\u0142 (25)<\/p>\n<p>2.&nbsp;&nbsp;&nbsp;&nbsp;&nbsp; + Maria Kmiotek od rodziny \u015awider i Szwed (x. go\u015b\u0107)<\/td>\n<\/tr>\n<tr>\n<td width=\"76\"><strong>18.00<\/strong><\/td>\n<td width=\"624\">1.&nbsp;&nbsp;&nbsp;&nbsp;&nbsp; + J\u00f3zef, Maria i W\u0142adys\u0142awa (k) G\u0142odowscy<\/p>\n<p>2.&nbsp;&nbsp;&nbsp;&nbsp;&nbsp; + Henryk Wojturski od rodziny Grodeckich<\/td>\n<\/tr>\n<\/tbody>\n<\/table>\n<p><strong>&nbsp;<\/strong><\/p>\n<p><strong>Pi\u0105tek: 26.05<\/strong><\/p>\n<table width=\"699\">\n<tbody>\n<tr>\n<td width=\"76\"><strong>7.00<\/strong><\/td>\n<td width=\"624\">1.&nbsp;&nbsp;&nbsp;&nbsp;&nbsp; + Maria Szczygie\u0142 (26)<\/p>\n<p>2.&nbsp;&nbsp;&nbsp;&nbsp;&nbsp; + Emil G\u0142odowski od bratowej z rodzin\u0105 (x. go\u015b\u0107)<\/td>\n<\/tr>\n<tr>\n<td width=\"76\"><strong>18.00<\/strong><\/td>\n<td width=\"624\">1.&nbsp;&nbsp;&nbsp;&nbsp;&nbsp; + Czes\u0142aw Ziemniak oraz + Maria Mucha<\/p>\n<p>2.&nbsp;&nbsp;&nbsp;&nbsp;&nbsp; + Stanis\u0142aw Kotula od kole\u017canek z by\u0142ego SUWu<\/td>\n<\/tr>\n<\/tbody>\n<\/table>\n<p><strong>&nbsp;<\/strong><\/p>\n<p><strong>Sobota: 27.05<\/strong><\/p>\n<table width=\"699\">\n<tbody>\n<tr>\n<td width=\"76\"><strong>7.00<\/strong><\/td>\n<td width=\"624\">1.&nbsp;&nbsp;&nbsp;&nbsp;&nbsp; + Maria Szczygie\u0142 (27)<\/td>\n<\/tr>\n<tr>\n<td width=\"76\"><strong>18.00<\/strong><\/td>\n<td width=\"624\">1.&nbsp;&nbsp;&nbsp;&nbsp;&nbsp;&nbsp; + Janina G\u0142odowska od Janusza G\u0142odowskiego<\/p>\n<p>2.&nbsp;&nbsp;&nbsp;&nbsp;&nbsp;&nbsp; + Tadeusz Kieba\u0142a<\/td>\n<\/tr>\n<\/tbody>\n<\/table>\n<p><strong>&nbsp;<\/strong><\/p>\n<p><strong>NIEDZIELA: 28.05<\/strong><\/p>\n<table width=\"699\">\n<tbody>\n<tr>\n<td width=\"76\"><strong>7.00<\/strong><\/td>\n<td width=\"624\">&nbsp;+ Janina Mita\u0142 od c\u00f3rki Ma\u0142gorzaty&nbsp; 10 r. \u015bmierci<\/td>\n<\/tr>\n<tr>\n<td width=\"76\"><strong>9.00<\/strong><\/td>\n<td width=\"624\">&nbsp; 1+ Maria Szczygie\u0142 (28)<\/p>\n<p>&nbsp; 2+W intencji Sebastiana w 9 urodziny (x. rodak)<\/td>\n<\/tr>\n<tr>\n<td width=\"76\"><strong>10.30<\/strong><\/td>\n<td width=\"624\">&nbsp;+ Wiktoria i Stanis\u0142aw B\u0142o\u0144ski<\/td>\n<\/tr>\n<tr>\n<td width=\"76\"><strong>12.00<\/strong><\/td>\n<td width=\"624\">&nbsp;<sub>&nbsp;<\/sub>W intencji \u017cywych i zmar\u0142ych si\u00f3str z r\u00f3\u017cy Teresy Basiura<\/td>\n<\/tr>\n<tr>\n<td width=\"76\"><strong>16.00<\/strong><\/td>\n<td width=\"624\">+ Alfred Pa\u015bko w 9 r. \u015bmierci<\/td>\n<\/tr>\n<tr>\n<td width=\"76\"><strong>18.00<\/strong><\/td>\n<td width=\"624\">+ Bronis\u0142awa Dr\u0105\u017cek<\/td>\n<\/tr>\n<\/tbody>\n<\/table>\n","protected":false},"excerpt":{"rendered":"<p>&#8230;<\/p>\n","protected":false},"author":1,"featured_media":144,"comment_status":"closed","ping_status":"open","sticky":false,"template":"","format":"standard","meta":{"ngg_post_thumbnail":0,"footnotes":""},"categories":[4],"tags":[],"class_list":["post-5087","post","type-post","status-publish","format-standard","has-post-thumbnail","hentry","category-intencje"],"_links":{"self":[{"href":"https:\/\/mbsniezna.rzeszow.pl\/index.php\/wp-json\/wp\/v2\/posts\/5087","targetHints":{"allow":["GET"]}}],"collection":[{"href":"https:\/\/mbsniezna.rzeszow.pl\/index.php\/wp-json\/wp\/v2\/posts"}],"about":[{"href":"https:\/\/mbsniezna.rzeszow.pl\/index.php\/wp-json\/wp\/v2\/types\/post"}],"author":[{"embeddable":true,"href":"https:\/\/mbsniezna.rzeszow.pl\/index.php\/wp-json\/wp\/v2\/users\/1"}],"replies":[{"embeddable":true,"href":"https:\/\/mbsniezna.rzeszow.pl\/index.php\/wp-json\/wp\/v2\/comments?post=5087"}],"version-history":[{"count":1,"href":"https:\/\/mbsniezna.rzeszow.pl\/index.php\/wp-json\/wp\/v2\/posts\/5087\/revisions"}],"predecessor-version":[{"id":5088,"href":"https:\/\/mbsniezna.rzeszow.pl\/index.php\/wp-json\/wp\/v2\/posts\/5087\/revisions\/5088"}],"wp:featuredmedia":[{"embeddable":true,"href":"https:\/\/mbsniezna.rzeszow.pl\/index.php\/wp-json\/wp\/v2\/media\/144"}],"wp:attachment":[{"href":"https:\/\/mbsniezna.rzeszow.pl\/index.php\/wp-json\/wp\/v2\/media?parent=5087"}],"wp:term":[{"taxonomy":"category","embeddable":true,"href":"https:\/\/mbsniezna.rzeszow.pl\/index.php\/wp-json\/wp\/v2\/categories?post=5087"},{"taxonomy":"post_tag","embeddable":true,"href":"https:\/\/mbsniezna.rzeszow.pl\/index.php\/wp-json\/wp\/v2\/tags?post=5087"}],"curies":[{"name":"wp","href":"https:\/\/api.w.org\/{rel}","templated":true}]}}