{"id":5093,"date":"2017-05-28T08:24:17","date_gmt":"2017-05-28T06:24:17","guid":{"rendered":"https:\/\/mbsniezna.rzeszow.pl\/?p=5093"},"modified":"2017-05-28T08:24:17","modified_gmt":"2017-05-28T06:24:17","slug":"ogloszenia-wniebowstapienie-panskie-28-05-2017-r","status":"publish","type":"post","link":"https:\/\/mbsniezna.rzeszow.pl\/index.php\/2017\/05\/28\/ogloszenia-wniebowstapienie-panskie-28-05-2017-r\/","title":{"rendered":"Og\u0142oszenia &#8211; Wniebowst\u0105pienie Pa\u0144skie, 28.05.2017 r."},"content":{"rendered":"<p>UROCZYSTO\u015a\u0106 WNIEBOWST\u0104PIENIA&nbsp; PA\u0143SKIEGO<\/p>\n<p>28 MAJA 2017 R.<\/p>\n<p>&nbsp;<\/p>\n<ol>\n<li>Dzisiaj nieszpory majowe o 15.30 z nowenna przed zes\u0142aniem Ducha \u015awi\u0119tego.<\/li>\n<\/ol>\n<p>&nbsp;<\/p>\n<ol start=\"2\">\n<li>Jutro o 18.45 spotkanie dla kandydat\u00f3w na ministrant\u00f3w. Bardzo prosimy, aby zach\u0119cili do s\u0142u\u017cby przy o\u0142tarzu ch\u0142opc\u00f3w z klas III i VI z naszej szko\u0142y, ale tak\u017ce i z innych szk\u00f3\u0142.<\/li>\n<\/ol>\n<p>&nbsp;<\/p>\n<ol start=\"3\">\n<li>W czwartek rozpoczyna si\u0119 miesi\u0105c czerwiec po\u015bwi\u0119cony czci Naj\u015bwi\u0119tszego Serca Pana Jezusa &#8211; litania po porannej Mszy.<\/li>\n<\/ol>\n<p>&nbsp;<\/p>\n<ol start=\"4\">\n<li>I czwartek miesi\u0105ca \u2013 dzie\u0144 modlitw o powo\u0142ania, od 17.15 adoracja i spowied\u017a \u2013 zapraszamy uczni\u00f3w I i II klasy gimnazjum.<\/li>\n<\/ol>\n<p>&nbsp;<\/p>\n<ol start=\"5\">\n<li>I pi\u0105tek: 6.30 spowied\u017a, 9.00 wyjazd do chorych, 17.00 spowied\u017a \u2013 zapraszamy dzieci komunijne z klas III i ich bliskich, 18.00 Msza \u015bw. i nabo\u017ce\u0144stwo do Bo\u017cego Serca.<\/li>\n<\/ol>\n<p>&nbsp;<\/p>\n<ol start=\"6\">\n<li>I sobota miesi\u0105ca: od 17.15 spowied\u017a, o 18.00 Msza \u015bw. z rozwa\u017caniem i Komunia \u015bw. wynagradzaj\u0105c\u0105, po Mszy r\u00f3\u017caniec fatimski. Zapraszamy. Maryja 100 lat temu w Fatimie prosi\u0142a, aby w I soboty odmawia\u0107 r\u00f3\u017caniec o pok\u00f3j i o nawr\u00f3cenie grzesznik\u00f3w oraz \u017ceby przyjmowa\u0107 Komuni\u0119 \u015bw. na intencje zado\u015b\u0107uczynienia za grzechy.<\/li>\n<\/ol>\n<p>&nbsp;<\/p>\n<ol start=\"7\">\n<li>W sobot\u0119 o 6.00 wyjazd ministrant\u00f3w, oazy i scholii do \u201eEnergylandi\u201d w Zatorze i do Kalwarii Zebrzydowskiej.<\/li>\n<\/ol>\n<p>&nbsp;<\/p>\n<ol start=\"8\">\n<li>W przysz\u0142\u0105 niedziel\u0119 aspersja, po prymarii zmiana tajemnic r\u00f3\u017ca\u0144cowych i rozpocz\u0119cie nowenny do \u015bw. Antoniego przed odpustem, po ka\u017cdej Mszy \u015bw. zbi\u00f3rka do puszek na \u015awi\u0105tyni\u0119 Opatrzno\u015bci w Warszawie, o 15.30 nabo\u017ce\u0144stwo do Serca Bo\u017cego, o 16.00 w \u201eD\u0119bin\u00f3wce\u201d zako\u0144czenie roku formacyjnego dla grup dzieci\u0119cych i m\u0142odzie\u017cowych.<\/li>\n<\/ol>\n<p>&nbsp;<\/p>\n<ol start=\"9\">\n<li>W przysz\u0142\u0105 niedziel\u0119 ks. Marek Macha\u0142a \u2013 dyr. Duszpasterstwa Rodzin w Przemy\u015blu &#8211; wyg\u0142osi s\u0142owo nt. \u201eMa\u0142\u017ce\u0144stwo fundamentem szcz\u0119\u015bliwej rodziny\u201d \u2013 zapraszamy.<\/li>\n<\/ol>\n<p>&nbsp;<\/p>\n<ol start=\"10\">\n<li>Zapowiedzi: Marcin Ostrowski \u2013 Milena Grochala, Tomasz Pa\u015bko \u2013 Martyna Ko\u015b, Bartosz Wilk \u2013 Agata Pa\u015bko, Konrad Koch \u2013 Karolina T\u0142uczek (zap. I); R\u0119dziniak- A. Borowiec; M. Wanat \u2013 Z. W\u0105sik (zap. III).<\/li>\n<\/ol>\n<p>&nbsp;<\/p>\n<ol start=\"11\">\n<li>B\u00f3g zap\u0142a\u0107 sk\u0142adk\u0119 inwestycyjn\u0105 \u2013 z\u0142o\u017cono 10&nbsp;100 z\u0142, dzi\u0119kujemy za ofiary w inne niedziele i za wp\u0142acane na konto parafialne.<\/li>\n<\/ol>\n<p>&nbsp;<\/p>\n<ol start=\"12\">\n<li>B\u00f3g zap\u0142a\u0107 za ofiary na sprz\u0105tanie ko\u015bcio\u0142a, w tym tygodniu z ul. Podle\u015bnej prosimy rodziny: Teresy Krupa, Zofii Kap\u0142on, Ma\u0142gorzaty Gazda, Ewy Matu\u0142a, Renaty Kopiec, Barbary Biestek, Lyubow Wac\u0142awek, El\u017cbiety Kruczek, Marii Kalandyk, Ewy Mi\u015bta.<\/li>\n<\/ol>\n<p>&nbsp;<\/p>\n<ol start=\"13\">\n<li>Procesja Bo\u017cego Cia\u0142a b\u0119dzie na ul. Budziwojskiej. O pomoc w przygotowaniu o\u0142tarzy prosimy mieszka\u0144c\u00f3w ul. Podle\u015bnej. <strong>O\u0142tarz I u rodziny Wilga, numery Podle\u015bnej od 161 do 109<\/strong> &#8211; rodziny: Urszuli Kalandyk, Stanis\u0142awy O\u017cy\u0142o, Anny Pasek, Bogus\u0142awy W\u0105s- Polity\u0144skiej, Ewy Baran, Doroty Matu\u0142a, Anny Matu\u0142a, Danieli Pr\u0119dki, Bo\u017ceny Pr\u0119dki, Marii Fic; <strong>o\u0142tarz II u rodziny Ocieczek, numery Podle\u015bnej od 107 do 59<\/strong> -rodziny: Marii Fic, Danuty Zg\u00f3rskiej, Bogus\u0142awy Piekie\u0142ek, Marii Borowiec, Jolanty Nizio\u0142ek, Barbary Rak, Danuty Bomba, Anny Bomba, Barbary G\u0142\u00f3d, Ma\u0142gorzaty Mita\u0142; <strong>o\u0142tarz III u rodziny Cag,&nbsp; numery Podle\u015bnej od 55 do 13<\/strong>, s\u0105 to rodziny: Ma\u0142gorzaty Ku\u015bnierz, Wiolety Fornal, J\u00f3zefa T\u0142uczek, Edyty Dawidziak, Katarzyny Ho\u0142ody, Gra\u017cyny Pasierb, Aleksandry Makowiec, Wioletty Wandas, Edyty Siweckiej, Haliny Bu\u017c; <strong>o\u0142tarz IV przy krzy\u017cu misyjnym,&nbsp; numery z Podle\u015bnej od 46 do 10 <\/strong>&#8211; rodziny: Doroty Czenczek, Ireny Czenczek, Eweliny Pocz\u0105tek, Edwarda W\u00f3jcik, Moniki Kowalskiej, Zofii Mac oraz <strong>numery od 1 do 11 &#8211;&nbsp; rodziny<\/strong>: Marioli Kozio\u0142kiewicz, Jana Koza, Katarzyny W\u00f3jcik, Zofii Kozik. Rodziny od o\u0142tarzy maj\u0105 zaliczon\u0105 kolejk\u0119 do sprz\u0105tania. Panie z pierwszych numer\u00f3w poszczeg\u00f3lnych o\u0142tarzy prosimy o pozbieranie po 50 z\u0142 na kwiaty, a panowie z rejon\u00f3w proszeni s\u0105 o dostarczenie po 4 brz\u00f3zki do ka\u017cdego z o\u0142tarzy.<\/li>\n<\/ol>\n<p>&nbsp;<\/p>\n<ol start=\"14\">\n<li>Z racji pogrzeb\u00f3w za naszych zmar\u0142ych zamawiamy wiele intencji \u2013 co bardzo dobrze \u015bwiadczy o naszej wierze i mi\u0142o\u015bci do zmar\u0142ych. Jednak op\u00f3\u017anienie w odprawianiu tych Mszy \u015bw. wynosi ponad rok. Wobec tego cz\u0119\u015b\u0107 intencji pogrzebowych b\u0119dzie przekazane do odprawienia poza parafi\u0105. Intencje te b\u0119d\u0105 og\u0142aszane i zapowiadane w naszej parafii \u2013 prosimy, aby rodzina zmar\u0142ego i ofiarodawcy przychodzili do naszego ko\u015bcio\u0142a, a w tym samym czasie b\u0119d\u0105 odprawiane poza parafi\u0105. W miesi\u0105cu czerwcu poza parafi\u0105 odprawiana b\u0119dzie cz\u0119\u015b\u0107 intencji za Mari\u0119 Kmiotek, Emila G\u0142odowskiego, J\u00f3zefa Biegus, Gra\u017cyn\u0119&nbsp; Pa\u015bkiewicz, Edwarda \u015al\u0119czka i Stefani\u0119 \u017bmuda. Te intencje odprawia\u0142 b\u0119dzie ks. Jacek Uliasz w kaplicy Seminaryjnej w Lwowie \u2013 lista jest wywieszona w gablotce oraz w internecie. Zamieszczamy stron\u0119 ks. Uliasza (http:\/\/www.rkc.lviv.ua\/Jacek_Uliasz-page-pl). Podobnie b\u0119dziemy robi\u0107 w nast\u0119pne miesi\u0105ce. Podczas wakacji nasi ksi\u0119\u017ca b\u0119d\u0105 odprawia\u0107 intencje pogrzebowe poza parafi\u0105.<\/li>\n<\/ol>\n<p>&nbsp;<\/p>\n<ol start=\"15\">\n<li>W \u015brod\u0119 o 15.00 w Domu Kultury \u201eBudziw\u00f3j\u201d odb\u0119dzie si\u0119 przedstawienie \u201eKopciuszek\u201d w wykonaniu rodzic\u00f3w i personelu przedszkola si\u00f3str. Zapraszamy wszystkie dzieci.<\/li>\n<\/ol>\n<p>&nbsp;<\/p>\n<ol start=\"16\">\n<li>Na stoliczku za \u0142awkami jest nowy numer darmowej gazety \u201eDobre nowiny\u201d (200 sztuk) \u2013 zapraszamy do lektury.<\/li>\n<\/ol>\n<p>&nbsp;<\/p>\n","protected":false},"excerpt":{"rendered":"<p>&#8230;<\/p>\n","protected":false},"author":1,"featured_media":4507,"comment_status":"closed","ping_status":"open","sticky":false,"template":"","format":"standard","meta":{"ngg_post_thumbnail":0,"footnotes":""},"categories":[14],"tags":[],"class_list":["post-5093","post","type-post","status-publish","format-standard","has-post-thumbnail","hentry","category-ogloszenia_duszp"],"_links":{"self":[{"href":"https:\/\/mbsniezna.rzeszow.pl\/index.php\/wp-json\/wp\/v2\/posts\/5093","targetHints":{"allow":["GET"]}}],"collection":[{"href":"https:\/\/mbsniezna.rzeszow.pl\/index.php\/wp-json\/wp\/v2\/posts"}],"about":[{"href":"https:\/\/mbsniezna.rzeszow.pl\/index.php\/wp-json\/wp\/v2\/types\/post"}],"author":[{"embeddable":true,"href":"https:\/\/mbsniezna.rzeszow.pl\/index.php\/wp-json\/wp\/v2\/users\/1"}],"replies":[{"embeddable":true,"href":"https:\/\/mbsniezna.rzeszow.pl\/index.php\/wp-json\/wp\/v2\/comments?post=5093"}],"version-history":[{"count":1,"href":"https:\/\/mbsniezna.rzeszow.pl\/index.php\/wp-json\/wp\/v2\/posts\/5093\/revisions"}],"predecessor-version":[{"id":5094,"href":"https:\/\/mbsniezna.rzeszow.pl\/index.php\/wp-json\/wp\/v2\/posts\/5093\/revisions\/5094"}],"wp:featuredmedia":[{"embeddable":true,"href":"https:\/\/mbsniezna.rzeszow.pl\/index.php\/wp-json\/wp\/v2\/media\/4507"}],"wp:attachment":[{"href":"https:\/\/mbsniezna.rzeszow.pl\/index.php\/wp-json\/wp\/v2\/media?parent=5093"}],"wp:term":[{"taxonomy":"category","embeddable":true,"href":"https:\/\/mbsniezna.rzeszow.pl\/index.php\/wp-json\/wp\/v2\/categories?post=5093"},{"taxonomy":"post_tag","embeddable":true,"href":"https:\/\/mbsniezna.rzeszow.pl\/index.php\/wp-json\/wp\/v2\/tags?post=5093"}],"curies":[{"name":"wp","href":"https:\/\/api.w.org\/{rel}","templated":true}]}}