{"id":5121,"date":"2017-07-08T21:48:38","date_gmt":"2017-07-08T19:48:38","guid":{"rendered":"https:\/\/mbsniezna.rzeszow.pl\/?p=5121"},"modified":"2017-07-08T21:48:38","modified_gmt":"2017-07-08T19:48:38","slug":"ogloszenia-xiv-niedziela-zwykla-9-07-2017-r","status":"publish","type":"post","link":"https:\/\/mbsniezna.rzeszow.pl\/index.php\/2017\/07\/08\/ogloszenia-xiv-niedziela-zwykla-9-07-2017-r\/","title":{"rendered":"Og\u0142oszenia &#8211; XIV Niedziela Zwyk\u0142a, 9.07.2017 r."},"content":{"rendered":"<p>OG\u0141OSZENIA \u2013 XIV NIEDZIELA ZWYK\u0141A<br \/>\n9 LIPCA 2017 R.<\/p>\n<p>1.\tWe wtorek \u015bw. Benedykta, patrona Europy \u2013 nabo\u017ce\u0144stwo do \u015bw. Antoniego.<\/p>\n<p>2.\t\u015aroda \u015bw. Brunona \u2013 nowenna do Matki Bo\u017cej.<\/p>\n<p>3.\tW czwartek 13 lipca  od 17.15 adoracja i spowied\u017a. O 18.00 r\u00f3\u017caniec  fatimski \u2013 zapraszamy, a nast\u0119pnie Msza \u015bw.<\/p>\n<p>4.\tW pi\u0105tek nabo\u017ce\u0144stwo do Bo\u017cego Mi\u0142osierdzia.<\/p>\n<p>5.\tW sobot\u0119 zako\u0144czenie nowenny do Matki Bo\u017cej Szkaplerznej \u2013 b\u0119dzie mo\u017cliwo\u015b\u0107 otrzymania szkaplerza.<\/p>\n<p>6.\tW niedziel\u0119 po prymarii nabo\u017ce\u0144stwo przy relikwiach \u015bw. Jana Paw\u0142a II \u2013 prosimy o sk\u0142adanie pr\u00f3\u015bb i podzi\u0119kowa\u0144. Za tydzie\u0144 prosimy o sk\u0142adk\u0119 inwestycyjn\u0105. R\u00f3\u017caniec r\u00f3\u017ca Teresy Basiura.<\/p>\n<p>7.\tZapowiedzi: Artur Rusza\u0142a \u2013 Kinga Piorun (zap. I), M. Dudzi\u0144ski \u2013 \u0141. Klimczak, (zap. II); M. Matu\u0142a \u2013 E. P\u0142odzie\u0144,  P. Sikora \u2013 A. Zi\u0119ba, A. Zimny \u2013 E.  Cioch, A. Zimierowicz \u2013 B. Mat\u0142ok (zap. III).<\/p>\n<p>8.\tB\u00f3g zap\u0142a\u0107 za ofiary na sprz\u0105tanie ko\u015bcio\u0142a, w tym tygodniu z ul. Budziwojskiej  prosimy rodziny: Natalii Rz\u0105sa, Ewy I\u017cewskiej, Teresy Raczak, Marii Budzisz, Antoniego Stachurski, Joanny Kotula, Krystyny Krzto\u0144, Anny Cios, Doroty G\u0142odowskiej, Marii G\u0142odowskiej, Agnieszki Witek, Heleny Pa\u015bko.<\/p>\n<p>9.\tBardzo dzi\u0119kujemy wszystkim, kt\u00f3rzy w\u0142\u0105czyli si\u0119 w przyj\u0119cie pieszych pielgrzym\u00f3w z Przemy\u015bla do Cz\u0119stochowy. B\u00f3g zap\u0142a\u0107.<\/p>\n<p>10.\tDo\u017cynki Parafialne b\u0119d\u0105 w niedziel\u0119 20 sierpnia na Mszy \u015bw. o 12.00.  O przygotowanie wie\u0144c\u00f3w prosimy zespo\u0142y regionalne.<\/p>\n<p>11.\tPod dzwonnic\u0105 jest wystawa po\u015bwi\u0119cona objawieniom w Fatimie.<\/p>\n<p>12.\tW okresie wakacyjnym, kiedy mamy du\u017co wolnego czasu zapraszamy w dni powszednie na Msz\u0119 \u015bw., na nabo\u017ce\u0144stwa, adoracj\u0119, spowied\u017a.<\/p>\n","protected":false},"excerpt":{"rendered":"<p>&#8230;<\/p>\n","protected":false},"author":1,"featured_media":4507,"comment_status":"closed","ping_status":"open","sticky":false,"template":"","format":"standard","meta":{"ngg_post_thumbnail":0,"footnotes":""},"categories":[13],"tags":[],"class_list":["post-5121","post","type-post","status-publish","format-standard","has-post-thumbnail","hentry","category-newsy"],"_links":{"self":[{"href":"https:\/\/mbsniezna.rzeszow.pl\/index.php\/wp-json\/wp\/v2\/posts\/5121","targetHints":{"allow":["GET"]}}],"collection":[{"href":"https:\/\/mbsniezna.rzeszow.pl\/index.php\/wp-json\/wp\/v2\/posts"}],"about":[{"href":"https:\/\/mbsniezna.rzeszow.pl\/index.php\/wp-json\/wp\/v2\/types\/post"}],"author":[{"embeddable":true,"href":"https:\/\/mbsniezna.rzeszow.pl\/index.php\/wp-json\/wp\/v2\/users\/1"}],"replies":[{"embeddable":true,"href":"https:\/\/mbsniezna.rzeszow.pl\/index.php\/wp-json\/wp\/v2\/comments?post=5121"}],"version-history":[{"count":1,"href":"https:\/\/mbsniezna.rzeszow.pl\/index.php\/wp-json\/wp\/v2\/posts\/5121\/revisions"}],"predecessor-version":[{"id":5122,"href":"https:\/\/mbsniezna.rzeszow.pl\/index.php\/wp-json\/wp\/v2\/posts\/5121\/revisions\/5122"}],"wp:featuredmedia":[{"embeddable":true,"href":"https:\/\/mbsniezna.rzeszow.pl\/index.php\/wp-json\/wp\/v2\/media\/4507"}],"wp:attachment":[{"href":"https:\/\/mbsniezna.rzeszow.pl\/index.php\/wp-json\/wp\/v2\/media?parent=5121"}],"wp:term":[{"taxonomy":"category","embeddable":true,"href":"https:\/\/mbsniezna.rzeszow.pl\/index.php\/wp-json\/wp\/v2\/categories?post=5121"},{"taxonomy":"post_tag","embeddable":true,"href":"https:\/\/mbsniezna.rzeszow.pl\/index.php\/wp-json\/wp\/v2\/tags?post=5121"}],"curies":[{"name":"wp","href":"https:\/\/api.w.org\/{rel}","templated":true}]}}