{"id":5130,"date":"2017-07-22T23:20:18","date_gmt":"2017-07-22T21:20:18","guid":{"rendered":"https:\/\/mbsniezna.rzeszow.pl\/?p=5130"},"modified":"2017-07-22T23:21:39","modified_gmt":"2017-07-22T21:21:39","slug":"ogloszenia-na-xvi-niedziele-zwykla-23-07-2017-r","status":"publish","type":"post","link":"https:\/\/mbsniezna.rzeszow.pl\/index.php\/2017\/07\/22\/ogloszenia-na-xvi-niedziele-zwykla-23-07-2017-r\/","title":{"rendered":"Og\u0142oszenia na XVI Niedziel\u0119 Zwyk\u0142\u0105, 23.07.2017 r."},"content":{"rendered":"<p>OG\u0141OSZENIA \u2013 XVI NIEDZIELA ZWYK\u0141A<br \/>\n23 LIPCA 2017 R.<\/p>\n<p>1.\tDzisiaj za przyczyn\u0105  \u015bw. Krzysztofa modlimy si\u0119 za kierowc\u00f3w i \u015bwi\u0119cimy pojazdy. Po Mszach \u015bw. zbi\u00f3rka do puszek na zakup pojazd\u00f3w dla misjonarzy.<\/p>\n<p>2.\tJutro wspomnienie \u015bw. Kingi.<\/p>\n<p>3.\tWe wtorek \u015bwi\u0119to \u015bw. Jakuba Aposto\u0142a \u2013 nabo\u017ce\u0144stwo do \u015bw. Antoniego.<\/p>\n<p>4.\tWe \u015brod\u0119 wspomnienie \u015bw. Joachima i Anny \u2013 rodzic\u00f3w Naj\u015bwi\u0119tszej Maryi Panny \u2013 dzie\u0144 modlitw w intencji senior\u00f3w, nowenna do Matki Bo\u017cej.<\/p>\n<p>5.\tW czwartek od 17.15 adoracja i spowied\u017a.<\/p>\n<p>6.\tW  czwartek rozpoczniemy Nowenn\u0119 do Matki Bo\u017cej \u015anie\u017cnej, poprzez kt\u00f3r\u0105 chcemy si\u0119 duchowo  przygotowa\u0107 do odpustu parafialnego.<\/p>\n<p>7.\tW pi\u0105tek nabo\u017ce\u0144stwo do Bo\u017cego Mi\u0142osierdzia.<\/p>\n<p>8.\tW sobot\u0119 wspomnienie \u015bw. Marty.<\/p>\n<p>9.\tW niedziel\u0119 r\u00f3\u017caniec r\u00f3\u017ca Marii Mr\u00f3z.<\/p>\n<p>10.\tZapowiedzi: Dawid Kalandyk \u2013 Gabriela Zawadzka,  Bogdan Piekie\u0142ek \u2013 Paulina Czochara (zap. II)<\/p>\n<p>11.\tB\u00f3g zap\u0142a\u0107 za ofiary na sprz\u0105tanie ko\u015bcio\u0142a, w tym tygodniu z ul. Budziwojskiej prosimy rodziny: Kamili Grys, W\u0142adys\u0142awy Podg\u00f3rskiej, Agnieszki Podg\u00f3rskiej, Waldemara Podg\u00f3rskiego, Renaty Trzyna, El\u017cbiety P\u0105czek, Zdzis\u0142awa Kotula, Zdzis\u0142awa Baran, Zofii G\u0142odowskiej, Bogus\u0142awa Machowskiego, Anny Luteckiej.<\/p>\n<p>12.\tDzisiaj nasi pielgrzymi s\u0105 w Fatimie i modl\u0105 si\u0119 za ca\u0142\u0105 wsp\u00f3lnot\u0119 parafialn\u0105. Intencje do omodlenia  mo\u017cna wysy\u0142a\u0107 SMS-em na numer kom. 570 186 195.<\/p>\n<p>13.\tW intencjach ks. Krzysztofa: \u201ePod Twoj\u0105 obron\u0119\u2026\u201d<\/p>\n","protected":false},"excerpt":{"rendered":"<p>&#8230;<\/p>\n","protected":false},"author":1,"featured_media":4337,"comment_status":"closed","ping_status":"open","sticky":false,"template":"","format":"standard","meta":{"ngg_post_thumbnail":0,"footnotes":""},"categories":[14],"tags":[],"class_list":["post-5130","post","type-post","status-publish","format-standard","has-post-thumbnail","hentry","category-ogloszenia_duszp"],"_links":{"self":[{"href":"https:\/\/mbsniezna.rzeszow.pl\/index.php\/wp-json\/wp\/v2\/posts\/5130","targetHints":{"allow":["GET"]}}],"collection":[{"href":"https:\/\/mbsniezna.rzeszow.pl\/index.php\/wp-json\/wp\/v2\/posts"}],"about":[{"href":"https:\/\/mbsniezna.rzeszow.pl\/index.php\/wp-json\/wp\/v2\/types\/post"}],"author":[{"embeddable":true,"href":"https:\/\/mbsniezna.rzeszow.pl\/index.php\/wp-json\/wp\/v2\/users\/1"}],"replies":[{"embeddable":true,"href":"https:\/\/mbsniezna.rzeszow.pl\/index.php\/wp-json\/wp\/v2\/comments?post=5130"}],"version-history":[{"count":1,"href":"https:\/\/mbsniezna.rzeszow.pl\/index.php\/wp-json\/wp\/v2\/posts\/5130\/revisions"}],"predecessor-version":[{"id":5131,"href":"https:\/\/mbsniezna.rzeszow.pl\/index.php\/wp-json\/wp\/v2\/posts\/5130\/revisions\/5131"}],"wp:featuredmedia":[{"embeddable":true,"href":"https:\/\/mbsniezna.rzeszow.pl\/index.php\/wp-json\/wp\/v2\/media\/4337"}],"wp:attachment":[{"href":"https:\/\/mbsniezna.rzeszow.pl\/index.php\/wp-json\/wp\/v2\/media?parent=5130"}],"wp:term":[{"taxonomy":"category","embeddable":true,"href":"https:\/\/mbsniezna.rzeszow.pl\/index.php\/wp-json\/wp\/v2\/categories?post=5130"},{"taxonomy":"post_tag","embeddable":true,"href":"https:\/\/mbsniezna.rzeszow.pl\/index.php\/wp-json\/wp\/v2\/tags?post=5130"}],"curies":[{"name":"wp","href":"https:\/\/api.w.org\/{rel}","templated":true}]}}