{"id":5133,"date":"2017-07-30T10:20:35","date_gmt":"2017-07-30T08:20:35","guid":{"rendered":"https:\/\/mbsniezna.rzeszow.pl\/?p=5133"},"modified":"2017-07-30T10:20:35","modified_gmt":"2017-07-30T08:20:35","slug":"intencje-mszalne-31-07-2017-06-08-2017-r","status":"publish","type":"post","link":"https:\/\/mbsniezna.rzeszow.pl\/index.php\/2017\/07\/30\/intencje-mszalne-31-07-2017-06-08-2017-r\/","title":{"rendered":"Intencje mszalne  31.07.2017 \u2013 06.08.2017 r."},"content":{"rendered":"<p><strong>Poniedzia\u0142ek: 31.07<\/strong><\/p>\n<table width=\"0\">\n<tbody>\n<tr>\n<td width=\"76\"><strong>7.00<\/strong><\/td>\n<td width=\"624\">1.&nbsp;&nbsp;&nbsp;&nbsp;&nbsp;&nbsp; + Maria i Stanis\u0142aw Szczygie\u0142<\/td>\n<\/tr>\n<tr>\n<td width=\"76\"><strong>18.00<\/strong><\/td>\n<td width=\"624\">1.&nbsp;&nbsp;&nbsp;&nbsp;&nbsp;&nbsp; + Emil G\u0142odowski od kuzynki Anna Szetela z rodzin\u0105<\/p>\n<p>2.&nbsp;&nbsp;&nbsp;&nbsp;&nbsp;&nbsp; + J\u00f3zef Chotkowski w 9 r. \u015bmierci<\/p>\n<p><em>&nbsp;+ Pawe\u0142 Ferenc od Agnieszki i Witolda \u0141oboda z Kl\u0119czan &#8211; Mo\u0142dawia<\/em><\/td>\n<\/tr>\n<\/tbody>\n<\/table>\n<p><strong>Wtorek: 01.08<\/strong><\/p>\n<table width=\"0\">\n<tbody>\n<tr>\n<td width=\"76\"><strong>7.00<\/strong><\/td>\n<td width=\"624\">1.&nbsp;&nbsp;&nbsp;&nbsp;&nbsp;&nbsp; + Stanis\u0142aw Ba\u0142a (1) &#8211; rozpocz\u0119cie Mszy gregoria\u0144skich<\/td>\n<\/tr>\n<tr>\n<td width=\"76\"><strong>18.00<\/strong><\/td>\n<td width=\"624\">1.&nbsp;&nbsp;&nbsp;&nbsp;&nbsp;&nbsp; + Albina i Marian Prokop<\/p>\n<p>2.&nbsp;&nbsp;&nbsp;&nbsp;&nbsp;&nbsp; &nbsp;Dzi\u0119kczynna w 30 lecie \u015blubu Marii i Marka<\/p>\n<p>3.&nbsp;&nbsp;&nbsp;&nbsp;&nbsp;&nbsp; + J\u00f3zef Biegus od bratanicy &#8211; zak. Mszy pogrzebowych (x. go\u015b\u0107)<\/p>\n<p>4.&nbsp;&nbsp;&nbsp;&nbsp;&nbsp;&nbsp; + Edward \u015al\u0119czka od wnuka Piotra (ks. go\u015bc)<\/p>\n<p><em>+ Pawe\u0142 Ferenc od kole\u017canek i koleg\u00f3w mamy z Hali Targowej &#8211; Mo\u0142dawia<\/em><\/td>\n<\/tr>\n<\/tbody>\n<\/table>\n<p><strong>\u015aroda: 02.08<\/strong><\/p>\n<table width=\"0\">\n<tbody>\n<tr>\n<td width=\"76\"><strong>7.00<\/strong><\/td>\n<td width=\"624\">1.&nbsp;&nbsp;&nbsp;&nbsp;&nbsp;&nbsp; + Stanis\u0142aw Ba\u0142a (2)<\/td>\n<\/tr>\n<tr>\n<td width=\"76\"><strong>18.00<\/strong><\/td>\n<td width=\"624\">1.&nbsp;&nbsp;&nbsp;&nbsp;&nbsp;&nbsp; + Gra\u017cyna Pa\u015bkiewicz od siostry Ewy z m\u0119\u017cem<\/p>\n<p>2.&nbsp;&nbsp;&nbsp;&nbsp;&nbsp;&nbsp; Dzi\u0119kczynna w 25 lecie \u015blub\u00f3w zakonnych<\/p>\n<p>3.&nbsp;&nbsp;&nbsp;&nbsp;&nbsp;&nbsp; + Emil G\u0142odowski od swatowej Syno\u015b (ks. go\u015b\u0107)<\/p>\n<p>4.&nbsp;&nbsp;&nbsp;&nbsp;&nbsp;&nbsp; + Stefania \u017bmuda od si\u00f3str r\u00f3\u017ca\u0144cowych z r\u00f3\u017cy Marii Mr\u00f3z (ks. go\u015b\u0107)<\/p>\n<p><em>+ Pawe\u0142 Ferenc od kole\u017canek i koleg\u00f3w mamy z Hali Targowej<\/em><\/td>\n<\/tr>\n<\/tbody>\n<\/table>\n<p><strong>Czwartek: 03.08<\/strong><\/p>\n<table width=\"0\">\n<tbody>\n<tr>\n<td width=\"76\"><strong>7.00<\/strong><\/td>\n<td width=\"624\">1.&nbsp;&nbsp;&nbsp;&nbsp;&nbsp;&nbsp; + Teresa Szczygie\u0142 w 2 r. \u015bmierci<\/p>\n<p>2.&nbsp;&nbsp;&nbsp;&nbsp;&nbsp;&nbsp; + Gra\u017cyna Pa\u015bkiewicz od Grzegorza Baran (ks. go\u015b\u0107)<\/td>\n<\/tr>\n<tr>\n<td width=\"76\"><strong>18.00<\/strong><\/td>\n<td width=\"624\">1.&nbsp;&nbsp;&nbsp;&nbsp;&nbsp;&nbsp; + Stanis\u0142aw Ba\u0142a (3)<\/p>\n<p>2.&nbsp;&nbsp;&nbsp;&nbsp;&nbsp;&nbsp; + Marian Pa\u015bko od s\u0105siada rodziny \u017burad\u00f3w &#8211; zak. Mszy pogrzebowych<\/p>\n<p><em>+ Pawe\u0142 Ferenc od koleg\u00f3w i kole\u017canek mamy z Hali Targowej<\/em><\/td>\n<\/tr>\n<\/tbody>\n<\/table>\n<p><strong>Pi\u0105tek: 04.08<\/strong><\/p>\n<table width=\"0\">\n<tbody>\n<tr>\n<td width=\"76\"><strong>7.00<\/strong><\/td>\n<td width=\"624\">1.&nbsp;&nbsp;&nbsp;&nbsp;&nbsp;&nbsp; + Stanis\u0142aw Ba\u0142a (4)<\/td>\n<\/tr>\n<tr>\n<td width=\"76\"><strong>18.00<\/strong><\/td>\n<td width=\"624\">1.&nbsp;&nbsp;&nbsp;&nbsp;&nbsp;&nbsp; + Edward \u015al\u0119czka od wnuczki Beaty z rodzin\u0105<\/p>\n<p>2.&nbsp;&nbsp;&nbsp;&nbsp;&nbsp;&nbsp; + Stefania \u017bmuda od c\u00f3rki Bogumi\u0142y z rodzin\u0105<\/p>\n<p>3.&nbsp;&nbsp;&nbsp;&nbsp;&nbsp;&nbsp; + Emil G\u0142odowski od Gra\u017cyny z rodzin\u0105 (ks. go\u015b\u0107)<\/p>\n<p><em>+ Pawe\u0142 Ferenc od rodziny Kowalskich &#8211; Mo\u0142dawia<\/em><\/td>\n<\/tr>\n<\/tbody>\n<\/table>\n<p><strong>Sobota: 05.08 &#8211; Odpust Parafialny &#8211; Matki Bo\u017cej \u015anie\u017cnej<\/strong><\/p>\n<table width=\"0\">\n<tbody>\n<tr>\n<td width=\"76\"><strong>7.00<\/strong><\/td>\n<td width=\"624\">1.&nbsp;&nbsp;&nbsp;&nbsp;&nbsp;&nbsp; + Stefan Legenc od c\u00f3rki Jolanty z m\u0119\u017cem i dzie\u0107mi<\/td>\n<\/tr>\n<tr>\n<td width=\"76\"><strong>9.00<\/strong><\/td>\n<td width=\"624\">1.&nbsp;&nbsp;&nbsp;&nbsp;&nbsp;&nbsp; + Stanis\u0142aw Ba\u0142a (5)<\/td>\n<\/tr>\n<tr>\n<td width=\"76\"><strong>11.00<\/strong><\/td>\n<td width=\"624\">1.&nbsp;&nbsp;&nbsp;&nbsp;&nbsp;&nbsp; W intencji parafian \u017cywych i zmar\u0142ych<\/p>\n<p>2.&nbsp;&nbsp;&nbsp;&nbsp;&nbsp;&nbsp; O zdrowie dla Mateusza (ks. go\u015bc)<\/p>\n<p>3.&nbsp;&nbsp;&nbsp;&nbsp;&nbsp;&nbsp; + Emil Piekie\u0142ek od brata Tadeusza (ks. go\u015b\u0107)<\/p>\n<p>4.&nbsp;&nbsp;&nbsp;&nbsp;&nbsp;&nbsp; + Ks. Kazimierz Guzy od pielgrzym\u00f3w do Fatimy (ks. go\u015b\u0107)<\/p>\n<p>5.&nbsp;&nbsp;&nbsp;&nbsp;&nbsp;&nbsp; W intencji pielgrzym\u00f3w do Fatimy i ich rodzin (ks. go\u015b\u0107)<\/td>\n<\/tr>\n<tr>\n<td width=\"76\"><strong>18.00<\/strong><\/td>\n<td width=\"624\">1.&nbsp;&nbsp;&nbsp;&nbsp;&nbsp;&nbsp; + Anna Domino<\/p>\n<p><em>+ Pawe\u0142 Ferenc od koleg\u00f3w i kole\u017canek z by\u0142ej firmy Danex &#8211; Mo\u0142dawia<\/em><\/td>\n<\/tr>\n<\/tbody>\n<\/table>\n<p><strong>NIEDZIELA: 06.07<\/strong><\/p>\n<table width=\"0\">\n<tbody>\n<tr>\n<td width=\"76\"><strong>7.00<\/strong><\/td>\n<td width=\"624\">1.&nbsp;&nbsp;&nbsp;&nbsp;&nbsp;&nbsp; + Stanis\u0142aw Ba\u0142a (6)<\/td>\n<\/tr>\n<tr>\n<td width=\"76\"><strong>9.00<\/strong><\/td>\n<td width=\"624\">1.&nbsp;&nbsp;&nbsp;&nbsp;&nbsp;&nbsp; + Albina Weron w 4 r. \u015bmierci oraz + Henryk i Leszek<\/p>\n<p>2.&nbsp;&nbsp;&nbsp;&nbsp;&nbsp;&nbsp; O b\u0142og. Bo\u017ce dla &nbsp;Beaty i Grzegorza&nbsp; i rodziny w 15-lecie \u015blubu (ks. rodak)<\/td>\n<\/tr>\n<tr>\n<td width=\"76\"><strong>10.30<\/strong><\/td>\n<td width=\"624\">1.&nbsp;&nbsp;&nbsp;&nbsp;&nbsp;&nbsp; + Stefania \u017bmuda w 1 r. \u015bmierci<\/td>\n<\/tr>\n<tr>\n<td width=\"76\"><strong>12.00<\/strong><\/td>\n<td width=\"624\">1.&nbsp;&nbsp;&nbsp;&nbsp;&nbsp;&nbsp; + Grzegorz Myrda od Edyty i Tomasza<\/td>\n<\/tr>\n<tr>\n<td width=\"76\"><strong>16.00<\/strong><\/td>\n<td width=\"624\">+ Krystyna S\u0142owik w 7 r. \u015bmierci<\/td>\n<\/tr>\n<tr>\n<td width=\"76\"><strong>18.00<\/strong><\/td>\n<td width=\"624\">+ Czes\u0142awa (k)&nbsp; i J\u00f3zef Burdasz<\/p>\n<p><em>+ Anna Dudek od rodziny Kura &#8211; Mo\u0142dawia<\/em><\/td>\n<\/tr>\n<\/tbody>\n<\/table>\n","protected":false},"excerpt":{"rendered":"<p>&#8230;<\/p>\n","protected":false},"author":1,"featured_media":144,"comment_status":"closed","ping_status":"open","sticky":false,"template":"","format":"standard","meta":{"ngg_post_thumbnail":0,"footnotes":""},"categories":[4],"tags":[],"class_list":["post-5133","post","type-post","status-publish","format-standard","has-post-thumbnail","hentry","category-intencje"],"_links":{"self":[{"href":"https:\/\/mbsniezna.rzeszow.pl\/index.php\/wp-json\/wp\/v2\/posts\/5133","targetHints":{"allow":["GET"]}}],"collection":[{"href":"https:\/\/mbsniezna.rzeszow.pl\/index.php\/wp-json\/wp\/v2\/posts"}],"about":[{"href":"https:\/\/mbsniezna.rzeszow.pl\/index.php\/wp-json\/wp\/v2\/types\/post"}],"author":[{"embeddable":true,"href":"https:\/\/mbsniezna.rzeszow.pl\/index.php\/wp-json\/wp\/v2\/users\/1"}],"replies":[{"embeddable":true,"href":"https:\/\/mbsniezna.rzeszow.pl\/index.php\/wp-json\/wp\/v2\/comments?post=5133"}],"version-history":[{"count":1,"href":"https:\/\/mbsniezna.rzeszow.pl\/index.php\/wp-json\/wp\/v2\/posts\/5133\/revisions"}],"predecessor-version":[{"id":5134,"href":"https:\/\/mbsniezna.rzeszow.pl\/index.php\/wp-json\/wp\/v2\/posts\/5133\/revisions\/5134"}],"wp:featuredmedia":[{"embeddable":true,"href":"https:\/\/mbsniezna.rzeszow.pl\/index.php\/wp-json\/wp\/v2\/media\/144"}],"wp:attachment":[{"href":"https:\/\/mbsniezna.rzeszow.pl\/index.php\/wp-json\/wp\/v2\/media?parent=5133"}],"wp:term":[{"taxonomy":"category","embeddable":true,"href":"https:\/\/mbsniezna.rzeszow.pl\/index.php\/wp-json\/wp\/v2\/categories?post=5133"},{"taxonomy":"post_tag","embeddable":true,"href":"https:\/\/mbsniezna.rzeszow.pl\/index.php\/wp-json\/wp\/v2\/tags?post=5133"}],"curies":[{"name":"wp","href":"https:\/\/api.w.org\/{rel}","templated":true}]}}