{"id":5195,"date":"2017-10-08T10:14:09","date_gmt":"2017-10-08T08:14:09","guid":{"rendered":"https:\/\/mbsniezna.rzeszow.pl\/?p=5195"},"modified":"2017-10-08T10:14:09","modified_gmt":"2017-10-08T08:14:09","slug":"intencje-mszalne-09-10-2015-15-10-2016-r","status":"publish","type":"post","link":"https:\/\/mbsniezna.rzeszow.pl\/index.php\/2017\/10\/08\/intencje-mszalne-09-10-2015-15-10-2016-r\/","title":{"rendered":"Intencje mszalne 09.10.2015 \u2013 15.10.2016 r."},"content":{"rendered":"<p><strong>Poniedzia\u0142ek: 09.10<\/strong><\/p>\n<table width=\"0\">\n<tbody>\n<tr>\n<td width=\"76\"><strong>7.00<\/strong><\/td>\n<td width=\"624\">1.&nbsp;&nbsp;&nbsp;&nbsp;&nbsp;&nbsp; + Genowefa Tondera (9)<\/td>\n<\/tr>\n<tr>\n<td width=\"76\"><strong>18.00<\/strong><\/td>\n<td width=\"624\">1.&nbsp;&nbsp;&nbsp;&nbsp;&nbsp;&nbsp; + Mieczys\u0142aw Fie\u0144 w 6 r.&nbsp; ++rodziny Fieni\u00f3w (x. go\u015b\u0107)<\/p>\n<p>2.&nbsp;&nbsp;&nbsp;&nbsp;&nbsp;&nbsp; Dzi\u0119kczynna z pro\u015bb\u0105 o Bo\u017ce b\u0142ogos\u0142awie\u0144stwo w 35 r. ma\u0142\u017ce\u0144stwa&nbsp; Heleny i Stanis\u0142awa<\/p>\n<p>3.&nbsp;&nbsp;&nbsp;&nbsp;&nbsp;&nbsp; W intencji pielgrzym\u00f3w do Cz\u0119stochowy i ich rodzin autobus 1 (x. go\u015b\u0107)<\/p>\n<p><em>&nbsp;+ Maria Pasierb od koleg\u00f3w i kole\u017canek Szczepana z Budziwoja \u2013 Mo\u0142dawia<\/em><\/td>\n<\/tr>\n<\/tbody>\n<\/table>\n<p><strong>Wtorek: 10.10<\/strong><\/p>\n<table width=\"0\">\n<tbody>\n<tr>\n<td width=\"76\"><strong>7.00<\/strong><\/td>\n<td width=\"624\">1.&nbsp;&nbsp;&nbsp;&nbsp;&nbsp;&nbsp; + Genowefa Tondera (10)<\/p>\n<p>2.&nbsp;&nbsp;&nbsp;&nbsp;&nbsp;&nbsp; W intencji pielgrzym\u00f3w do Cz\u0119stochowy i &nbsp;ich rodzin autobus 1<\/td>\n<\/tr>\n<tr>\n<td width=\"76\"><strong>18.00<\/strong><\/td>\n<td width=\"624\">1.&nbsp;&nbsp;&nbsp;&nbsp;&nbsp;&nbsp; + Les\u0142aw Gawron (x. go\u015b\u0107)<\/p>\n<p>2.&nbsp;&nbsp;&nbsp;&nbsp;&nbsp;&nbsp; + J\u00f3zef i Marianna Waliccy<\/p>\n<p><em>+ Maria Pasierb o koleg\u00f3w i kole\u017canek Szczepana z dru\u017cyny Grunwald Budziw\u00f3j<\/em><\/td>\n<\/tr>\n<\/tbody>\n<\/table>\n<p><strong>\u015aroda: 11.10<\/strong><\/p>\n<table width=\"0\">\n<tbody>\n<tr>\n<td width=\"76\"><strong>7.00<\/strong><\/td>\n<td width=\"624\">1.&nbsp;&nbsp;&nbsp;&nbsp;&nbsp;&nbsp; + Genowefa Tondera (11)<\/p>\n<p>2.&nbsp;&nbsp;&nbsp;&nbsp;&nbsp;&nbsp; + Gra\u017cyna Pa\u015bkiewicz od s\u0105siadki Aleksandry Bomba<\/td>\n<\/tr>\n<tr>\n<td width=\"76\"><strong>18.00<\/strong><\/td>\n<td width=\"624\">1.&nbsp;&nbsp;&nbsp;&nbsp;&nbsp;&nbsp; Dzi\u0119kczynna z pro\u015bb\u0105 o Bo\u017ce b\u0142ogos\u0142awie\u0144stwo w 10 r. \u015blubu \u0141ukasza i Eweliny<\/p>\n<p>2.&nbsp;&nbsp;&nbsp;&nbsp;&nbsp;&nbsp; Dzi\u0119kczynna za szcz\u0119\u015bliw\u0105 operacje Kingi (x. go\u015b\u0107)<\/p>\n<p>3.&nbsp;&nbsp;&nbsp;&nbsp;&nbsp;&nbsp; + Stefania \u017bmuda od Agnieszki z rodzin\u0105 (x. go\u015b\u0107)<\/p>\n<p><em>+ Maria Pasierb od koleg\u00f3w i kole\u017canek ze szko\u0142y podstawowej &#8211; Mo\u0142dawia<\/em><\/td>\n<\/tr>\n<\/tbody>\n<\/table>\n<p><strong>Czwartek: 12.10<\/strong><\/p>\n<table width=\"0\">\n<tbody>\n<tr>\n<td width=\"76\"><strong>7.00<\/strong><\/td>\n<td width=\"624\">1.&nbsp;&nbsp;&nbsp;&nbsp;&nbsp;&nbsp; + Genowefa Tondera (12)<\/p>\n<p>2.&nbsp;&nbsp;&nbsp;&nbsp;&nbsp;&nbsp; + Gra\u017cyna Pa\u015bkiewicz od Agnieszki i Zbigniewa Koczenasz \u2013 zako\u0144czenie Mszy pogrzeb.<\/p>\n<p>3.&nbsp;&nbsp;&nbsp;&nbsp;&nbsp;&nbsp; + Zdzis\u0142aw Szybka od Danuty Mazur z rodzin\u0105 (x. go\u015b\u0107)<\/td>\n<\/tr>\n<tr>\n<td width=\"76\"><strong>18.00<\/strong><\/td>\n<td width=\"624\">1.&nbsp;&nbsp;&nbsp;&nbsp;&nbsp;&nbsp; + Antoni G\u0142odowski (x. go\u015b\u0107)<\/p>\n<p>2.&nbsp;&nbsp;&nbsp;&nbsp;&nbsp;&nbsp; O Bo\u017ce b\u0142ogos\u0142awie\u0144stwo dla s. Mariam<\/p>\n<p><em>+ Maria Pasierb od koleg\u00f3w i kole\u017canek ze szko\u0142y podstawowej &#8211; Mo\u0142dawia<\/em><\/td>\n<\/tr>\n<\/tbody>\n<\/table>\n<p><strong>Pi\u0105tek: 13.10<\/strong><\/p>\n<table width=\"0\">\n<tbody>\n<tr>\n<td width=\"76\"><strong>7.00<\/strong><\/td>\n<td width=\"624\">1.&nbsp;&nbsp;&nbsp;&nbsp;&nbsp;&nbsp; + Genowefa Tondera (13)<\/p>\n<p>2.&nbsp;&nbsp;&nbsp;&nbsp;&nbsp;&nbsp; + Zofia Jopek od kuzynki Genowefy Filip (x. go\u015b\u0107)<\/td>\n<\/tr>\n<tr>\n<td width=\"76\"><strong>18.00<\/strong><\/td>\n<td width=\"624\">1.&nbsp;&nbsp;&nbsp;&nbsp;&nbsp;&nbsp; + Edward, Stanis\u0142aw, Anna i Karol Mazur (x. go\u015b\u0107)<\/p>\n<p>2.&nbsp;&nbsp;&nbsp;&nbsp;&nbsp;&nbsp; + Krzysztof&nbsp; Wojtachnia w 4 r. \u015bmierci<\/p>\n<p>3.&nbsp;&nbsp;&nbsp;&nbsp;&nbsp;&nbsp; W intencji pielgrzym\u00f3w do Cz\u0119stochowy i ich rodzin \u2013 autobus 2<\/p>\n<p><em>+ Maria Pasierb od koleg\u00f3w syna Darka \u2013 Mo\u0142dawia<\/em><\/td>\n<\/tr>\n<\/tbody>\n<\/table>\n<p><strong>Sobota: 14.10<\/strong><\/p>\n<table width=\"0\">\n<tbody>\n<tr>\n<td width=\"76\"><strong>7.00<\/strong><\/td>\n<td width=\"624\">1.&nbsp;&nbsp;&nbsp;&nbsp;&nbsp;&nbsp; + Genowefa Tondera (14)<\/td>\n<\/tr>\n<tr>\n<td width=\"76\"><strong>18.00<\/strong><\/td>\n<td width=\"624\">1.&nbsp;&nbsp;&nbsp;&nbsp;&nbsp;&nbsp; + Adela Klandyk, Antoni i Katarzyna Jopek (x. go\u015b\u0107)<\/p>\n<p>2.&nbsp;&nbsp;&nbsp;&nbsp;&nbsp;&nbsp; + Piotr i Maria Gawe\u0142, W\u0142adys\u0142aw Ferenc (x. go\u015b\u0107)<\/p>\n<p>3.&nbsp;&nbsp;&nbsp;&nbsp;&nbsp;&nbsp; + Les\u0142aw Gawron<\/p>\n<p><em>+ Maria Pasierb od koleg\u00f3w syna Darka &#8211; Mo\u0142dawia<\/em><\/td>\n<\/tr>\n<\/tbody>\n<\/table>\n<p><strong>NIEDZIELA: 15.10<\/strong><\/p>\n<table width=\"0\">\n<tbody>\n<tr>\n<td width=\"76\"><strong>7.00<\/strong><\/td>\n<td width=\"624\">+ Henryk Jakubiec w 18 r. \u015bmierci<\/td>\n<\/tr>\n<tr>\n<td width=\"76\"><strong>9.00<\/strong><\/td>\n<td width=\"624\">1.&nbsp;&nbsp;&nbsp;&nbsp;&nbsp;&nbsp; + Emilia i J\u00f3zef Ziemniak (x. rodak)<\/p>\n<p>2.&nbsp;&nbsp;&nbsp;&nbsp;&nbsp;&nbsp; W intencji \u017cywych&nbsp; zmar\u0142ych si\u00f3str z r\u00f3\u017cy Teresy Basiura<\/td>\n<\/tr>\n<tr>\n<td width=\"76\"><strong>10.30<\/strong><\/td>\n<td width=\"624\">+ Franciszek , J\u00f3zef, Tomasz i Joanna Nalepa<\/td>\n<\/tr>\n<tr>\n<td width=\"76\"><strong>12.00<\/strong><\/td>\n<td width=\"624\">1.&nbsp;&nbsp;&nbsp;&nbsp;&nbsp;&nbsp; + Marian, Micha\u0142, Helena Skiba<\/p>\n<p>2.&nbsp;&nbsp;&nbsp;&nbsp;&nbsp;&nbsp; + W intencji Piotra i Ma\u0142gorzaty w 20 r. \u015blubu (x. go\u015b\u0107)<\/p>\n<p>3.&nbsp;&nbsp;&nbsp;&nbsp;&nbsp;&nbsp; + Beata Praso\u0142 od narzeczonego Toniego z rodzin\u0105 (x. go\u015b\u0107)<\/td>\n<\/tr>\n<tr>\n<td width=\"76\"><strong>16.00<\/strong><\/td>\n<td width=\"624\">+ Genowefa Tondera (15)<\/td>\n<\/tr>\n<tr>\n<td width=\"76\"><strong>18.00<\/strong><\/td>\n<td width=\"624\">+ Justyna Tobiasz &nbsp;od Krystyny i Adama Tobiasz<\/p>\n<p><em>+ Maria Pasierb od koleg\u00f3w i kole\u017canek z pracy m\u0119\u017ca- Mo\u0142dawia<\/em><\/td>\n<\/tr>\n<\/tbody>\n<\/table>\n","protected":false},"excerpt":{"rendered":"<p>&#8230;<\/p>\n","protected":false},"author":1,"featured_media":4412,"comment_status":"closed","ping_status":"open","sticky":false,"template":"","format":"standard","meta":{"ngg_post_thumbnail":0,"footnotes":""},"categories":[4],"tags":[],"class_list":["post-5195","post","type-post","status-publish","format-standard","has-post-thumbnail","hentry","category-intencje"],"_links":{"self":[{"href":"https:\/\/mbsniezna.rzeszow.pl\/index.php\/wp-json\/wp\/v2\/posts\/5195","targetHints":{"allow":["GET"]}}],"collection":[{"href":"https:\/\/mbsniezna.rzeszow.pl\/index.php\/wp-json\/wp\/v2\/posts"}],"about":[{"href":"https:\/\/mbsniezna.rzeszow.pl\/index.php\/wp-json\/wp\/v2\/types\/post"}],"author":[{"embeddable":true,"href":"https:\/\/mbsniezna.rzeszow.pl\/index.php\/wp-json\/wp\/v2\/users\/1"}],"replies":[{"embeddable":true,"href":"https:\/\/mbsniezna.rzeszow.pl\/index.php\/wp-json\/wp\/v2\/comments?post=5195"}],"version-history":[{"count":1,"href":"https:\/\/mbsniezna.rzeszow.pl\/index.php\/wp-json\/wp\/v2\/posts\/5195\/revisions"}],"predecessor-version":[{"id":5196,"href":"https:\/\/mbsniezna.rzeszow.pl\/index.php\/wp-json\/wp\/v2\/posts\/5195\/revisions\/5196"}],"wp:featuredmedia":[{"embeddable":true,"href":"https:\/\/mbsniezna.rzeszow.pl\/index.php\/wp-json\/wp\/v2\/media\/4412"}],"wp:attachment":[{"href":"https:\/\/mbsniezna.rzeszow.pl\/index.php\/wp-json\/wp\/v2\/media?parent=5195"}],"wp:term":[{"taxonomy":"category","embeddable":true,"href":"https:\/\/mbsniezna.rzeszow.pl\/index.php\/wp-json\/wp\/v2\/categories?post=5195"},{"taxonomy":"post_tag","embeddable":true,"href":"https:\/\/mbsniezna.rzeszow.pl\/index.php\/wp-json\/wp\/v2\/tags?post=5195"}],"curies":[{"name":"wp","href":"https:\/\/api.w.org\/{rel}","templated":true}]}}