{"id":5237,"date":"2017-11-25T23:35:23","date_gmt":"2017-11-25T22:35:23","guid":{"rendered":"https:\/\/mbsniezna.rzeszow.pl\/?p=5237"},"modified":"2017-11-25T23:35:23","modified_gmt":"2017-11-25T22:35:23","slug":"intencje-mszalne-27-11-2017-03-12-2017-r","status":"publish","type":"post","link":"https:\/\/mbsniezna.rzeszow.pl\/index.php\/2017\/11\/25\/intencje-mszalne-27-11-2017-03-12-2017-r\/","title":{"rendered":"Intencje mszalne 27.11.2017 \u2013 03.12.2017 r."},"content":{"rendered":"<p><strong>Poniedzia\u0142ek: 27.11<\/strong><\/p>\n<table width=\"0\">\n<tbody>\n<tr>\n<td width=\"76\"><strong>7.00<\/strong><\/td>\n<td width=\"624\">1.&nbsp;&nbsp;&nbsp;&nbsp;&nbsp;&nbsp;&nbsp; + Zofia Bochenek (27)<\/td>\n<\/tr>\n<tr>\n<td width=\"76\"><strong>18.00<\/strong><\/td>\n<td width=\"624\">1.&nbsp;&nbsp;&nbsp;&nbsp;&nbsp;&nbsp;&nbsp; + O Bo\u017ce b\u0142ogos\u0142awie\u0144stwo dla Weroniki w 18 urodziny (x. go\u015b\u0107)<\/p>\n<p>2.&nbsp;&nbsp;&nbsp;&nbsp;&nbsp;&nbsp;&nbsp; + Stanis\u0142awa (k) Ziemniak od s\u0105siad\u00f3w syna<\/p>\n<p>3.&nbsp;&nbsp;&nbsp;&nbsp;&nbsp;&nbsp;&nbsp; + W\u0142adys\u0142aw Kot od rodziny Madej\u00f3w<\/p>\n<p><em>+ Anna Piekie\u0142ek od koleg\u00f3w z ZGO \u2013 Mo\u0142dawia<\/em><\/p>\n<p><em>+ Stanis\u0142aw Bo\u017cek od rodziny Samek z Bia\u0142ki \u2013 Tarnoszyn<\/em><\/td>\n<\/tr>\n<\/tbody>\n<\/table>\n<p><strong>Wtorek: 28.11<\/strong><\/p>\n<table width=\"0\">\n<tbody>\n<tr>\n<td width=\"76\"><strong>7.00<\/strong><\/td>\n<td width=\"624\">1.&nbsp;&nbsp;&nbsp;&nbsp;&nbsp;&nbsp;&nbsp; + Cecylia, Maria i Stanis\u0142aw Szczygie\u0142<\/p>\n<p>2.&nbsp;&nbsp;&nbsp;&nbsp;&nbsp;&nbsp;&nbsp; + Stefania \u017bmuda od Stanis\u0142awy \u017bmuda z rodz. (x. go\u015b\u0107)<\/td>\n<\/tr>\n<tr>\n<td width=\"76\"><strong>18.00<\/strong><\/td>\n<td width=\"624\">1.&nbsp;&nbsp;&nbsp;&nbsp;&nbsp;&nbsp;&nbsp; + Zofia Bochenek (28)<\/p>\n<p>2.&nbsp;&nbsp;&nbsp;&nbsp;&nbsp;&nbsp;&nbsp; + Pawe\u0142 Ferenc od \u017cony Danuty<\/p>\n<p>3.&nbsp;&nbsp;&nbsp;&nbsp;&nbsp;&nbsp;&nbsp; + Anna Dudek od S\u0142owik\u00f3w (x. go\u015b\u0107)<\/p>\n<p><em>+ Anna Piekie\u0142ek od koleg\u00f3w z ZGO \u2013 Mo\u0142dawia<\/em><\/p>\n<p><em>+ Stanis\u0142aw Bo\u017cek od rodziny Fornal z Hermanowej &#8211; Tarnoszyn<\/em><\/td>\n<\/tr>\n<\/tbody>\n<\/table>\n<p><strong>\u015aroda: 29.11<\/strong><\/p>\n<table width=\"0\">\n<tbody>\n<tr>\n<td width=\"76\"><strong>7.00<\/strong><\/td>\n<td width=\"624\">1.&nbsp;&nbsp;&nbsp;&nbsp;&nbsp;&nbsp;&nbsp; + Teresa Szczygie\u0142<\/p>\n<p>2.&nbsp;&nbsp;&nbsp;&nbsp;&nbsp;&nbsp;&nbsp; + Stanis\u0142awa Pitera od rodz. Piter\u00f3w z Siedlisk (x. go\u015b\u0107)<\/td>\n<\/tr>\n<tr>\n<td width=\"76\"><strong>18.00<\/strong><\/td>\n<td width=\"624\">1.&nbsp;&nbsp;&nbsp;&nbsp;&nbsp;&nbsp;&nbsp; + Zofia Bochenek (29)<\/p>\n<p>2.&nbsp;&nbsp;&nbsp;&nbsp;&nbsp;&nbsp;&nbsp; W intencji zmar\u0142ych polecanych w tegorocznych wypominkach (x. go\u015b\u0107)<\/p>\n<p>3.&nbsp;&nbsp;&nbsp;&nbsp;&nbsp;&nbsp;&nbsp; + Grzegorz Myrda od Wioletty i Konrada (x. go\u015b\u0107)<\/p>\n<p>4.&nbsp;&nbsp;&nbsp;&nbsp;&nbsp;&nbsp;&nbsp; + Mieczys\u0142aw Basiura od \u017cony<\/p>\n<p><em>+ Anna Piekie\u0142ek od koleg\u00f3w z ZGO \u2013 Mo\u0142dawia<\/em><\/p>\n<p><em>&nbsp;Stanis\u0142aw Bo\u017cek od rodziny Siwc\u00f3w z Borku Nowego \u2013 Tarnoszyn<\/em><\/td>\n<\/tr>\n<\/tbody>\n<\/table>\n<p><strong>Czwartek: 30.11<\/strong><\/p>\n<table width=\"0\">\n<tbody>\n<tr>\n<td width=\"76\"><strong>7.00<\/strong><\/td>\n<td width=\"624\">1.&nbsp;&nbsp;&nbsp;&nbsp;&nbsp;&nbsp;&nbsp; + Zofia Bochenek (30) \u2013 zako\u0144czenie Mszy gregoria\u0144skich<\/p>\n<p>2.&nbsp;&nbsp;&nbsp;&nbsp;&nbsp;&nbsp;&nbsp; + Stanis\u0142aw Ba\u0142a od rodz. Kyc (x. go\u015b\u0107)<\/td>\n<\/tr>\n<tr>\n<td width=\"76\"><strong>18.00<\/strong><\/td>\n<td width=\"624\">1.&nbsp;&nbsp;&nbsp;&nbsp;&nbsp;&nbsp;&nbsp; W intencji zmar\u0142ych polecanych w tegorocznych wypominkach<\/p>\n<p>2.&nbsp;&nbsp;&nbsp;&nbsp;&nbsp;&nbsp;&nbsp; + El\u017cbieta P\u0105czek od Zbigniewa i Marty Filip<\/p>\n<p>3.&nbsp;&nbsp;&nbsp;&nbsp;&nbsp;&nbsp;&nbsp; + Andrzej Procyk od rodz. Matu\u0142\u00f3w (x. go\u015b\u0107)<\/p>\n<p><em>+ Anna Piekie\u0142ek od koleg\u00f3w z ZGO \u2013 Mo\u0142dawia<\/em><\/p>\n<p><em>+ Stanis\u0142aw Bo\u017cek od rodziny Stach\u00f3w z B\u0142a\u017cowej \u2013 Tarnoszyn<\/em><\/td>\n<\/tr>\n<\/tbody>\n<\/table>\n<p><strong>Pi\u0105tek: 01.12<\/strong><\/p>\n<table width=\"0\">\n<tbody>\n<tr>\n<td width=\"76\"><strong>7.00<\/strong><\/td>\n<td width=\"624\">&nbsp;&nbsp;&nbsp;&nbsp;&nbsp;&nbsp; 1. +Anna Grzebyk od rodz. G\u0142odowskich<\/p>\n<p>&nbsp;&nbsp;&nbsp;&nbsp;&nbsp;&nbsp; 2 + Julia Szczoczarz od wnuka Jacka z rodz.<\/p>\n<p>&nbsp;&nbsp;&nbsp;&nbsp;&nbsp;&nbsp; 3 + Maria Borowiec od&nbsp; rodz. Warzybok\u00f3w (x. go\u015b\u0107)<\/td>\n<\/tr>\n<tr>\n<td width=\"76\"><strong>18.00<\/strong><\/td>\n<td width=\"624\">1.&nbsp;&nbsp;&nbsp;&nbsp;&nbsp;&nbsp;&nbsp; + W\u0142adys\u0142aw Kozik (1) \u2013 rozpocz\u0119cie Mszy gregoria\u0144skich<\/p>\n<p>2.&nbsp;&nbsp;&nbsp;&nbsp;&nbsp;&nbsp;&nbsp; Wynagradzaj\u0105ca Sercu Pana Jezusa za grzechy \u015bwiata od Olgi Kotula (x. go\u015b\u0107)<\/p>\n<p><em>+ Anna Piekie\u0142ek od koleg\u00f3w syna Szymka ze Szko\u0142y Podstawowej \u2013 Lw\u00f3w<\/em><\/p>\n<p><em>+ Anna Piekie\u0142ek od koleg\u00f3w z ZGO \u2013 Mo\u0142dawia<\/em><\/p>\n<p><em>+ Stanis\u0142aw Bo\u017cek od rodziny z Francji \u2013 Tarnoszyn<\/em><\/td>\n<\/tr>\n<\/tbody>\n<\/table>\n<p><strong>Sobota: 02.12<\/strong><\/p>\n<table width=\"0\">\n<tbody>\n<tr>\n<td width=\"76\"><strong>7.00<\/strong><\/td>\n<td width=\"624\">1.&nbsp;&nbsp;&nbsp;&nbsp;&nbsp;&nbsp;&nbsp; + Stanis\u0142aw Kotula od rodz. Dep\u00f3w<\/td>\n<\/tr>\n<tr>\n<td width=\"76\"><strong>18.00<\/strong><\/td>\n<td width=\"624\">1.&nbsp;&nbsp;&nbsp;&nbsp;&nbsp;&nbsp;&nbsp; + W\u0142adys\u0142aw Kozik (2)<\/p>\n<p>2.&nbsp;&nbsp;&nbsp;&nbsp;&nbsp;&nbsp;&nbsp; + Aniela Pi\u0119ta (x. go\u015b\u0107)<\/p>\n<p>3.&nbsp;&nbsp;&nbsp;&nbsp;&nbsp;&nbsp;&nbsp; + Beata Praso\u0142 od rodz.&nbsp; Borowskich<\/p>\n<p><em>+ Anna Piekie\u0142ek od rodziny Dubieli i Piekie\u0142ek \u2013 Lw\u00f3w<\/em><\/p>\n<p><em>+ Anna Piekie\u0142ek od rodziny Sie\u0144ko z Nieborowa \u2013 Mo\u0142dawia<\/em><\/p>\n<p><em>+ Stanis\u0142aw Bo\u017cek od rodziny Pr\u0119dkich z Hermanowej \u2013 Tarnoszyn<\/em><\/td>\n<\/tr>\n<\/tbody>\n<\/table>\n<p><strong>NIEDZIELA: 03.12<\/strong><\/p>\n<table width=\"0\">\n<tbody>\n<tr>\n<td width=\"76\"><strong>7.00<\/strong><\/td>\n<td width=\"624\">1.&nbsp;&nbsp;&nbsp;&nbsp;&nbsp;&nbsp;&nbsp; + W\u0142adys\u0142aw i Zofia Ko\u0142wa<\/td>\n<\/tr>\n<tr>\n<td width=\"76\"><strong>9.00<\/strong><\/td>\n<td width=\"624\">1.&nbsp;&nbsp;&nbsp;&nbsp;&nbsp;&nbsp;&nbsp; O zdrowie duszy i cia\u0142a dla rodziny bli\u017cszej i dalszej (x. rodak)<\/p>\n<p>2.&nbsp;&nbsp;&nbsp;&nbsp;&nbsp;&nbsp;&nbsp; + W\u0142adys\u0142aw Kozik (3)<\/td>\n<\/tr>\n<tr>\n<td width=\"76\"><strong>10.30<\/strong><\/td>\n<td width=\"624\">1.&nbsp;&nbsp;&nbsp;&nbsp;&nbsp;&nbsp;&nbsp; + Anna Dudek w 1 r. \u015bmierci<\/td>\n<\/tr>\n<tr>\n<td width=\"76\"><strong>12.00<\/strong><\/td>\n<td width=\"624\">1.&nbsp;&nbsp;&nbsp;&nbsp;&nbsp;&nbsp;&nbsp; + Ks. K. Guzy w rocznice \u015bmierci<\/td>\n<\/tr>\n<tr>\n<td width=\"76\"><strong>16.00<\/strong><\/td>\n<td width=\"624\">+ Florian Lis od syna Adriana z rodzin\u0105<\/td>\n<\/tr>\n<tr>\n<td width=\"76\"><strong>18.00<\/strong><\/td>\n<td width=\"624\">+ Andrzej Szymkowski od syn\u00f3w Micha\u0142a i \u0141ukasza<\/p>\n<p><em>+ Anna Piekie\u0142ek od Stanis\u0142awa R\u00f3g z Trzciany \u2013 Mo\u0142dawia<\/em><\/p>\n<p><em>+Anna Piekie\u0142ek od rodziny Dubieli i Pr\u0119dkich \u2013 Lw\u00f3w<\/em><\/p>\n<p><em>+ Stanis\u0142aw Bo\u017cek od rodziny Pustelak\u00f3w z Hermanowej &#8211; Tarnoszyn<\/em><\/td>\n<\/tr>\n<\/tbody>\n<\/table>\n<p><strong>&nbsp;<\/strong><\/p>\n","protected":false},"excerpt":{"rendered":"<p>&#8230;<\/p>\n","protected":false},"author":1,"featured_media":4412,"comment_status":"closed","ping_status":"open","sticky":false,"template":"","format":"standard","meta":{"ngg_post_thumbnail":0,"footnotes":""},"categories":[4],"tags":[],"class_list":["post-5237","post","type-post","status-publish","format-standard","has-post-thumbnail","hentry","category-intencje"],"_links":{"self":[{"href":"https:\/\/mbsniezna.rzeszow.pl\/index.php\/wp-json\/wp\/v2\/posts\/5237","targetHints":{"allow":["GET"]}}],"collection":[{"href":"https:\/\/mbsniezna.rzeszow.pl\/index.php\/wp-json\/wp\/v2\/posts"}],"about":[{"href":"https:\/\/mbsniezna.rzeszow.pl\/index.php\/wp-json\/wp\/v2\/types\/post"}],"author":[{"embeddable":true,"href":"https:\/\/mbsniezna.rzeszow.pl\/index.php\/wp-json\/wp\/v2\/users\/1"}],"replies":[{"embeddable":true,"href":"https:\/\/mbsniezna.rzeszow.pl\/index.php\/wp-json\/wp\/v2\/comments?post=5237"}],"version-history":[{"count":1,"href":"https:\/\/mbsniezna.rzeszow.pl\/index.php\/wp-json\/wp\/v2\/posts\/5237\/revisions"}],"predecessor-version":[{"id":5238,"href":"https:\/\/mbsniezna.rzeszow.pl\/index.php\/wp-json\/wp\/v2\/posts\/5237\/revisions\/5238"}],"wp:featuredmedia":[{"embeddable":true,"href":"https:\/\/mbsniezna.rzeszow.pl\/index.php\/wp-json\/wp\/v2\/media\/4412"}],"wp:attachment":[{"href":"https:\/\/mbsniezna.rzeszow.pl\/index.php\/wp-json\/wp\/v2\/media?parent=5237"}],"wp:term":[{"taxonomy":"category","embeddable":true,"href":"https:\/\/mbsniezna.rzeszow.pl\/index.php\/wp-json\/wp\/v2\/categories?post=5237"},{"taxonomy":"post_tag","embeddable":true,"href":"https:\/\/mbsniezna.rzeszow.pl\/index.php\/wp-json\/wp\/v2\/tags?post=5237"}],"curies":[{"name":"wp","href":"https:\/\/api.w.org\/{rel}","templated":true}]}}