{"id":5253,"date":"2017-12-17T12:34:57","date_gmt":"2017-12-17T11:34:57","guid":{"rendered":"https:\/\/mbsniezna.rzeszow.pl\/?p=5253"},"modified":"2017-12-17T12:34:57","modified_gmt":"2017-12-17T11:34:57","slug":"ogloszenia-na-iii-niedziele-adwentu-17-12-2017-r","status":"publish","type":"post","link":"https:\/\/mbsniezna.rzeszow.pl\/index.php\/2017\/12\/17\/ogloszenia-na-iii-niedziele-adwentu-17-12-2017-r\/","title":{"rendered":"Og\u0142oszenia na III Niedziel\u0119 Adwentu, 17.12.2017 r."},"content":{"rendered":"<p>III NIEDZIELA ADWENTU \u2013 OG\u0141OSZENIA<br \/>\n17 GRUDNIA 2017 R.<\/p>\n<p>1.\tW tygodniu Msze \u015bw. roratnie z Nowenn\u0105 do Dzieci\u0105tka Jezus o 18.00. Zapraszamy wszystkich, a zw\u0142aszcza m\u0119\u017cczyzn i dzieci z lampionami.<\/p>\n<p>2.\tSpotkania dla rodzic\u00f3w kandydat\u00f3w do bierzmowania z III klas gimnazjum: w poniedzia\u0142ek rodzice kandydat\u00f3w o nazwiskach od A do L, we wtorek rodzice kandydat\u00f3w o nazwiskach od M do Z. Spotkania b\u0119d\u0105 o 19.00 w salce pod ko\u015bcio\u0142em.<\/p>\n<p>3.\tWe wtorek o 13.00 pogrzeb \u015bp. Janusza Bury z ul. Miejskiej.<\/p>\n<p>4.\tW czwartek adoracja od 17.15.<\/p>\n<p>5.\tPrzed\u015bwi\u0105teczne pr\u00f3by scholii b\u0119d\u0105 w czwartek i pi\u0105tek o godz. 19.00 w budynku przedszkola. Zapraszamy wszystkie scholanki. Prosimy o przybycie tak\u017ce dawne cz\u0142onkinie scholii.<\/p>\n<p>6.\tW pi\u0105tek dzie\u0144 spowiedzi adwentowej w naszej parafii. O 9.00 nabo\u017ce\u0144stwo pokutne w kt\u00f3rym staramy si\u0119 uczestniczy\u0107, spowied\u017a od 9.30 do 12.00 z przerw\u0105 od 10.30 do 11.00, za\u015b po po\u0142udniu spowied\u017a od 16.00 do 18.00 z przerw\u0105 od 17.00 do 17.30. Nie odk\u0142adajmy spowiedzi, b\u0119dzie 20 spowiednik\u00f3w. Pami\u0119tajmy, aby mie\u0107 ze sob\u0105 ksi\u0105\u017ceczk\u0119 do nabo\u017ce\u0144stwa \u2013 potrzebna do zrobienia rachunku sumienia i odprawienia pokuty.<\/p>\n<p>7.\tW pi\u0105tek zaopatrzymy chorych na \u015bwi\u0119ta: o 8.45 Villa Seniora, a nast\u0119pnie chorzy po domach wg sta\u0142ego porz\u0105dku. Prosimy chorych zg\u0142asza\u0107 w zakrystii do czwartku.<\/p>\n<p>8.\tW sobot\u0119 u nas spowiedzi nie b\u0119dzie bo ca\u0142y dzie\u0144 spowiadamy w Tyczynie.<\/p>\n<p>9.\tPrzysz\u0142a IV Niedziela Adwentu jest jednocze\u015bnie Wigili\u0105 Bo\u017cego Narodzenia. Msze \u015bw. b\u0119d\u0105 tylko do po\u0142udnia. Na wieczerzy wigilijnej zachowajmy wstrzemi\u0119\u017aliwo\u015b\u0107 od mi\u0119sa i alkoholu. R\u00f3\u017caniec r\u00f3\u017ca Olgi Kotula. Po Msza \u015bw. b\u0119dzie mo\u017cna zabra\u0107 Betlejemskie \u015awiate\u0142ko Pokoju.<\/p>\n<p>10.\tZapowiedzi: Wojciech Giero\u0144-Kamila Drewniak (zap. III).<\/p>\n<p>11.\tB\u00f3g zap\u0142a\u0107 za ofiary na sprz\u0105tanie i wystr\u00f3j ko\u015bcio\u0142a. W tym tygodniu z ul. Herbowej prosimy rodziny: Alicji Drabek, Magdaleny Zamorskiej, Agnieszki Machnica, Aleksandry P\u00f3\u0142torak, Karoliny Raichel, Mateusza Paziurny, Aleksandry Oppenauer, Michaliny Gromadzkiej-R\u00f3g, Jadwigi Szklarz \u2013Michalicha.<\/p>\n<p>12.\tW zakrystii mo\u017cemy zaopatrzy\u0107 si\u0119 w op\u0142atki na st\u00f3\u0142 wigilijny. Dobrowolne ofiary przeznaczone s\u0105 na ogrzewanie ko\u015bcio\u0142a.<\/p>\n<p>13.\tDzisiaj ko\u0144czymy zbi\u00f3rk\u0119 s\u0142odyczy dla dzieci z Domu Dziecka przy ul. Budziwojskiej. B\u00f3g zap\u0142a\u0107 wszystkim ofiarodawcom.<\/p>\n<p>14.\tDzisiaj w Domu Kultury \u201eBudziw\u00f3j\u201d w godz. od 10 do 16.00 odbywa si\u0119 \u201eI Budziwojski Kiermasz Bo\u017conarodzeniowy\u201d.<\/p>\n<p>15.\tSpo\u0142eczny Komitet Budowy \u0141uku Triumfalnego dla uczczenia 100-lecia odzyskania przez Polsk\u0119 Niepodleg\u0142o\u015bci i upami\u0119tnienia bohaterstwa 22 Strzelc\u00f3w Budziwojskich wystosowa\u0142 komunikat do mieszka\u0144c\u00f3w Osiedla, w kt\u00f3rym zaprasza do wsp\u00f3\u0142pracy poprzez dostarczenie zdj\u0119\u0107, dokument\u00f3w, list\u00f3w i odznacze\u0144 strzelc\u00f3w. S\u0105 te\u017c pytania odno\u015bnie losu dokumentu podpisanego przez strzelc\u00f3w tu\u017c przed wymarszem, kt\u00f3ry p\u00f3\u017aniej odnaleziono za o\u0142tarzem oraz odznacze\u0144 wojskowych, kt\u00f3re jaki\u015b czas by\u0142y zdeponowane w ko\u015bciele. Komunikat jest w gablocie i na parafialnym FB.<\/p>\n<p>OG\u0141OSZENIA DIECEZJALNE<\/p>\n<p>1. Duszpasterstwo Ludzi Pracy Diecezji Rzeszowskiej zaprasza we wtorek, 19 grudnia, na godz. 17.00 do ko\u015bcio\u0142a b\u0142. ks. Jerzego Popie\u0142uszki, przy ul. Solidarno\u015bci w Rzeszowie, na Msz\u0119 \u015bw. wotywn\u0105 oraz nowenn\u0119 za Ojczyzn\u0119 przez wstawiennictwo b\u0142. ks. Jerzego Popie\u0142uszki, po\u0142\u0105czon\u0105 z uczczeniem Jego relikwii. Bezpo\u015brednio po Mszy \u015bw. odb\u0119dzie si\u0119 konferencja: \u201eAktualno\u015b\u0107 nauczania b\u0142. ks. Jerzego Popie\u0142uszki na temat pracy w \u015bwietle Biblii\u201d. Mszy \u015bw. przewodniczy\u0142 b\u0119dzie i konferencj\u0119 wyg\u0142osi ks. dr Marek Dzik, Rektor Uniwersytetu Trzeciego Wieku i Dyrektor Studium Biblijnego Diecezji Rzeszowskiej. <\/p>\n<p>2.W pi\u0105tek, 22 grudnia o godz. 15.00 na rzeszowskim Rynku odb\u0119dzie si\u0119 misterium Wigilii Bo\u017cego Narodzenia organizowane przez Miasto. W programie: wsp\u00f3lne \u017cyczenia, \u017cywa szopka, oraz \u015bwi\u0105teczne \u015bpiewanie z dzie\u0107mi z zespo\u0142u \u201eGabcia i przyjaciele\u201d oraz z Centrum Sztuki Wokalnej.  W programie tak\u017ce pokaz sztucznych ogni i  kosztowanie potraw wigilijnych. Serdecznie zapraszamy.<\/p>\n<p>3.Duszpasterstwo Rodzin i Ruchy Obrony \u017bycia zapraszaj\u0105 na XIV Marsz za \u017byciem w Rzeszowie,<br \/>\nw \u015awi\u0119to M\u0142odziank\u00f3w, 28 grudnia. Rozpocz\u0119cie o godz. 17.15 przy pomniku dzieci nienarodzonych na Starym Cmentarzu, nast\u0119pnie u OO. Bernardyn\u00f3w o godz. 18.00 zostanie przedstawiony program s\u0142owno-muzyczny w wykonaniu m\u0142odzie\u017cy,  a o godz. 18.30 b\u0119dzie odprawiona uroczysta Msza \u015bw. Zapraszamy.<\/p>\n<p>4.Dom Diecezjalny Tabor zaprasza 2 stycznia 2018 roku na godz. 19.00 na koncert Macieja Miecznikowskiego. B\u0119dzie to czas wys\u0142uchania najpi\u0119kniejszych polskich i \u015bwiatowych kol\u0119d  oraz piosenek zwi\u0105zanych ze \u015bwi\u0119tami Bo\u017cego Narodzenia, a tak\u017ce wsp\u00f3lnego kol\u0119dowania. Bilety w cenie 30 z\u0142 do nabycia w D.D. Tabor od poniedzia\u0142ku do pi\u0105tku w godzinach 8.00-20.00. Zapraszamy   <\/p>\n","protected":false},"excerpt":{"rendered":"<p>&#8230;<\/p>\n","protected":false},"author":1,"featured_media":4507,"comment_status":"closed","ping_status":"open","sticky":false,"template":"","format":"standard","meta":{"ngg_post_thumbnail":0,"footnotes":""},"categories":[14],"tags":[],"class_list":["post-5253","post","type-post","status-publish","format-standard","has-post-thumbnail","hentry","category-ogloszenia_duszp"],"_links":{"self":[{"href":"https:\/\/mbsniezna.rzeszow.pl\/index.php\/wp-json\/wp\/v2\/posts\/5253","targetHints":{"allow":["GET"]}}],"collection":[{"href":"https:\/\/mbsniezna.rzeszow.pl\/index.php\/wp-json\/wp\/v2\/posts"}],"about":[{"href":"https:\/\/mbsniezna.rzeszow.pl\/index.php\/wp-json\/wp\/v2\/types\/post"}],"author":[{"embeddable":true,"href":"https:\/\/mbsniezna.rzeszow.pl\/index.php\/wp-json\/wp\/v2\/users\/1"}],"replies":[{"embeddable":true,"href":"https:\/\/mbsniezna.rzeszow.pl\/index.php\/wp-json\/wp\/v2\/comments?post=5253"}],"version-history":[{"count":1,"href":"https:\/\/mbsniezna.rzeszow.pl\/index.php\/wp-json\/wp\/v2\/posts\/5253\/revisions"}],"predecessor-version":[{"id":5254,"href":"https:\/\/mbsniezna.rzeszow.pl\/index.php\/wp-json\/wp\/v2\/posts\/5253\/revisions\/5254"}],"wp:featuredmedia":[{"embeddable":true,"href":"https:\/\/mbsniezna.rzeszow.pl\/index.php\/wp-json\/wp\/v2\/media\/4507"}],"wp:attachment":[{"href":"https:\/\/mbsniezna.rzeszow.pl\/index.php\/wp-json\/wp\/v2\/media?parent=5253"}],"wp:term":[{"taxonomy":"category","embeddable":true,"href":"https:\/\/mbsniezna.rzeszow.pl\/index.php\/wp-json\/wp\/v2\/categories?post=5253"},{"taxonomy":"post_tag","embeddable":true,"href":"https:\/\/mbsniezna.rzeszow.pl\/index.php\/wp-json\/wp\/v2\/tags?post=5253"}],"curies":[{"name":"wp","href":"https:\/\/api.w.org\/{rel}","templated":true}]}}