{"id":5266,"date":"2017-12-30T22:25:07","date_gmt":"2017-12-30T21:25:07","guid":{"rendered":"https:\/\/mbsniezna.rzeszow.pl\/?p=5266"},"modified":"2017-12-30T22:30:15","modified_gmt":"2017-12-30T21:30:15","slug":"ogloszenia-na-niedziele-swietej-rodziny-31-12-2017-r","status":"publish","type":"post","link":"https:\/\/mbsniezna.rzeszow.pl\/index.php\/2017\/12\/30\/ogloszenia-na-niedziele-swietej-rodziny-31-12-2017-r\/","title":{"rendered":"Og\u0142oszenia na Niedziel\u0119 \u015awi\u0119tej Rodziny, 31.12.2017 r."},"content":{"rendered":"<p>NIEDZIELA \u015aWI\u0118TEJ RODZINY \u2013 ZAKO\u0143CZENIE STAREGO ROKU<br \/>\n31 GRUDNIA 2017 R.<\/p>\n<p>1.\tDzisiaj nie ma Mszy \u015bw. popo\u0142udniowych,  o 14.00 pogrzeb \u015bp. Stefana Rzeszutko z ul. Nadziei.<\/p>\n<p>2.\tJutro Nowy Rok \u2013 Uroczysto\u015b\u0107 \u015awi\u0119tej Bo\u017cej Rodzicielki \u2013 porz\u0105dek Mszy \u015bw. niedzielny.<\/p>\n<p>3.\tI czwartek miesi\u0105ca, adoracja od 17.15 \u2013 nie b\u0119dzie spowiedzi.<\/p>\n<p>4.\tI pi\u0105tek miesi\u0105ca: 6.30 spowied\u017a, 8.45 wyjazd do chorych w Villa Seniora, nast\u0119pnie do chorych po domach, 16.30 spowied\u017a \u2013 komunia o 17.00 i 17.30, 18.00 Msza \u015bw. z nabo\u017ce\u0144stwem do Bo\u017cego Serca.<\/p>\n<p>5.\tW sobot\u0119 Uroczysto\u015b\u0107 Objawienia Pa\u0144skiego \u2013 \u015awi\u0119to trzech Kr\u00f3li \u2013 porz\u0105dek Mszy \u015bw. niedzielny, na ka\u017cdej Mszy \u015bw. po\u015bwi\u0119cenie kadzid\u0142a i kredy \u2013 darmowe porcje b\u0119d\u0105 wystawione przed o\u0142tarzem.<\/p>\n<p>6.\tNiedziela \u2013 \u015awi\u0119to chrztu Pa\u0144skiego \u2013 na ka\u017cdej Mszy \u015bw. aspersja i odnowienie przyrzecze\u0144 chrzcielnych. Po prymarii zmiana tajemnic r\u00f3\u017ca\u0144cowych.<\/p>\n<p>7.\tW okresie kol\u0119dy kancelaria parafialna czynna tylko rano od 8.00 do 8.30.<\/p>\n<p>8.\tB\u00f3g zap\u0142a\u0107 za ofiary na sprz\u0105tanie ko\u015bcio\u0142a, w tym tygodniu z ul. Pogodne wzg\u00f3rze prosimy rodziny: Teresy Syno\u015b, Beaty Malak, Anety Rybak, Beaty Mianowskiej, Aliny Grys, Jolanty Pelc, Moniki Pa\u0142ka, Izabeli Szeremeta-Kara\u015b, El\u017cbiety Gierula.<\/p>\n<p>9.\tW miesi\u0105cu styczniu ks. Jacek Puc na Mo\u0142dawii odprawi cz\u0119\u015b\u0107 intencji pogrzebowych za nast\u0119puj\u0105cych zmar\u0142ych: Danuta Bednarz, Zofia Skoczylas, Maksymilian Ciebiera, Pawe\u0142 Huchla, Anna S\u0142owik. Intencje te s\u0105 w gablocie i na parafialnym FB. Rodziny zmar\u0142ych zapraszamy na modlitw\u0119 do naszego ko\u015bcio\u0142a.<\/p>\n<p>10.\tOd dzisiaj w zakrystii rozpoczynamy zapisy na parafialna pielgrzymk\u0119 do Ziemi \u015awi\u0119tej, kt\u00f3ra planowana jest na prze\u0142om czerwca i lipca, koszt ok. 3 tysi\u0119cy z\u0142otych, potrzebny jest paszport.<\/p>\n<p>11.\tProgram  kol\u0119dy na ten tydzie\u0144:<\/p>\n<p>Wtorek 2 stycznia<br \/>\n1) Poselska parzyste od 108 do 20 \u2013 ks. proboszcz od 15.30<br \/>\n2) Herbowa parzyste od 6 do 90 \u2013 ks. Maciek od 15.30<br \/>\n3) Kwiatowa od 15.30 \u2013 ks. Krzysztof<\/p>\n<p>\u015aroda 3 stycznia<br \/>\n1) Poselska nieparzyste od 81 do 1, nast\u0119pnie parzyste od 2 do 14 \u2013 ks. proboszcz od 15.30<br \/>\n2) Herbowa parzyste od 92 do 156 \u2013 ks. Maciek od 15.30<br \/>\n3) Tarnopolska parzyste od 2 do 38, nast\u0119pnie nieparzyste od 73 do 49 \u2013 ks. Krzysztof od 17.00<\/p>\n<p>Czwartek 4 stycznia<br \/>\n1) Herbowa nieparzyste od 7 do 61 \u2013 ks. proboszcz od  15.30<br \/>\n2) Pogodne Wzg\u00f3rze od Herbowej: parzyste od 88 do 46, nast\u0119pnie nieparzyste od 23 do 67, nast\u0119pnie Tarnopolska od Herbowej: 91, 93,107, 109 \u2013 ks. Maciek od 15.30<br \/>\n3) Tarnopolska nieparzyste od 3 do 47 \u2013 ks. Krzysztof od 17.00<\/p>\n<p>OG\u0141OSZENIA DIECEZJALNE<\/p>\n<p>1. Dom Diecezjalny \u201eTabor\u201d zaprasza 2 stycznia 2018 roku na godz. 19.00 na koncert Macieja Miecznikowskiego. B\u0119dzie to czas wys\u0142uchania najpi\u0119kniejszych polskich i \u015bwiatowych kol\u0119d  oraz piosenek zwi\u0105zanych ze \u015bwi\u0119tami Bo\u017cego Narodzenia, a tak\u017ce wsp\u00f3lnego kol\u0119dowania. Bilety w cenie 30 z\u0142 do nabycia w D.D. Tabor od poniedzia\u0142ku do pi\u0105tku w godzinach 8.00-20.00.<\/p>\n<p>2. W Uroczysto\u015b\u0107 Objawienia Pa\u0144skiego,  6 stycznia 2018 r. o odb\u0119dzie si\u0119 Orszak Trzech Kr\u00f3li. Orszak wyruszy z parkingu przy hali na Podpromiu o godz. 12.00, po modlitwie Anio\u0142 Pa\u0144ski, i przejdzie  ulicami miasta do Rynku. Zach\u0119camy wszystkich do w\u0142\u0105czenia si\u0119 w Orszak i do udzia\u0142u we Mszy \u015bw. w swoich parafiach.<\/p>\n<p>3. W sobot\u0119,  6 stycznia 2018 r.  w Uroczysto\u015b\u0107 Objawienia Pa\u0144skiego rocznica konsekracji Ksi\u0119dza Biskupa Kazimierza G\u00f3rnego i Ksi\u0119dza Biskupa Edwarda Bia\u0142og\u0142owskiego. Zach\u0119camy do modlitwy w ich intencji. Msza \u015bw. w Katedrze w intencji Ksi\u0119\u017cy Biskup\u00f3w o godz. 17.00. <\/p>\n","protected":false},"excerpt":{"rendered":"<p>&#8230;<\/p>\n","protected":false},"author":1,"featured_media":0,"comment_status":"closed","ping_status":"open","sticky":false,"template":"","format":"standard","meta":{"ngg_post_thumbnail":0,"footnotes":""},"categories":[14],"tags":[],"class_list":["post-5266","post","type-post","status-publish","format-standard","hentry","category-ogloszenia_duszp"],"_links":{"self":[{"href":"https:\/\/mbsniezna.rzeszow.pl\/index.php\/wp-json\/wp\/v2\/posts\/5266","targetHints":{"allow":["GET"]}}],"collection":[{"href":"https:\/\/mbsniezna.rzeszow.pl\/index.php\/wp-json\/wp\/v2\/posts"}],"about":[{"href":"https:\/\/mbsniezna.rzeszow.pl\/index.php\/wp-json\/wp\/v2\/types\/post"}],"author":[{"embeddable":true,"href":"https:\/\/mbsniezna.rzeszow.pl\/index.php\/wp-json\/wp\/v2\/users\/1"}],"replies":[{"embeddable":true,"href":"https:\/\/mbsniezna.rzeszow.pl\/index.php\/wp-json\/wp\/v2\/comments?post=5266"}],"version-history":[{"count":1,"href":"https:\/\/mbsniezna.rzeszow.pl\/index.php\/wp-json\/wp\/v2\/posts\/5266\/revisions"}],"predecessor-version":[{"id":5267,"href":"https:\/\/mbsniezna.rzeszow.pl\/index.php\/wp-json\/wp\/v2\/posts\/5266\/revisions\/5267"}],"wp:attachment":[{"href":"https:\/\/mbsniezna.rzeszow.pl\/index.php\/wp-json\/wp\/v2\/media?parent=5266"}],"wp:term":[{"taxonomy":"category","embeddable":true,"href":"https:\/\/mbsniezna.rzeszow.pl\/index.php\/wp-json\/wp\/v2\/categories?post=5266"},{"taxonomy":"post_tag","embeddable":true,"href":"https:\/\/mbsniezna.rzeszow.pl\/index.php\/wp-json\/wp\/v2\/tags?post=5266"}],"curies":[{"name":"wp","href":"https:\/\/api.w.org\/{rel}","templated":true}]}}