{"id":531,"date":"2015-10-02T20:52:19","date_gmt":"2015-10-02T18:52:19","guid":{"rendered":"https:\/\/mbsniezna.rzeszow.pl\/?p=531"},"modified":"2015-10-02T20:52:19","modified_gmt":"2015-10-02T18:52:19","slug":"synod-biskupow-o-rodzinie","status":"publish","type":"post","link":"https:\/\/mbsniezna.rzeszow.pl\/index.php\/2015\/10\/02\/synod-biskupow-o-rodzinie\/","title":{"rendered":"Synod Biskup\u00f3w o rodzinie"},"content":{"rendered":"<p>Zwyczajne Zgromadzenie Og\u00f3lne Synodu Biskup\u00f3w obradowa\u0107 b\u0119dzie w dniach 4-25 pa\u017adziernika 2015 r. na temat \u201ePowo\u0142anie i misja rodziny w Ko\u015bciele i \u015bwiecie wsp\u00f3\u0142czesnym\u201d. B\u0119dzie ono kontynuacj\u0105 tegorocznego Nadzwyczajnego Zgromadzenia Synodu w pa\u017adzierniku br., kt\u00f3rego tematem by\u0142y \u201eWyzwania duszpasterskie dla rodziny w kontek\u015bcie nowej ewangelizacji\u201d.<\/p>\n<p>Dokument roboczy (Instrumentum laboris) tegorocznego zgromadzenia zosta\u0142 zredagowany na podstawie odpowiedzi na kwestionariusz do\u0142\u0105czony do dokumentu przygotowawczego (Lineamenta). Powsta\u0142a w ten spos\u00f3b panorama sytuacji rodzin na \u015bwiecie, kt\u00f3ra sta\u0142a si\u0119 podstaw\u0105 do dyskusji na obradach Synodu.<\/p>\n","protected":false},"excerpt":{"rendered":"<p>&#8230;<\/p>\n","protected":false},"author":1,"featured_media":532,"comment_status":"closed","ping_status":"open","sticky":false,"template":"","format":"standard","meta":{"ngg_post_thumbnail":0,"footnotes":""},"categories":[13],"tags":[],"class_list":["post-531","post","type-post","status-publish","format-standard","has-post-thumbnail","hentry","category-newsy"],"_links":{"self":[{"href":"https:\/\/mbsniezna.rzeszow.pl\/index.php\/wp-json\/wp\/v2\/posts\/531","targetHints":{"allow":["GET"]}}],"collection":[{"href":"https:\/\/mbsniezna.rzeszow.pl\/index.php\/wp-json\/wp\/v2\/posts"}],"about":[{"href":"https:\/\/mbsniezna.rzeszow.pl\/index.php\/wp-json\/wp\/v2\/types\/post"}],"author":[{"embeddable":true,"href":"https:\/\/mbsniezna.rzeszow.pl\/index.php\/wp-json\/wp\/v2\/users\/1"}],"replies":[{"embeddable":true,"href":"https:\/\/mbsniezna.rzeszow.pl\/index.php\/wp-json\/wp\/v2\/comments?post=531"}],"version-history":[{"count":1,"href":"https:\/\/mbsniezna.rzeszow.pl\/index.php\/wp-json\/wp\/v2\/posts\/531\/revisions"}],"predecessor-version":[{"id":533,"href":"https:\/\/mbsniezna.rzeszow.pl\/index.php\/wp-json\/wp\/v2\/posts\/531\/revisions\/533"}],"wp:featuredmedia":[{"embeddable":true,"href":"https:\/\/mbsniezna.rzeszow.pl\/index.php\/wp-json\/wp\/v2\/media\/532"}],"wp:attachment":[{"href":"https:\/\/mbsniezna.rzeszow.pl\/index.php\/wp-json\/wp\/v2\/media?parent=531"}],"wp:term":[{"taxonomy":"category","embeddable":true,"href":"https:\/\/mbsniezna.rzeszow.pl\/index.php\/wp-json\/wp\/v2\/categories?post=531"},{"taxonomy":"post_tag","embeddable":true,"href":"https:\/\/mbsniezna.rzeszow.pl\/index.php\/wp-json\/wp\/v2\/tags?post=531"}],"curies":[{"name":"wp","href":"https:\/\/api.w.org\/{rel}","templated":true}]}}