{"id":5317,"date":"2018-03-17T23:14:53","date_gmt":"2018-03-17T22:14:53","guid":{"rendered":"https:\/\/mbsniezna.rzeszow.pl\/?p=5317"},"modified":"2018-03-17T23:14:53","modified_gmt":"2018-03-17T22:14:53","slug":"ogloszenia-v-niedziela-wielkiego-postu-18-03-2018-r","status":"publish","type":"post","link":"https:\/\/mbsniezna.rzeszow.pl\/index.php\/2018\/03\/17\/ogloszenia-v-niedziela-wielkiego-postu-18-03-2018-r\/","title":{"rendered":"Og\u0142oszenia &#8211; V Niedziela Wielkiego Postu, 18.03.2018 r."},"content":{"rendered":"<p>OG\u0141OSZENIA \u2013 V NIEDZIELA WIELKIEGO POSTU<br \/>\n18 MARCA 2018 R.<\/p>\n<p>1.\tDzisiaj rozpoczynamy rekolekcje wielkopostne po\u015bwi\u0119cone rzeczom ostatecznym cz\u0142owieka. Witamy rekolekcjonist\u0119 ks. dra Zbigniewa Kosika. Dzisiaj o 17.00 Gorzkie \u017bale z kazaniem pasyjnym i zbi\u00f3rk\u0105 na kwiaty do Bo\u017cego Grobu \u2013 zapraszamy.<\/p>\n<p>2.\tZapraszamy do udzia\u0142u w rekolekcjach. G\u0142oszone na nich S\u0142owo Bo\u017ce budzi i umacnia wiar\u0119, kszta\u0142tuje chrze\u015bcija\u0144skie obyczaje oraz ma moc u\u015bwi\u0119ci\u0107 i zbawi\u0107 nasze dusze. <\/p>\n<p>3.\tProgram rekolekcji: w poniedzia\u0142ek, wtorek i \u015brod\u0119  Msze \u015bw. z  naukami rekolekcyjnymi b\u0119d\u0105 o 9.00 i 18.00. Kartki z programem s\u0105 wy\u0142o\u017cone na stoliczku. Program jest na stronie parafii i FB.<\/p>\n<p>4.\tWe czwartek  adoracja od 17.15 .<\/p>\n<p>5.\tW pi\u0105tek Droga Krzy\u017cowa w ko\u015bciele o 17.30 i o 20.00 na ulicy Budziwojskiej  na odcinku od ko\u015bcio\u0142a do Domu Kultury \u201eBudziw\u00f3j\u201d i do  ko\u015bcio\u0142a. Nabo\u017ce\u0144stwo zaczynamy w ko\u015bciele i ko\u0144czymy  w ko\u015bciele obrz\u0119dem Komunii \u015bw. Zapraszamy do udzia\u0142u.<\/p>\n<p>6.\tW sobot\u0119 b\u0119dzie nasza parafialna spowied\u017a wielkopostna: o 9.00 nabo\u017ce\u0144stwo pokutne przygotowuj\u0105ce do spowiedzi, w kt\u00f3rym staramy si\u0119 uczestniczy\u0107, spowied\u017a od 9.30 do 12.00  (z przerw\u0105 od 10.30 do 11.00) i po po\u0142udniu od 15.30 do 18.00 (z przerw\u0105 od 16.30 do 17.00). Zach\u0119camy aby w tym dniu skorzysta\u0107 ze spowiedzi, b\u0119dzie ponad 20.00 spowiednik\u00f3w. Przynosimy ksi\u0105\u017ceczk\u0119 do nabo\u017ce\u0144stwa z kt\u00f3rej robimy rachunek sumienia i odprawiamy pokut\u0119. <\/p>\n<p>7.\tW sobot\u0119 te\u017c zaopatrzymy chorych na \u015bwi\u0119ta \u2013 prosimy zg\u0142asza\u0107 od dzi\u015b w zakrystii. O 8.45 Willa Seniora od 9.30 chorzy w domach wed\u0142ug sta\u0142ego porz\u0105dku. Zapisujemy si\u0119 w domach na Komuni\u0119 w Poniedzia\u0142ek Wielkanocny.<\/p>\n<p>8.\tZa tydzie\u0144 Niedziela Palmowa, na ka\u017cdej Mszy po\u015bwi\u0119cenie palm. Na Msz\u0119 \u015bw. o 12.00 zapraszamy z palmami dzieci z naszego przedszkola i wszystkie inne dzieci \u2013 b\u0119dzie procesja z palmami wok\u00f3\u0142 ko\u015bcio\u0142a.<\/p>\n<p>9.\tSpotkania: ministranci i lektorzy w poniedzia\u0142ek o 18.00, kandydaci do bierzmowania klas VII we wtorek o 19.00, schola w sobot\u0119 o 16.30 a m\u0142odzie\u017c o 19.00.<\/p>\n<p>10.\tW przysz\u0142\u0105 niedziel\u0119 prosimy o sk\u0142adk\u0119 na cele inwestycyjne..<\/p>\n<p>11.\tPrzez czas rekolekcji prowadzona b\u0119dzie zbi\u00f3rka s\u0142odyczy dla tych dzieci z Domu Dziecka \u2013 akcja \u201eS\u0142odkie \u015bwi\u0119ta\u201d. Kosz b\u0119dzie wystawiony przy obrazie Jezusa Mi\u0142osiernego.<\/p>\n<p>12.\tB\u00f3g zap\u0142a\u0107 za ofiary na sprz\u0105tanie ko\u015bcio\u0142a, w tym tygodniu z ul. Chmielnej prosimy rodziny: Izabeli Sa\u0142aci\u0144skiej, Moniki Nabo\u017cnej-Kut, Ma\u0142gorzaty Krawczyk, Joanny Moro\u0144czyk, Romana Bo\u017cek, Alicji Sa\u0142aci\u0144skiej, Agnieszki Supranowicz, Marty Eichberger-Pietras, Agnieszki Wac\u0142awek, Bogdana Musia\u0142, Anny Boczar, Beaty Rze\u017anik.<\/p>\n<p>13.\tZapowiedzi: Dominik Rojek-Kamila Garbali\u0144ska, Marek Pier\u015bcieniak \u2013 Edyta Lis, Damian Tarczo\u0144-Monika Fludzi\u0144ska, Maciej Nowak-Edyta Kaczor (zap. II).<br \/>\nREKOLEKCJE WIELKOPOSTNE RZESZ\u00d3W-BUDZIW\u00d3J<br \/>\n\u201eRZECZY OSTATECZNE CZ\u0141OWIEKA\u201d<br \/>\n18-21 marca 2018 r.<\/p>\n<p>CZY MASZ ODWAG\u0118 STAN\u0104\u0106???<\/p>\n<p>1.WOBEC TAJEMNICY U PROGU WIECZNO\u015aCI<br \/>\n\u201eJe\u017celi umarli\u015bmy razem z Chrystusem, z Nim \u017cy\u0107 b\u0119dziemy, bo \u015bmier\u0107 nie ma nad Nim w\u0142adzy\u201d (Rz 6,8) \u2013 \u015amier\u0107 i zmartwychwstanie<br \/>\nNiedziela 18.03. 2018 r.: 6.30 Droga Krzy\u017cowa, Msze \u015bw.: 7.00, 9.00, 10.30, 12.00, 16.00, 18.00; Gorzkie \u017bale o 17.00<\/p>\n<p>2.WOBEC PRAWDY O ODPOWIEDZIALNO\u015aCI<br \/>\n\u201eDla Pana \u0142atw\u0105 jest rzecz\u0105 w dzie\u0144 \u015bmierci odda\u0107 cz\u0142owiekowi wed\u0142ug jego post\u0119powania\u201d (Syr 11, 26) \u2013 S\u0105d jednostkowy i ostateczny<br \/>\nPoniedzia\u0142ek 19.03.2018 r.:  Msza \u015bw. o 9.00 i 18.00<\/p>\n<p>3.WOBEC DRAMATU ODRZUCONEJ MI\u0141O\u015aCI<br \/>\n\u201eLepiej jest jednookim wej\u015b\u0107 do Kr\u00f3lestwa Bo\u017cego ni\u017c z dwojgiem oczu by\u0107 wrzuconym do piek\u0142a, gdzie ogie\u0144 nie ga\u015bnie\u201d (Mk 9, 47-48) \u2013 Piek\u0142o<br \/>\nWtorek 20.03.2018 r.: Msza \u015bw. o 9.00 i 18.00<\/p>\n<p>4.WOBEC BEZMIARU WIECZNEGO SZCZ\u0118\u015aCIA<br \/>\n\u201eAni oko nie widzia\u0142o, ani ucho nie s\u0142ysza\u0142o, ani serce cz\u0142owieka nie zdo\u0142a poj\u0105\u0107, jak wielkie rzeczy przygotowa\u0142 B\u00f3g tym, kt\u00f3rzy go mi\u0142uj\u0105\u201d(1 Kor.1,9) \u2013 Niebo i czy\u015bciec<br \/>\n\u015aroda 21.03.2018 r.: Msze \u015bw. o 9.00 i 18.00<\/p>\n<p>Rekolekcje poprowadzi ks. dr Zbigniew Kosik<\/p>\n<p>DROGA KRZY\u017bOWA ULICAMI OSIEDLA BUDZIW\u00d3J<br \/>\n(na ul. Budziwojskiej od ko\u015bcio\u0142a do Domu Kultury)<\/p>\n<p>W pi\u0105tek 23 kwietnia godz. 20.00 \u2013 rozpocz\u0119cie i zako\u0144czenie w ko\u015bciele<\/p>\n<p>SAKRAMENT SPOWIEDZI<br \/>\nSobota 24 marca<\/p>\n<p>9.00 \u2013 nabo\u017ce\u0144stwo pokutne przygotowuj\u0105ce do spowiedzi<br \/>\n9.30-12.00 \u2013 spowied\u017a (przerwa 10.30-11.00)<br \/>\n15.30- 18.00 \u2013 spowied\u017a (przerwa 16.30- 17.00)<\/p>\n<p>Komunia \u015bw. b\u0119dzie udzielana co 15 min.<br \/>\nB\u0119dzie 20 spowiednik\u00f3w \u2013 nie odk\u0142adajmy spowiedzi<\/p>\n<p>WYJAZD DO CHORYCH<\/p>\n<p>W sobot\u0119 24 marca zaopatrzymy chorych<br \/>\n\u2022\t8.45 \u2013 Willa Seniora<br \/>\n\u2022\t9.30 \u2013 po domach wed\u0142ug sta\u0142ego porz\u0105dku<\/p>\n<p>Chorych nie I- pi\u0105tkowych prosimy zg\u0142asza\u0107 od dzisiaj w zakrystii<br \/>\nKsi\u0119dzu w domach zg\u0142aszamy chorych do Komunii \u015bw. w Poniedzia\u0142ek Wielkanocny<\/p>\n","protected":false},"excerpt":{"rendered":"<p>&#8230;<\/p>\n","protected":false},"author":1,"featured_media":4506,"comment_status":"closed","ping_status":"open","sticky":false,"template":"","format":"standard","meta":{"ngg_post_thumbnail":0,"footnotes":""},"categories":[14],"tags":[],"class_list":["post-5317","post","type-post","status-publish","format-standard","has-post-thumbnail","hentry","category-ogloszenia_duszp"],"_links":{"self":[{"href":"https:\/\/mbsniezna.rzeszow.pl\/index.php\/wp-json\/wp\/v2\/posts\/5317","targetHints":{"allow":["GET"]}}],"collection":[{"href":"https:\/\/mbsniezna.rzeszow.pl\/index.php\/wp-json\/wp\/v2\/posts"}],"about":[{"href":"https:\/\/mbsniezna.rzeszow.pl\/index.php\/wp-json\/wp\/v2\/types\/post"}],"author":[{"embeddable":true,"href":"https:\/\/mbsniezna.rzeszow.pl\/index.php\/wp-json\/wp\/v2\/users\/1"}],"replies":[{"embeddable":true,"href":"https:\/\/mbsniezna.rzeszow.pl\/index.php\/wp-json\/wp\/v2\/comments?post=5317"}],"version-history":[{"count":1,"href":"https:\/\/mbsniezna.rzeszow.pl\/index.php\/wp-json\/wp\/v2\/posts\/5317\/revisions"}],"predecessor-version":[{"id":5318,"href":"https:\/\/mbsniezna.rzeszow.pl\/index.php\/wp-json\/wp\/v2\/posts\/5317\/revisions\/5318"}],"wp:featuredmedia":[{"embeddable":true,"href":"https:\/\/mbsniezna.rzeszow.pl\/index.php\/wp-json\/wp\/v2\/media\/4506"}],"wp:attachment":[{"href":"https:\/\/mbsniezna.rzeszow.pl\/index.php\/wp-json\/wp\/v2\/media?parent=5317"}],"wp:term":[{"taxonomy":"category","embeddable":true,"href":"https:\/\/mbsniezna.rzeszow.pl\/index.php\/wp-json\/wp\/v2\/categories?post=5317"},{"taxonomy":"post_tag","embeddable":true,"href":"https:\/\/mbsniezna.rzeszow.pl\/index.php\/wp-json\/wp\/v2\/tags?post=5317"}],"curies":[{"name":"wp","href":"https:\/\/api.w.org\/{rel}","templated":true}]}}