{"id":5320,"date":"2018-03-24T22:43:30","date_gmt":"2018-03-24T21:43:30","guid":{"rendered":"https:\/\/mbsniezna.rzeszow.pl\/?p=5320"},"modified":"2018-03-24T22:43:30","modified_gmt":"2018-03-24T21:43:30","slug":"intencje-mszalne-26-03-2018-02-04-2018-r","status":"publish","type":"post","link":"https:\/\/mbsniezna.rzeszow.pl\/index.php\/2018\/03\/24\/intencje-mszalne-26-03-2018-02-04-2018-r\/","title":{"rendered":"Intencje mszalne 26.03.2018 \u2013 02.04.2018 r."},"content":{"rendered":"<p><strong>Poniedzia\u0142ek: 26.03<\/strong><\/p>\n<table width=\"0\">\n<tbody>\n<tr>\n<td width=\"76\"><strong>7.00<\/strong><\/td>\n<td width=\"624\">1.&nbsp;&nbsp;&nbsp;&nbsp;&nbsp;&nbsp; + Teresa Szczygie\u0142<\/td>\n<\/tr>\n<tr>\n<td width=\"76\"><strong>18.00<\/strong><\/td>\n<td width=\"624\">1.&nbsp;&nbsp;&nbsp;&nbsp;&nbsp;&nbsp; + Les\u0142aw Matu\u0142a (26)<\/p>\n<p>2.&nbsp;&nbsp;&nbsp;&nbsp;&nbsp;&nbsp; + Wies\u0142aw G\u0142odowski w 9 r. \u015bmierci<\/p>\n<p><em>+ Pawe\u0142 Huchla od rodziny Fic\u00f3w \u2013 Tarnoszyn<\/em><\/p>\n<p><em>+ Eugeniusz Pa\u0142ka od Ireny i Urszuli \u2013 Mo\u0142dawia<\/em><\/td>\n<\/tr>\n<\/tbody>\n<\/table>\n<p><strong>Wtorek: 27.03<\/strong><\/p>\n<table width=\"0\">\n<tbody>\n<tr>\n<td width=\"76\"><strong>7.00<\/strong><\/td>\n<td width=\"624\">1.&nbsp;&nbsp;&nbsp;&nbsp;&nbsp;&nbsp; + Les\u0142aw Matu\u0142a (27)<\/p>\n<p>2.&nbsp;&nbsp;&nbsp;&nbsp;&nbsp;&nbsp; + Pawe\u0142 Ferenc od s\u0105siad\u00f3w Garlak\u00f3w<\/td>\n<\/tr>\n<tr>\n<td width=\"76\"><strong>18.00<\/strong><\/td>\n<td width=\"624\">1.&nbsp;&nbsp;&nbsp;&nbsp;&nbsp;&nbsp; + Stefania G\u0142odowska w 3 r. \u015bmierci<\/p>\n<p>2.&nbsp;&nbsp;&nbsp;&nbsp;&nbsp;&nbsp; + Adam Cag, S\u0142awomir Pa\u015bkiewicz<\/p>\n<p><em>+ Pawe\u0142 Huchla od rodziny Boche\u0144skich \u2013 Tarnoszyn<\/em><\/p>\n<p><em>+ Eugeniusz Pa\u0142ka od Jerzego i Zofii Kalita \u2013 Mo\u0142dawia<\/em><\/td>\n<\/tr>\n<\/tbody>\n<\/table>\n<p><strong>\u015aroda: 28.03<\/strong><\/p>\n<table width=\"0\">\n<tbody>\n<tr>\n<td width=\"76\"><strong>7.00<\/strong><\/td>\n<td width=\"624\">1.&nbsp;&nbsp;&nbsp;&nbsp;&nbsp;&nbsp; + Les\u0142aw Matu\u0142a (28)<\/td>\n<\/tr>\n<tr>\n<td width=\"76\"><strong>18.00<\/strong><\/td>\n<td width=\"624\">1.&nbsp;&nbsp;&nbsp;&nbsp;&nbsp;&nbsp; + J\u00f3zef i Maria Bury oraz zmarli z rodziny<\/p>\n<p>2.&nbsp;&nbsp;&nbsp;&nbsp;&nbsp;&nbsp; + Helena i Stanis\u0142aw Guzik<\/p>\n<p><em>+ Pawe\u0142 Huchla od Renaty Malinowskiej \u2013 Tarnoszyn<\/em><\/p>\n<p><em>+ Eugeniusz Pa\u0142ka od Anny Szetela \u2013 Mo\u0142dawia<\/em><\/td>\n<\/tr>\n<\/tbody>\n<\/table>\n<p><strong>Czwartek: 29.03<\/strong><\/p>\n<table width=\"0\">\n<tbody>\n<tr>\n<td width=\"76\"><strong>18.00<\/strong><\/td>\n<td width=\"624\">1.&nbsp;&nbsp;&nbsp;&nbsp;&nbsp;&nbsp; + Les\u0142aw Matu\u0142a (29)<\/p>\n<p>2.&nbsp;&nbsp;&nbsp;&nbsp;&nbsp;&nbsp; Dzi\u0119kczynna za dar kap\u0142a\u0144stwa i Eucharystii<\/p>\n<p>3.&nbsp;&nbsp;&nbsp;&nbsp;&nbsp;&nbsp; O Bo\u017ce b\u0142ogos\u0142awie\u0144stwo dla s. Miriam<\/p>\n<p><em>+ Pawe\u0142 Huchla od rodziny Stanowskich \u2013 Tarnoszyn<\/em><\/p>\n<p><em>+ Eugeniusz Pa\u0142ka od Ireny i Krzysztofa Cyran z rodzin\u0105 &#8211; Mo\u0142dawia<\/em><\/td>\n<\/tr>\n<\/tbody>\n<\/table>\n<p><strong>Sobota: 31.03<\/strong><\/p>\n<table width=\"0\">\n<tbody>\n<tr>\n<td width=\"76\"><strong>18.00<\/strong><\/td>\n<td width=\"624\">1.&nbsp;&nbsp;&nbsp;&nbsp;&nbsp;&nbsp; + Les\u0142aw Matu\u0142a (30) \u2013 zako\u0144czenie Mszy gregoria\u0144skich<\/p>\n<p>2.&nbsp;&nbsp;&nbsp;&nbsp;&nbsp;&nbsp; + Janina Sitek w 7 rocznic\u0119 \u015bmierci oraz zmarli z rodziny<\/p>\n<p>3.&nbsp;&nbsp;&nbsp;&nbsp;&nbsp;&nbsp; ++ J\u00f3zef Cis\u0142o, J\u00f3zef Kalandyk, J\u00f3zef S\u0142owik, Eugeniusz Kalandyk<\/p>\n<p><em>+ Pawe\u0142 Huchla od rodziny Kukl\u00f3w \u2013 Tarnoszyn<\/em><\/p>\n<p><em>+ Eugeniusz Pa\u0142ka od kolegi Mariana Kaczora z rodzin\u0105 &#8211; Mo\u0142dawia<\/em><\/td>\n<\/tr>\n<\/tbody>\n<\/table>\n<p><strong>NIEDZIELA: 01.04<\/strong><\/p>\n<table width=\"0\">\n<tbody>\n<tr>\n<td width=\"76\"><strong>6.00<\/strong><\/td>\n<td width=\"624\">1.&nbsp;&nbsp;&nbsp;&nbsp;&nbsp;&nbsp; W intencji parafian<\/p>\n<p>2.&nbsp;&nbsp;&nbsp;&nbsp;&nbsp;&nbsp; + Maksymilian Ciebiera (1) \u2013 rozpocz\u0119cie Mszy gregoria\u0144skich<\/p>\n<p>3.&nbsp;&nbsp;&nbsp;&nbsp;&nbsp;&nbsp; + Tadeusz Grzebyk w 23 r. \u015bmierci<\/td>\n<\/tr>\n<tr>\n<td width=\"76\"><strong>9.00<\/strong><\/td>\n<td width=\"624\">1.&nbsp;&nbsp;&nbsp;&nbsp;&nbsp;&nbsp; + J\u00f3zef Mrozek od \u017cony i dzieci<\/td>\n<\/tr>\n<tr>\n<td width=\"76\"><strong>10.30<\/strong><\/td>\n<td width=\"624\">1.&nbsp;&nbsp;&nbsp;&nbsp;&nbsp;&nbsp; + Kazimiera (k) Grzebyk<\/td>\n<\/tr>\n<tr>\n<td width=\"76\"><strong>12.00<\/strong><\/td>\n<td width=\"624\">1.&nbsp;&nbsp;&nbsp;&nbsp;&nbsp;&nbsp; + Stanis\u0142aw i Stanis\u0142awa Konieczkowscy oraz + Zbigniew i Franciszka Bu\u0107<\/p>\n<p>2.&nbsp;&nbsp;&nbsp;&nbsp;&nbsp;&nbsp; + Gra\u017cyna Pa\u015bkiewicz od siostry Ewy<\/p>\n<p><em>+Krystyna Ruszel (1) \u2013 Tarnoszyn<\/em><\/td>\n<\/tr>\n<\/tbody>\n<\/table>\n<p><strong>PONIEDZIA\u0141EK: 02.04<\/strong><\/p>\n<table width=\"0\">\n<tbody>\n<tr>\n<td width=\"76\"><strong>7.00<\/strong><\/td>\n<td width=\"624\">1.&nbsp;&nbsp;&nbsp;&nbsp;&nbsp;&nbsp; + Les\u0142aw Skowron w 4 r. \u015bmierci<\/td>\n<\/tr>\n<tr>\n<td width=\"76\"><strong>9.00<\/strong><\/td>\n<td width=\"624\">1.&nbsp;&nbsp;&nbsp;&nbsp;&nbsp;&nbsp; + Stanis\u0142aw i Maria Szczygie\u0142<\/p>\n<p>2.&nbsp;&nbsp;&nbsp;&nbsp;&nbsp;&nbsp; O Bo\u017ce b\u0142ogos\u0142awie\u0144stwo dla Huberta w 18 urodziny<\/td>\n<\/tr>\n<tr>\n<td width=\"76\"><strong>10.30<\/strong><\/td>\n<td width=\"624\">1.&nbsp;&nbsp;&nbsp;&nbsp;&nbsp;&nbsp; + Jan i Stefania Tabisz<\/p>\n<p>2.&nbsp;&nbsp;&nbsp;&nbsp;&nbsp;&nbsp; + Helena, Marianna, Franciszek Go\u015b oraz + Zofia Kotula<\/td>\n<\/tr>\n<tr>\n<td width=\"76\"><strong>12.00<\/strong><\/td>\n<td width=\"624\">1.&nbsp;&nbsp;&nbsp;&nbsp;&nbsp;&nbsp; Maksymilian Ciebiera (2)<\/p>\n<p><em>+Krystyna Ruszel (2) &#8211; Tarnoszyn&nbsp;&nbsp;&nbsp;&nbsp;&nbsp;&nbsp;&nbsp;&nbsp;&nbsp;&nbsp;&nbsp;&nbsp;&nbsp;&nbsp;&nbsp;&nbsp;&nbsp;&nbsp;&nbsp;&nbsp;&nbsp;&nbsp;&nbsp;&nbsp;&nbsp;&nbsp; <\/em><\/td>\n<\/tr>\n<\/tbody>\n<\/table>\n<p><strong>&nbsp;<\/strong><\/p>\n<p><strong>&nbsp;<\/strong><\/p>\n","protected":false},"excerpt":{"rendered":"<p>&#8230;<\/p>\n","protected":false},"author":1,"featured_media":4411,"comment_status":"closed","ping_status":"open","sticky":false,"template":"","format":"standard","meta":{"ngg_post_thumbnail":0,"footnotes":""},"categories":[4],"tags":[],"class_list":["post-5320","post","type-post","status-publish","format-standard","has-post-thumbnail","hentry","category-intencje"],"_links":{"self":[{"href":"https:\/\/mbsniezna.rzeszow.pl\/index.php\/wp-json\/wp\/v2\/posts\/5320","targetHints":{"allow":["GET"]}}],"collection":[{"href":"https:\/\/mbsniezna.rzeszow.pl\/index.php\/wp-json\/wp\/v2\/posts"}],"about":[{"href":"https:\/\/mbsniezna.rzeszow.pl\/index.php\/wp-json\/wp\/v2\/types\/post"}],"author":[{"embeddable":true,"href":"https:\/\/mbsniezna.rzeszow.pl\/index.php\/wp-json\/wp\/v2\/users\/1"}],"replies":[{"embeddable":true,"href":"https:\/\/mbsniezna.rzeszow.pl\/index.php\/wp-json\/wp\/v2\/comments?post=5320"}],"version-history":[{"count":1,"href":"https:\/\/mbsniezna.rzeszow.pl\/index.php\/wp-json\/wp\/v2\/posts\/5320\/revisions"}],"predecessor-version":[{"id":5321,"href":"https:\/\/mbsniezna.rzeszow.pl\/index.php\/wp-json\/wp\/v2\/posts\/5320\/revisions\/5321"}],"wp:featuredmedia":[{"embeddable":true,"href":"https:\/\/mbsniezna.rzeszow.pl\/index.php\/wp-json\/wp\/v2\/media\/4411"}],"wp:attachment":[{"href":"https:\/\/mbsniezna.rzeszow.pl\/index.php\/wp-json\/wp\/v2\/media?parent=5320"}],"wp:term":[{"taxonomy":"category","embeddable":true,"href":"https:\/\/mbsniezna.rzeszow.pl\/index.php\/wp-json\/wp\/v2\/categories?post=5320"},{"taxonomy":"post_tag","embeddable":true,"href":"https:\/\/mbsniezna.rzeszow.pl\/index.php\/wp-json\/wp\/v2\/tags?post=5320"}],"curies":[{"name":"wp","href":"https:\/\/api.w.org\/{rel}","templated":true}]}}