{"id":5322,"date":"2018-03-24T22:45:09","date_gmt":"2018-03-24T21:45:09","guid":{"rendered":"https:\/\/mbsniezna.rzeszow.pl\/?p=5322"},"modified":"2018-03-24T22:45:09","modified_gmt":"2018-03-24T21:45:09","slug":"ogloszenia-niedziela-palmowa-25-03-2018-r","status":"publish","type":"post","link":"https:\/\/mbsniezna.rzeszow.pl\/index.php\/2018\/03\/24\/ogloszenia-niedziela-palmowa-25-03-2018-r\/","title":{"rendered":"Og\u0142oszenia &#8211; Niedziela Palmowa, 25.03.2018 r."},"content":{"rendered":"<p>OG\u0141OSZENIA \u2013 NIEDZIELA PALMOWA<br \/>\n25 MARCA 2018 R.<\/p>\n<p>1.\tDzisiaj o godz. 17.00 Gorzkie \u017bale z kazaniem pasyjnym.<\/p>\n<p>2.\tW tygodniu Msze \u015bw. o godz. 7.00 i 18.00. W Wielki Poniedzia\u0142ek, Wtorek i \u015arod\u0119 na Mszach wieczornych b\u0119d\u0105 katechezy wprowadzaj\u0105ce w prze\u017cywanie Triduum Paschalnego. Jeste\u015bmy po spowiedzi starajmy si\u0119 przyst\u0119powa\u0107 do Komuni\u0119 \u015bw. <\/p>\n<p>3.\tW poniedzia\u0142ek o 18.00 zbi\u00f3rka wszystkich ministrant\u00f3w i lektor\u00f3w, a we wtorek i \u015brod\u0119 pr\u00f3ba scholii o 17.00, zapraszamy te\u017c schol\u0119 starsz\u0105.<\/p>\n<p>4.\tW \u015brod\u0119 okazja do spowiedzi od godz. 17.00 do 18.00. Nabo\u017ce\u0144stwo do Siedmiu Bole\u015bci Matki Bo\u017cej.<\/p>\n<p>5.\tW Wielki Czwartek rano wyjazd LSO do katedry na Msz\u0119 \u015bw. Krzy\u017cma; Msza \u015awi\u0119ta Wieczerzy Pa\u0144skiej o 18.00, adoracja w ciemnicy do 24.00,  o 21.00 adoracja prowadzona przez m\u0142odzie\u017c; spowied\u017a od 22.00 do 23.00; o 23.00 adoracja rodzin.<\/p>\n<p>6.\tWielki Pi\u0105tek \u2013 adoracja w ciemnicy r\u00f3\u017c r\u00f3\u017ca\u0144cowych od 8.00; spowied\u017a od 8.00 do 9.00; o 15.00 Koronka do Bo\u017cego Mi\u0142osierdzia \u2013 rozpocz\u0119cie Nowenny przed \u015awi\u0119tem Mi\u0142osierdzia \u2013 zapraszamy czcicieli Bo\u017cego Mi\u0142osierdzia; 18.00 Droga Krzy\u017cowa, a po niej Liturgia Wielkopi\u0105tkowa; 20.00 \u2013 24.00  adoracja krzy\u017ca i adoracja Pana Jezusa w Bo\u017cym Grobie; 20.00 Gorzkie \u017bale; 21.00 \u2013 adoracja prowadzona przez m\u0142odzie\u017c; spowied\u017a od 22.00 do 23.00; obowi\u0105zuje post \u015bcis\u0142y.<\/p>\n<p>7.\tWielka Sobota \u2013 adoracja przy Bo\u017cym Grobie od 8.00; od 8.00 do 9.00 spowied\u017a; od 9.00 klasami adoruj\u0105 dzieci z podstaw\u00f3wki i m\u0142odzie\u017c z gimnazjum; po\u015bwi\u0119cenie pokarm\u00f3w w ko\u015bciele co godzina od 9.00 do 13.00; na Przylasku o 10.00, o 10.30 w D\u0119bin\u00f3wce; o 11.00 w Domu Kultury Country; o 15.00 Koronka i nabo\u017ce\u0144stwo do Bo\u017cego Mi\u0142osierdzia; Liturgia Wielkosobotnia o 19.00 \u2013 przynosimy \u015bwiece \u2013 odnowienie przyrzecze\u0144 chrzcielnych; wieczorem adoracji ju\u017c nie b\u0119dzie.<\/p>\n<p>8.\tW Wielk\u0105 Sobot\u0119 po liturgii udamy si\u0119 procesyjnie z zapalonymi zniczami na cmentarz, aby naszym zmar\u0142ym zanie\u015b\u0107 radosn\u0105 nowin\u0119 o zmartwychwstaniu. Prosimy posprz\u0105ta\u0107 groby.<\/p>\n<p>9.\tWielkanoc \u2013 rezurekcja o 6.00, adoruj\u0105 zelatorzy r\u00f3\u017c (id\u0105 ze \u015bwiecami za baldachimem); do obraz\u00f3w prosimy schol\u0119 i panie z ch\u00f3ru; kolejne Msze \u015bw. o 9.00, 10.30, 12.00 \u2013 z Nowenn\u0105 przed \u015awi\u0119tem Mi\u0142osierdzia; po po\u0142udniu Mszy \u015bw. nie b\u0119dzie.<\/p>\n<p>10.\tPoniedzia\u0142ek Wielkanocy \u2013 porz\u0105dek Mszy niedzielny: (7.00 \u2013 z Nowenn\u0105 przed \u015awi\u0119tem Mi\u0142osierdzia, 9.00, 10.30, 12.00) \u2013 po po\u0142udniu Mszy nie b\u0119dzie. Po Mszy \u015bw. o 12.00 szafarze zanios\u0105 Komuni\u0119 \u015bw. do chorych.<\/p>\n<p>11.\tNaszych stra\u017cak\u00f3w prosimy o podj\u0119cie stra\u017cy przy Bo\u017cym Grobie oraz o obs\u0142ug\u0119 procesji na cmentarz i procesji rezurekcyjnej.<\/p>\n<p>12.\tDzi\u0119kujemy za tradycyjny dar wielkoczwartkowy. Za z\u0142o\u017cone ofiary zosta\u0142 zakupiony mosi\u0119\u017cny pulpit pod msza\u0142 (1200 z\u0142.).<\/p>\n<p>13.\tDzi\u0119kujemy za ofiary z\u0142o\u017cone na ciemnic\u0119, Bo\u017cy Gr\u00f3b i kwiaty, a tak\u017ce za s\u0142odycze z\u0142o\u017cone dla dzieci z Domu Dziecka.<\/p>\n<p>14.\tZapowiedzi: Bart\u0142omiej Witek \u2013 Sylwia Kotula, Jakub Dr\u0105\u017cek \u2013 Marta \u017bytko (zap. I); Dominik Rojek-Kamila Garbali\u0144ska, Marek Pier\u015bcieniak \u2013 Edyta Lis, Damian Tarczo\u0144-Monika Fludzi\u0144ska, Maciej Nowak-Edyta Kaczor (zap. III).<\/p>\n<p>15.\tB\u00f3g zap\u0142a\u0107 za ofiary na sprz\u0105tanie ko\u015bcio\u0142a. W tym tygodniu z ul. Chmielnej prosimy rodziny: Arity Mas\u0142owskiej, Ewy Kruk, Marzeny Pichla, Katarzyny Dziki, Agnieszki Chamik, Marty Oliwa, Anety Rug, Wandy Szewczyk , Anny Pasternakiewicz, Doroty Nowosiad\u0142o.<\/p>\n<p>16.\tW sobot\u0119 7 kwietnia o godz. 10.00 w budynku przedszkola odb\u0119dzie si\u0119 spotkanie organizacyjne dla  wyje\u017cdzaj\u0105cych na pielgrzymk\u0119 do Ziemi \u015awi\u0119tej. Na spotkaniu nale\u017cy ostatecznie potwierdzi\u0107 sw\u00f3j wyjazd, a tak\u017ce wp\u0142aci\u0107 zaliczk\u0119 wysoko\u015bci 950 z\u0142. Prosimy te\u017c o przyniesienie paszport\u00f3w.<\/p>\n<p>17.\tZ wyprzedzeniem podajemy terminy spotka\u0144 dla rodzic\u00f3w dzieci komunijnych: kl. IIIa \u2013 poniedzia\u0142ek 16 kwietnia, kl. IIIb \u2013 wtorek 17 kwietnia, kl. IIIc \u2013 \u015broda 18 kwietnia. Spotkania b\u0119d\u0105 o 18.45 w salce pod ko\u015bcio\u0142em.<\/p>\n<p>18.\tDok\u0142adny program Triduum Paschalnego jest wy\u0142o\u017cony na stoliczku za \u0142awkami oraz jest zamieszczony na stronie parafialnej i na parafialnym FB.<\/p>\n<p>19.\t Wczoraj ks. bp Jan W\u0105troba ustanowi\u0142 kilkudziesi\u0119ciu nowych nadzwyczajnych szafarzy Komunii \u015bw. W\u015br\u00f3d nich s\u0105 dwaj nasi parafianie, a mianowicie panowie Bogus\u0142aw Nowosiad\u0142o i Dariusz Cupry\u015b. Gratulujemy pomy\u015blnego zako\u0144czenia przygotowania i \u017cyczymy du\u017co rado\u015bci z pos\u0142ugiwania. \u0141\u0105cznie w naszej parafii pos\u0142uguje ju\u017c 7 szafarzy.<\/p>\n<p>20.\tNa stoliczku za \u0142awkami jest nowy numer darmowej gazety \u201eDobre nowiny\u201d (200 sztuk). Zapraszamy do lektury<\/p>\n","protected":false},"excerpt":{"rendered":"<p>&#8230;<\/p>\n","protected":false},"author":1,"featured_media":4336,"comment_status":"closed","ping_status":"open","sticky":false,"template":"","format":"standard","meta":{"ngg_post_thumbnail":0,"footnotes":""},"categories":[14],"tags":[],"class_list":["post-5322","post","type-post","status-publish","format-standard","has-post-thumbnail","hentry","category-ogloszenia_duszp"],"_links":{"self":[{"href":"https:\/\/mbsniezna.rzeszow.pl\/index.php\/wp-json\/wp\/v2\/posts\/5322","targetHints":{"allow":["GET"]}}],"collection":[{"href":"https:\/\/mbsniezna.rzeszow.pl\/index.php\/wp-json\/wp\/v2\/posts"}],"about":[{"href":"https:\/\/mbsniezna.rzeszow.pl\/index.php\/wp-json\/wp\/v2\/types\/post"}],"author":[{"embeddable":true,"href":"https:\/\/mbsniezna.rzeszow.pl\/index.php\/wp-json\/wp\/v2\/users\/1"}],"replies":[{"embeddable":true,"href":"https:\/\/mbsniezna.rzeszow.pl\/index.php\/wp-json\/wp\/v2\/comments?post=5322"}],"version-history":[{"count":1,"href":"https:\/\/mbsniezna.rzeszow.pl\/index.php\/wp-json\/wp\/v2\/posts\/5322\/revisions"}],"predecessor-version":[{"id":5323,"href":"https:\/\/mbsniezna.rzeszow.pl\/index.php\/wp-json\/wp\/v2\/posts\/5322\/revisions\/5323"}],"wp:featuredmedia":[{"embeddable":true,"href":"https:\/\/mbsniezna.rzeszow.pl\/index.php\/wp-json\/wp\/v2\/media\/4336"}],"wp:attachment":[{"href":"https:\/\/mbsniezna.rzeszow.pl\/index.php\/wp-json\/wp\/v2\/media?parent=5322"}],"wp:term":[{"taxonomy":"category","embeddable":true,"href":"https:\/\/mbsniezna.rzeszow.pl\/index.php\/wp-json\/wp\/v2\/categories?post=5322"},{"taxonomy":"post_tag","embeddable":true,"href":"https:\/\/mbsniezna.rzeszow.pl\/index.php\/wp-json\/wp\/v2\/tags?post=5322"}],"curies":[{"name":"wp","href":"https:\/\/api.w.org\/{rel}","templated":true}]}}